{"id":23796,"date":"2009-03-19T06:40:34","date_gmt":"2009-03-19T05:40:34","guid":{"rendered":"http:\/\/www.schoene-nachrichten.de\/?p=23796"},"modified":"2009-03-19T07:20:41","modified_gmt":"2009-03-19T06:20:41","slug":"froehliche-osterbaeckerei-fuer-kinder-gwv-laedt-ein","status":"publish","type":"post","link":"https:\/\/www.fuldaernachrichten.de\/?p=23796","title":{"rendered":"Fr\u00f6hliche Osterb\u00e4ckerei f\u00fcr Kinder &#8211; GWV l\u00e4dt ein"},"content":{"rendered":"<p><a href=\"http:\/\/www.schoene-nachrichten.de\/wp-content\/uploads\/2009\/03\/kinder-backen.jpg\"><img decoding=\"async\" class=\"alignnone size-thumbnail wp-image-23798\" title=\"GWV Fulda\" src=\"http:\/\/www.schoene-nachrichten.de\/wp-content\/uploads\/2009\/03\/kinder-backen-265x172.jpg\" alt=\"GWV Fulda\" hspace=\"5\" width=\"265\" height=\"172\" align=\"left\" srcset=\"https:\/\/www.fuldaernachrichten.de\/wp-content\/uploads\/2009\/03\/kinder-backen-265x172.jpg 265w, https:\/\/www.fuldaernachrichten.de\/wp-content\/uploads\/2009\/03\/kinder-backen.jpg 600w\" sizes=\"(max-width: 265px) 100vw, 265px\" \/><\/a><strong>Fulda. <\/strong>Unter dem Motto \u201eKinder helfen dem Osterhasen\u201c l\u00e4dt die Gas- und Wasserversorgung Fulda GmbH (GWV) Kinder im Alter von f\u00fcnf bis acht Jahren zum fr\u00f6hlichen Osterbacken mit Erdgas in die Rangstra\u00dfe 10 ein. Am 6. April k\u00f6nnen die Kids unter Anleitung der erfahrenen Kursleiterin Elvira Hohmann eigenh\u00e4ndig s\u00fc\u00dfes Ostergeb\u00e4ck herstellen. W\u00e4hrend die s\u00fc\u00dfen Leckereien dann im Erdgasherd backen, wird gemeinsam gebastelt. <!--more--><\/p>\n<p><strong>Sparen mit Gas<\/strong><\/p>\n<p>Der Gasherd mit offener Flamme kennt keine W\u00e4rmeverluste, auch kein \u00fcberfl\u00fcssiges Nachheizen der Kochstelle. Einfach das Erdgas abschalten \u2013 das spart Zeit, Energie und Geld.<\/p>\n<p>Angeboten werden am 6. 4. zwei Kinderbackkurse: von 9.30 bis 12.30 Uhr sowie von 14.30 bis 17.30 Uhr. Zutaten und Bastelzubeh\u00f6r stellt die GWV, ebenso f\u00fcr jeden Junior-B\u00e4cker eine Sch\u00fcrze und Kochm\u00fctze zum Mitnehmen. Die Teilnehmerzahl ist auf 12 Kinder pro Kurs begrenzt. Da empfiehlt sich eine rasche Voranmeldung unter (0661) 299 196 (Frau Veldung).<\/p>\n","protected":false},"excerpt":{"rendered":"<div class=\"tmnf_excerpt\"><p>Fulda. Unter dem Motto \u201eKinder helfen dem Osterhasen\u201c l\u00e4dt die Gas- und Wasserversorgung Fulda GmbH (GWV) Kinder im Alter von f\u00fcnf bis acht Jahren zum fr\u00f6hlichen Osterbacken mit Erdgas in die Rangstra\u00dfe 10 ein. Am 6. April k\u00f6nnen die Kids unter Anleitung der erfahrenen Kursleiterin Elvira Hohmann eigenh\u00e4ndig s\u00fc\u00dfes Ostergeb\u00e4ck herstellen. W\u00e4hrend die s\u00fc\u00dfen Leckereien &hellip;<\/p>\n<\/div>","protected":false},"author":1,"featured_media":0,"comment_status":"closed","ping_status":"closed","sticky":false,"template":"","format":"standard","meta":{"footnotes":""},"categories":[1,37,72,29],"tags":[],"class_list":["post-23796","post","type-post","status-publish","format-standard","hentry","category-startseite","category-essen-und-trinken","category-jugend","category-politik"],"_links":{"self":[{"href":"https:\/\/www.fuldaernachrichten.de\/index.php?rest_route=\/wp\/v2\/posts\/23796","targetHints":{"allow":["GET"]}}],"collection":[{"href":"https:\/\/www.fuldaernachrichten.de\/index.php?rest_route=\/wp\/v2\/posts"}],"about":[{"href":"https:\/\/www.fuldaernachrichten.de\/index.php?rest_route=\/wp\/v2\/types\/post"}],"author":[{"embeddable":true,"href":"https:\/\/www.fuldaernachrichten.de\/index.php?rest_route=\/wp\/v2\/users\/1"}],"replies":[{"embeddable":true,"href":"https:\/\/www.fuldaernachrichten.de\/index.php?rest_route=%2Fwp%2Fv2%2Fcomments&post=23796"}],"version-history":[{"count":5,"href":"https:\/\/www.fuldaernachrichten.de\/index.php?rest_route=\/wp\/v2\/posts\/23796\/revisions"}],"predecessor-version":[{"id":23886,"href":"https:\/\/www.fuldaernachrichten.de\/index.php?rest_route=\/wp\/v2\/posts\/23796\/revisions\/23886"}],"wp:attachment":[{"href":"https:\/\/www.fuldaernachrichten.de\/index.php?rest_route=%2Fwp%2Fv2%2Fmedia&parent=23796"}],"wp:term":[{"taxonomy":"category","embeddable":true,"href":"https:\/\/www.fuldaernachrichten.de\/index.php?rest_route=%2Fwp%2Fv2%2Fcategories&post=23796"},{"taxonomy":"post_tag","embeddable":true,"href":"https:\/\/www.fuldaernachrichten.de\/index.php?rest_route=%2Fwp%2Fv2%2Ftags&post=23796"}],"curies":[{"name":"wp","href":"https:\/\/api.w.org\/{rel}","templated":true}]}}