{"id":23742,"date":"2009-03-20T06:20:46","date_gmt":"2009-03-20T05:20:46","guid":{"rendered":"http:\/\/www.schoene-nachrichten.de\/?p=23742"},"modified":"2009-03-19T07:21:37","modified_gmt":"2009-03-19T06:21:37","slug":"frische-forellen-auf-dem-huenfelder-wochenmarkt","status":"publish","type":"post","link":"https:\/\/www.fuldaernachrichten.de\/?p=23742","title":{"rendered":"Frische Forellen auf dem H\u00fcnfelder Wochenmarkt"},"content":{"rendered":"<p><strong>H\u00fcnfeld.<\/strong> Der Angelsportverein Praforst bietet am Freitag, 27. M\u00e4rz, auf dem H\u00fcnfelder Wochenmarkt Forellen an. Die Forellen werden direkt auf dem Markt in einem R\u00e4ucherofen frisch zubereitet. Sie stammen aus heimischen Gew\u00e4ssern.<\/p>\n","protected":false},"excerpt":{"rendered":"<div class=\"tmnf_excerpt\"><p>H\u00fcnfeld. Der Angelsportverein Praforst bietet am Freitag, 27. M\u00e4rz, auf dem H\u00fcnfelder Wochenmarkt Forellen an. Die Forellen werden direkt auf dem Markt in einem R\u00e4ucherofen frisch zubereitet. Sie stammen aus heimischen Gew\u00e4ssern.<\/p>\n<\/div>","protected":false},"author":1,"featured_media":0,"comment_status":"closed","ping_status":"closed","sticky":false,"template":"","format":"standard","meta":{"footnotes":""},"categories":[1,37],"tags":[],"class_list":["post-23742","post","type-post","status-publish","format-standard","hentry","category-startseite","category-essen-und-trinken"],"_links":{"self":[{"href":"https:\/\/www.fuldaernachrichten.de\/index.php?rest_route=\/wp\/v2\/posts\/23742","targetHints":{"allow":["GET"]}}],"collection":[{"href":"https:\/\/www.fuldaernachrichten.de\/index.php?rest_route=\/wp\/v2\/posts"}],"about":[{"href":"https:\/\/www.fuldaernachrichten.de\/index.php?rest_route=\/wp\/v2\/types\/post"}],"author":[{"embeddable":true,"href":"https:\/\/www.fuldaernachrichten.de\/index.php?rest_route=\/wp\/v2\/users\/1"}],"replies":[{"embeddable":true,"href":"https:\/\/www.fuldaernachrichten.de\/index.php?rest_route=%2Fwp%2Fv2%2Fcomments&post=23742"}],"version-history":[{"count":2,"href":"https:\/\/www.fuldaernachrichten.de\/index.php?rest_route=\/wp\/v2\/posts\/23742\/revisions"}],"predecessor-version":[{"id":23888,"href":"https:\/\/www.fuldaernachrichten.de\/index.php?rest_route=\/wp\/v2\/posts\/23742\/revisions\/23888"}],"wp:attachment":[{"href":"https:\/\/www.fuldaernachrichten.de\/index.php?rest_route=%2Fwp%2Fv2%2Fmedia&parent=23742"}],"wp:term":[{"taxonomy":"category","embeddable":true,"href":"https:\/\/www.fuldaernachrichten.de\/index.php?rest_route=%2Fwp%2Fv2%2Fcategories&post=23742"},{"taxonomy":"post_tag","embeddable":true,"href":"https:\/\/www.fuldaernachrichten.de\/index.php?rest_route=%2Fwp%2Fv2%2Ftags&post=23742"}],"curies":[{"name":"wp","href":"https:\/\/api.w.org\/{rel}","templated":true}]}}