{"id":235,"date":"2006-12-04T22:37:24","date_gmt":"2006-12-04T21:37:24","guid":{"rendered":"http:\/\/www.schoene-nachrichten.de\/?p=235"},"modified":"2006-12-04T22:37:24","modified_gmt":"2006-12-04T21:37:24","slug":"modernisiertes-kasewerk-in-hunfeld-eroffnet","status":"publish","type":"post","link":"https:\/\/www.fuldaernachrichten.de\/?p=235","title":{"rendered":"Modernisiertes K\u00e4sewerk in H\u00fcnfeld er\u00f6ffnet"},"content":{"rendered":"<p><strong>Sch\u00f6nes aus H\u00fcnfeld.<\/strong> In H\u00fcnfeld wurde heute das modernisierte K\u00e4sewerk feierlich eingeweiht. Im Jahr 2005 hatte sich die Molkerei in H\u00fcnfeld mit der rheinland-pf\u00e4lzischen Milcherzeugergenossenschaft Erbeskopf-Eifelperle eG zusammengeschlossen. In den letzten Monaten wurde das vorhandene Betriebsgel\u00e4nde erweitert, die Verpackungs- und K\u00fchlhalle ausgebaut. Die heutige Wiedereinweihung wertete Landwirtschaftsminister Wilhelm Dietzel als ein \u201egutes Beispiel, wie sich ein erfolgreicher Zusammenschluss positiv auswirken kann.\u201c<\/p>\n<p>\u00c2\u00a0<\/p>\n<p><!--more--><\/p>\n<p>Er sieht in der neuen Anlage eine Chance f\u00fcr die heimische Landwirtschaft. \u201eHier sind die Zusch\u00fcsse aus der EU, Deutschland und Hessen in H\u00f6he von 979.626 Euro, davon 130.617 Euro hessische Landesmittel, gut angelegt\u201c, so der Minister.<\/p>\n<p>\u00c2\u00a0<\/p>\n<p>Das operative Gesch\u00e4ft der Verarbeitung und Vermarktung in H\u00fcnfeld wird durch das Tochterunternehmen der Erbeskopf-Eifelperle eG, die Hochwald-Nahrungsmittelwerke GmbH, durchgef\u00fchrt, ein Unternehmen mit einer Jahresmilchmenge von 1,8 Milliarden Kilogramm Milch und einem Umsatz von 1 Milliarde Euro.<\/p>\n","protected":false},"excerpt":{"rendered":"<div class=\"tmnf_excerpt\"><p>Sch\u00f6nes aus H\u00fcnfeld. In H\u00fcnfeld wurde heute das modernisierte K\u00e4sewerk feierlich eingeweiht. Im Jahr 2005 hatte sich die Molkerei in H\u00fcnfeld mit der rheinland-pf\u00e4lzischen Milcherzeugergenossenschaft Erbeskopf-Eifelperle eG zusammengeschlossen. In den letzten Monaten wurde das vorhandene Betriebsgel\u00e4nde erweitert, die Verpackungs- und K\u00fchlhalle ausgebaut. Die heutige Wiedereinweihung wertete Landwirtschaftsminister Wilhelm Dietzel als ein \u201egutes Beispiel, wie sich &hellip;<\/p>\n<\/div>","protected":false},"author":1,"featured_media":0,"comment_status":"closed","ping_status":"closed","sticky":false,"template":"","format":"standard","meta":{"footnotes":""},"categories":[1],"tags":[],"class_list":["post-235","post","type-post","status-publish","format-standard","hentry","category-startseite"],"_links":{"self":[{"href":"https:\/\/www.fuldaernachrichten.de\/index.php?rest_route=\/wp\/v2\/posts\/235","targetHints":{"allow":["GET"]}}],"collection":[{"href":"https:\/\/www.fuldaernachrichten.de\/index.php?rest_route=\/wp\/v2\/posts"}],"about":[{"href":"https:\/\/www.fuldaernachrichten.de\/index.php?rest_route=\/wp\/v2\/types\/post"}],"author":[{"embeddable":true,"href":"https:\/\/www.fuldaernachrichten.de\/index.php?rest_route=\/wp\/v2\/users\/1"}],"replies":[{"embeddable":true,"href":"https:\/\/www.fuldaernachrichten.de\/index.php?rest_route=%2Fwp%2Fv2%2Fcomments&post=235"}],"version-history":[{"count":0,"href":"https:\/\/www.fuldaernachrichten.de\/index.php?rest_route=\/wp\/v2\/posts\/235\/revisions"}],"wp:attachment":[{"href":"https:\/\/www.fuldaernachrichten.de\/index.php?rest_route=%2Fwp%2Fv2%2Fmedia&parent=235"}],"wp:term":[{"taxonomy":"category","embeddable":true,"href":"https:\/\/www.fuldaernachrichten.de\/index.php?rest_route=%2Fwp%2Fv2%2Fcategories&post=235"},{"taxonomy":"post_tag","embeddable":true,"href":"https:\/\/www.fuldaernachrichten.de\/index.php?rest_route=%2Fwp%2Fv2%2Ftags&post=235"}],"curies":[{"name":"wp","href":"https:\/\/api.w.org\/{rel}","templated":true}]}}