{"id":234,"date":"2006-12-05T00:01:59","date_gmt":"2006-12-04T23:01:59","guid":{"rendered":"http:\/\/www.schoene-nachrichten.de\/?p=234"},"modified":"2006-12-05T00:01:43","modified_gmt":"2006-12-04T23:01:43","slug":"neuer-partner-fur-palliativnetz-osthessen-techniker-krankenkasse-im-boot","status":"publish","type":"post","link":"https:\/\/www.fuldaernachrichten.de\/?p=234","title":{"rendered":"Neuer Partner f\u00fcr PalliativNetz Osthessen &#8211; Techniker Krankenkasse im Boot"},"content":{"rendered":"<p><strong>Sch\u00f6nes aus Fulda.<\/strong> Die Mitglieder des PalliativNetz Osthessen haben doppelten Grund zur Freude: Zum einen \u00fcbersteigen die aktuellen positiven Entwicklungen die anf\u00e4nglichen Erwartungen, zum anderen ist seit dem 1. Dezember 2006 auch die Techniker Krankenkasse als Vertragspartner mit im Boot. Das berichtete Thomas Sitte, Palliativmediziner und Mitbegr\u00fcnder des Netzwerkes. Bis dato konnten nur BKK-Versicherte das Versorgungsangebot f\u00fcr Schwerstkranke nutzen. Sitte hofft nun, dass in naher Zukunft auch Vertr\u00e4ge mit weiteren Kostentr\u00e4gern geschlossen werden k\u00f6nnen.<\/p>\n","protected":false},"excerpt":{"rendered":"<div class=\"tmnf_excerpt\"><p>Sch\u00f6nes aus Fulda. Die Mitglieder des PalliativNetz Osthessen haben doppelten Grund zur Freude: Zum einen \u00fcbersteigen die aktuellen positiven Entwicklungen die anf\u00e4nglichen Erwartungen, zum anderen ist seit dem 1. Dezember 2006 auch die Techniker Krankenkasse als Vertragspartner mit im Boot. Das berichtete Thomas Sitte, Palliativmediziner und Mitbegr\u00fcnder des Netzwerkes. Bis dato konnten nur BKK-Versicherte das &hellip;<\/p>\n<\/div>","protected":false},"author":1,"featured_media":0,"comment_status":"closed","ping_status":"closed","sticky":false,"template":"","format":"standard","meta":{"footnotes":""},"categories":[1],"tags":[],"class_list":["post-234","post","type-post","status-publish","format-standard","hentry","category-startseite"],"_links":{"self":[{"href":"https:\/\/www.fuldaernachrichten.de\/index.php?rest_route=\/wp\/v2\/posts\/234","targetHints":{"allow":["GET"]}}],"collection":[{"href":"https:\/\/www.fuldaernachrichten.de\/index.php?rest_route=\/wp\/v2\/posts"}],"about":[{"href":"https:\/\/www.fuldaernachrichten.de\/index.php?rest_route=\/wp\/v2\/types\/post"}],"author":[{"embeddable":true,"href":"https:\/\/www.fuldaernachrichten.de\/index.php?rest_route=\/wp\/v2\/users\/1"}],"replies":[{"embeddable":true,"href":"https:\/\/www.fuldaernachrichten.de\/index.php?rest_route=%2Fwp%2Fv2%2Fcomments&post=234"}],"version-history":[{"count":0,"href":"https:\/\/www.fuldaernachrichten.de\/index.php?rest_route=\/wp\/v2\/posts\/234\/revisions"}],"wp:attachment":[{"href":"https:\/\/www.fuldaernachrichten.de\/index.php?rest_route=%2Fwp%2Fv2%2Fmedia&parent=234"}],"wp:term":[{"taxonomy":"category","embeddable":true,"href":"https:\/\/www.fuldaernachrichten.de\/index.php?rest_route=%2Fwp%2Fv2%2Fcategories&post=234"},{"taxonomy":"post_tag","embeddable":true,"href":"https:\/\/www.fuldaernachrichten.de\/index.php?rest_route=%2Fwp%2Fv2%2Ftags&post=234"}],"curies":[{"name":"wp","href":"https:\/\/api.w.org\/{rel}","templated":true}]}}