{"id":2310,"date":"2007-03-25T00:34:06","date_gmt":"2007-03-24T23:34:06","guid":{"rendered":"http:\/\/www.schoene-nachrichten.de\/?p=2310"},"modified":"2007-03-26T23:38:34","modified_gmt":"2007-03-26T22:38:34","slug":"schueler-kochen-regionales-siegerehrung-im-kolpinghaus","status":"publish","type":"post","link":"https:\/\/www.fuldaernachrichten.de\/?p=2310","title":{"rendered":"\u201eSch\u00fcler kochen Regionales\u201c &#8211; Siegerehrung im Kolpinghaus"},"content":{"rendered":"<p><strong>Sch\u00f6nes aus Fulda.<\/strong> \u201eSch\u00fcler kochen Regionales\u201c hie\u00df der Wettbewerb, zu dem die Interessengemeinschaft f\u00fcr gesunde Lebensmittel (IG F\u00fcr) im vergangenen Jahr aufgerufen hatte. Zehn Schulklassen aus Fulda und der Region hatten sich gemeldet und\u00c2\u00a0Anfang M\u00e4rz in der Eduard-Stieler Schule mit selbst kreierten Men\u00fcs eine kritischen Jury beeindruckt. Am Samstag fand im Kolpinghaus die Siegerehrung statt.<\/p>\n<p><strong>Fotos (21):<\/strong> Alexander Mengel<\/p>\n<p><a rel=\"lightbox[roadtrip]\" target=\"_blank\" href=\"http:\/\/www.schoene-nachrichten.de\/wp-content\/uploads\/2007\/03\/070325_Koch_21.jpg\" title=\"Foto: Max Colin Heydenreich\"><img decoding=\"async\" width=\"128\" src=\"http:\/\/www.schoene-nachrichten.de\/wp-content\/uploads\/2007\/03\/070325_Koch_21.thumbnail.jpg\" alt=\"070325_Koch_21.jpg\" height=\"85\" \/><\/a>\u00c2\u00a0<a rel=\"lightbox[roadtrip]\" target=\"_blank\" href=\"http:\/\/www.schoene-nachrichten.de\/wp-content\/uploads\/2007\/03\/070325_Koch_11.jpg\" title=\"Foto: Max Colin Heydenreich\"><img decoding=\"async\" width=\"128\" src=\"http:\/\/www.schoene-nachrichten.de\/wp-content\/uploads\/2007\/03\/070325_Koch_11.thumbnail.jpg\" alt=\"070325_Koch_11.jpg\" height=\"85\" \/><\/a> <a rel=\"lightbox[roadtrip]\" target=\"_blank\" href=\"http:\/\/www.schoene-nachrichten.de\/wp-content\/uploads\/2007\/03\/070325_Koch_07.jpg\" title=\"Foto: Max Colin Heydenreich\"><img decoding=\"async\" width=\"128\" src=\"http:\/\/www.schoene-nachrichten.de\/wp-content\/uploads\/2007\/03\/070325_Koch_07.thumbnail.jpg\" alt=\"070325_Koch_07.jpg\" height=\"85\" \/><\/a><\/p>\n<p><!--more-->Und da schaute sogar ein Promi vorbei: Schauspielerin und Moderatorin Shari Reeves, die Schirmherrin dieser Veranstaltung war, \u00fcberreichte die Siegerurkunden an alle Sch\u00fcler. Verlierer gab es also nicht \u2013 nur strahlende Gesichter und attraktive Preise. Die Sch\u00fcler der Wernher-von-Braun-Schule Neuhof gewannen eine Trainingsstunde mit Radprofi Patrick Sinkewitz. Einen Kochschnupperkurs mit Tegut-Bankett gewannen die K\u00f6che der L\u00fcdertalschule und Friedrich-von-Bodelschwingh-Schule Gro\u00dfenl\u00fcder. Die Sch\u00fcler der Realschule Herrmann Fulda freuen sich auf ein Training mit dem TTC Rh\u00f6n-Sprudel Maberzell. Einen Schnuppertanzkurs in der Tanzschule Holodeck gewannen die Sch\u00fcler der Winfriedschule Fulda und an die Nachwuchsk\u00f6che der Pestalozzischule Fulda ging ein Wassergymnastik-Kurs bei Aquafit Petersberg.<br \/>\n<a rel=\"lightbox[roadtrip]\" target=\"_blank\" href=\"http:\/\/www.schoene-nachrichten.de\/wp-content\/uploads\/2007\/03\/070325_Koch_18.jpg\" title=\"Foto: Max Colin Heydenreich\"><br \/>\n<img loading=\"lazy\" decoding=\"async\" width=\"128\" src=\"http:\/\/www.schoene-nachrichten.de\/wp-content\/uploads\/2007\/03\/070325_Koch_18.thumbnail.jpg\" alt=\"070325_Koch_18.jpg\" height=\"85\" \/><\/a> <a rel=\"lightbox[roadtrip]\" target=\"_blank\" href=\"http:\/\/www.schoene-nachrichten.de\/wp-content\/uploads\/2007\/03\/070325_Koch_17.jpg\" title=\"Foto: Max Colin Heydenreich\"><img loading=\"lazy\" decoding=\"async\" width=\"128\" src=\"http:\/\/www.schoene-nachrichten.de\/wp-content\/uploads\/2007\/03\/070325_Koch_17.thumbnail.jpg\" alt=\"070325_Koch_17.jpg\" height=\"85\" \/><\/a> <a rel=\"lightbox[roadtrip]\" target=\"_blank\" href=\"http:\/\/www.schoene-nachrichten.de\/wp-content\/uploads\/2007\/03\/070325_Koch_16.jpg\" title=\"Foto: Max Colin Heydenreich\"><img loading=\"lazy\" decoding=\"async\" width=\"128\" src=\"http:\/\/www.schoene-nachrichten.de\/wp-content\/uploads\/2007\/03\/070325_Koch_16.thumbnail.jpg\" alt=\"070325_Koch_16.jpg\" height=\"85\" \/><\/a><br \/>\n<a rel=\"lightbox[roadtrip]\" target=\"_blank\" href=\"http:\/\/www.schoene-nachrichten.de\/wp-content\/uploads\/2007\/03\/070325_Koch_15.jpg\" title=\"Foto: Max Colin Heydenreich\"><br \/>\n<img loading=\"lazy\" decoding=\"async\" width=\"128\" src=\"http:\/\/www.schoene-nachrichten.de\/wp-content\/uploads\/2007\/03\/070325_Koch_15.thumbnail.jpg\" alt=\"070325_Koch_15.jpg\" height=\"85\" \/><\/a> <a rel=\"lightbox[roadtrip]\" target=\"_blank\" href=\"http:\/\/www.schoene-nachrichten.de\/wp-content\/uploads\/2007\/03\/070325_Koch_14.jpg\" title=\"Foto: Max Colin Heydenreich\"><img loading=\"lazy\" decoding=\"async\" width=\"128\" src=\"http:\/\/www.schoene-nachrichten.de\/wp-content\/uploads\/2007\/03\/070325_Koch_14.thumbnail.jpg\" alt=\"070325_Koch_14.jpg\" height=\"85\" \/><\/a> <a rel=\"lightbox[roadtrip]\" target=\"_blank\" href=\"http:\/\/www.schoene-nachrichten.de\/wp-content\/uploads\/2007\/03\/070325_Koch_13.jpg\" title=\"Foto: Max Colin Heydenreich\"><img loading=\"lazy\" decoding=\"async\" width=\"128\" src=\"http:\/\/www.schoene-nachrichten.de\/wp-content\/uploads\/2007\/03\/070325_Koch_13.thumbnail.jpg\" alt=\"070325_Koch_13.jpg\" height=\"85\" \/><\/a><br \/>\n<a rel=\"lightbox[roadtrip]\" target=\"_blank\" href=\"http:\/\/www.schoene-nachrichten.de\/wp-content\/uploads\/2007\/03\/070325_Koch_12.jpg\" title=\"Foto: Max Colin Heydenreich\"><br \/>\n<img loading=\"lazy\" decoding=\"async\" width=\"128\" src=\"http:\/\/www.schoene-nachrichten.de\/wp-content\/uploads\/2007\/03\/070325_Koch_12.thumbnail.jpg\" alt=\"070325_Koch_12.jpg\" height=\"85\" \/><\/a>\u00c2\u00a0<a rel=\"lightbox[roadtrip]\" target=\"_blank\" href=\"http:\/\/www.schoene-nachrichten.de\/wp-content\/uploads\/2007\/03\/070325_Koch_10.jpg\" title=\"Foto: Max Colin Heydenreich\"><img loading=\"lazy\" decoding=\"async\" width=\"128\" src=\"http:\/\/www.schoene-nachrichten.de\/wp-content\/uploads\/2007\/03\/070325_Koch_10.thumbnail.jpg\" alt=\"070325_Koch_10.jpg\" height=\"85\" \/><font color=\"#000000\">\u00c2\u00a0<\/font><\/a><a rel=\"lightbox[roadtrip]\" target=\"_blank\" href=\"http:\/\/www.schoene-nachrichten.de\/wp-content\/uploads\/2007\/03\/070325_Koch_19.jpg\" title=\"Foto: Max Colin Heydenreich\"><img loading=\"lazy\" decoding=\"async\" width=\"128\" src=\"http:\/\/www.schoene-nachrichten.de\/wp-content\/uploads\/2007\/03\/070325_Koch_19.thumbnail.jpg\" alt=\"070325_Koch_19.jpg\" height=\"85\" \/><\/a><br \/>\n<a rel=\"lightbox[roadtrip]\" target=\"_blank\" href=\"http:\/\/www.schoene-nachrichten.de\/wp-content\/uploads\/2007\/03\/070325_Koch_09.jpg\" title=\"Foto: Max Colin Heydenreich\"><br \/>\n<img loading=\"lazy\" decoding=\"async\" width=\"128\" src=\"http:\/\/www.schoene-nachrichten.de\/wp-content\/uploads\/2007\/03\/070325_Koch_09.thumbnail.jpg\" alt=\"070325_Koch_09.jpg\" height=\"85\" \/><\/a> <a rel=\"lightbox[roadtrip]\" target=\"_blank\" href=\"http:\/\/www.schoene-nachrichten.de\/wp-content\/uploads\/2007\/03\/070325_Koch_08.jpg\" title=\"Foto: Max Colin Heydenreich\"><img loading=\"lazy\" decoding=\"async\" width=\"128\" src=\"http:\/\/www.schoene-nachrichten.de\/wp-content\/uploads\/2007\/03\/070325_Koch_08.thumbnail.jpg\" alt=\"070325_Koch_08.jpg\" height=\"85\" \/><font color=\"#000000\">\u00c2\u00a0<\/font><\/a><a rel=\"lightbox[roadtrip]\" target=\"_blank\" href=\"http:\/\/www.schoene-nachrichten.de\/wp-content\/uploads\/2007\/03\/070325_Koch_20.jpg\" title=\"Foto: Max Colin Heydenreich\"><img loading=\"lazy\" decoding=\"async\" width=\"128\" src=\"http:\/\/www.schoene-nachrichten.de\/wp-content\/uploads\/2007\/03\/070325_Koch_20.thumbnail.jpg\" alt=\"070325_Koch_20.jpg\" height=\"85\" \/><\/a><br \/>\n<a rel=\"lightbox[roadtrip]\" target=\"_blank\" href=\"http:\/\/www.schoene-nachrichten.de\/wp-content\/uploads\/2007\/03\/070325_Koch_06.jpg\" title=\"Foto: Max Colin Heydenreich\"><br \/>\n<img loading=\"lazy\" decoding=\"async\" width=\"128\" src=\"http:\/\/www.schoene-nachrichten.de\/wp-content\/uploads\/2007\/03\/070325_Koch_06.thumbnail.jpg\" alt=\"070325_Koch_06.jpg\" height=\"85\" \/><\/a> <a rel=\"lightbox[roadtrip]\" target=\"_blank\" href=\"http:\/\/www.schoene-nachrichten.de\/wp-content\/uploads\/2007\/03\/070325_Koch_05.jpg\" title=\"Foto: Max Colin Heydenreich\"><img loading=\"lazy\" decoding=\"async\" width=\"128\" src=\"http:\/\/www.schoene-nachrichten.de\/wp-content\/uploads\/2007\/03\/070325_Koch_05.thumbnail.jpg\" alt=\"070325_Koch_05.jpg\" height=\"85\" \/><\/a> <a rel=\"lightbox[roadtrip]\" target=\"_blank\" href=\"http:\/\/www.schoene-nachrichten.de\/wp-content\/uploads\/2007\/03\/070325_Koch_04.jpg\" title=\"Foto: Max Colin Heydenreich\"><img loading=\"lazy\" decoding=\"async\" width=\"128\" src=\"http:\/\/www.schoene-nachrichten.de\/wp-content\/uploads\/2007\/03\/070325_Koch_04.thumbnail.jpg\" alt=\"070325_Koch_04.jpg\" height=\"85\" \/><\/a><br \/>\n<a rel=\"lightbox[roadtrip]\" target=\"_blank\" href=\"http:\/\/www.schoene-nachrichten.de\/wp-content\/uploads\/2007\/03\/070325_Koch_03.jpg\" title=\"Foto: Max Colin Heydenreich\"><br \/>\n<img loading=\"lazy\" decoding=\"async\" width=\"128\" src=\"http:\/\/www.schoene-nachrichten.de\/wp-content\/uploads\/2007\/03\/070325_Koch_03.thumbnail.jpg\" alt=\"070325_Koch_03.jpg\" height=\"85\" \/><\/a> <a rel=\"lightbox[roadtrip]\" target=\"_blank\" href=\"http:\/\/www.schoene-nachrichten.de\/wp-content\/uploads\/2007\/03\/070325_Koch_02.jpg\" title=\"Foto: Max Colin Heydenreich\"><img loading=\"lazy\" decoding=\"async\" width=\"128\" src=\"http:\/\/www.schoene-nachrichten.de\/wp-content\/uploads\/2007\/03\/070325_Koch_02.thumbnail.jpg\" alt=\"070325_Koch_02.jpg\" height=\"85\" \/><\/a> <a rel=\"lightbox[roadtrip]\" target=\"_blank\" href=\"http:\/\/www.schoene-nachrichten.de\/wp-content\/uploads\/2007\/03\/070325_Koch_01.jpg\" title=\"Foto: Max Colin Heydenreich\"><img loading=\"lazy\" decoding=\"async\" width=\"128\" src=\"http:\/\/www.schoene-nachrichten.de\/wp-content\/uploads\/2007\/03\/070325_Koch_01.thumbnail.jpg\" alt=\"070325_Koch_01.jpg\" height=\"85\" \/><\/a><\/p>\n","protected":false},"excerpt":{"rendered":"<div class=\"tmnf_excerpt\"><p>Sch\u00f6nes aus Fulda. \u201eSch\u00fcler kochen Regionales\u201c hie\u00df der Wettbewerb, zu dem die Interessengemeinschaft f\u00fcr gesunde Lebensmittel (IG F\u00fcr) im vergangenen Jahr aufgerufen hatte. Zehn Schulklassen aus Fulda und der Region hatten sich gemeldet und\u00c2\u00a0Anfang M\u00e4rz in der Eduard-Stieler Schule mit selbst kreierten Men\u00fcs eine kritischen Jury beeindruckt. Am Samstag fand im Kolpinghaus die Siegerehrung statt. &hellip;<\/p>\n<\/div>","protected":false},"author":1,"featured_media":0,"comment_status":"closed","ping_status":"closed","sticky":false,"template":"","format":"standard","meta":{"footnotes":""},"categories":[1,37,44],"tags":[],"class_list":["post-2310","post","type-post","status-publish","format-standard","hentry","category-startseite","category-essen-und-trinken","category-kultur"],"_links":{"self":[{"href":"https:\/\/www.fuldaernachrichten.de\/index.php?rest_route=\/wp\/v2\/posts\/2310","targetHints":{"allow":["GET"]}}],"collection":[{"href":"https:\/\/www.fuldaernachrichten.de\/index.php?rest_route=\/wp\/v2\/posts"}],"about":[{"href":"https:\/\/www.fuldaernachrichten.de\/index.php?rest_route=\/wp\/v2\/types\/post"}],"author":[{"embeddable":true,"href":"https:\/\/www.fuldaernachrichten.de\/index.php?rest_route=\/wp\/v2\/users\/1"}],"replies":[{"embeddable":true,"href":"https:\/\/www.fuldaernachrichten.de\/index.php?rest_route=%2Fwp%2Fv2%2Fcomments&post=2310"}],"version-history":[{"count":0,"href":"https:\/\/www.fuldaernachrichten.de\/index.php?rest_route=\/wp\/v2\/posts\/2310\/revisions"}],"wp:attachment":[{"href":"https:\/\/www.fuldaernachrichten.de\/index.php?rest_route=%2Fwp%2Fv2%2Fmedia&parent=2310"}],"wp:term":[{"taxonomy":"category","embeddable":true,"href":"https:\/\/www.fuldaernachrichten.de\/index.php?rest_route=%2Fwp%2Fv2%2Fcategories&post=2310"},{"taxonomy":"post_tag","embeddable":true,"href":"https:\/\/www.fuldaernachrichten.de\/index.php?rest_route=%2Fwp%2Fv2%2Ftags&post=2310"}],"curies":[{"name":"wp","href":"https:\/\/api.w.org\/{rel}","templated":true}]}}