{"id":2304,"date":"2007-03-27T00:30:07","date_gmt":"2007-03-26T23:30:07","guid":{"rendered":"http:\/\/www.schoene-nachrichten.de\/?p=2304"},"modified":"2007-03-27T00:32:53","modified_gmt":"2007-03-26T23:32:53","slug":"multiplikatoren-ausbilden-hochschule-und-lpr-hessen-kooperieren","status":"publish","type":"post","link":"https:\/\/www.fuldaernachrichten.de\/?p=2304","title":{"rendered":"Multiplikatoren ausbilden &#8211; Hochschule und LPR Hessen kooperieren"},"content":{"rendered":"<p><strong>Sch\u00f6nes aus Fulda.<\/strong> Die Hessische Landesanstalt f\u00fcr privaten Rundfunk (LPR Hessen) und die Hochschule Fulda haben eine Kooperationsvereinbarung geschlossen.\u00c2\u00a0Die Vereinbarung\u00c2\u00a0wurde gestern von Winfried Engel, Vorsitzender der Versammlung der LPR und Prof. Dr. Roland Schopf, Pr\u00e4sident der Hochschule Fulda, unterzeichnet.<\/p>\n<p><strong>Fotos (12):<\/strong> Max Colin Heydenreich<\/p>\n<p><a rel=\"lightbox[roadtrip]\" target=\"_blank\" href=\"http:\/\/www.schoene-nachrichten.de\/wp-content\/uploads\/2007\/03\/070326_Hochschule_09.jpg\" title=\"Foto: Max Colin Heydenreich\"><img decoding=\"async\" width=\"128\" src=\"http:\/\/www.schoene-nachrichten.de\/wp-content\/uploads\/2007\/03\/070326_Hochschule_09.thumbnail.jpg\" alt=\"070326_Hochschule_09.jpg\" height=\"85\" \/><\/a> <a rel=\"lightbox[roadtrip]\" target=\"_blank\" href=\"http:\/\/www.schoene-nachrichten.de\/wp-content\/uploads\/2007\/03\/070326_Hochschule_05.jpg\" title=\"Foto: Max Colin Heydenreich\"><img decoding=\"async\" width=\"128\" src=\"http:\/\/www.schoene-nachrichten.de\/wp-content\/uploads\/2007\/03\/070326_Hochschule_05.thumbnail.jpg\" alt=\"070326_Hochschule_05.jpg\" height=\"85\" \/><\/a> <a rel=\"lightbox[roadtrip]\" target=\"_blank\" href=\"http:\/\/www.schoene-nachrichten.de\/wp-content\/uploads\/2007\/03\/070326_Hochschule_01.jpg\" title=\"Foto: Max Colin Heydenreich\"><img decoding=\"async\" width=\"128\" src=\"http:\/\/www.schoene-nachrichten.de\/wp-content\/uploads\/2007\/03\/070326_Hochschule_01.thumbnail.jpg\" alt=\"070326_Hochschule_01.jpg\" height=\"85\" \/><\/a><\/p>\n<p><a rel=\"lightbox[roadtrip]\" target=\"_blank\" href=\"http:\/\/www.schoene-nachrichten.de\/wp-content\/uploads\/2007\/03\/070326_Hochschule_12.jpg\" title=\"Foto: Max Colin Heydenreich\"><img loading=\"lazy\" decoding=\"async\" width=\"128\" src=\"http:\/\/www.schoene-nachrichten.de\/wp-content\/uploads\/2007\/03\/070326_Hochschule_12.thumbnail.jpg\" alt=\"070326_Hochschule_12.jpg\" height=\"85\" \/><\/a>\u00c2\u00a0<a rel=\"lightbox[roadtrip]\" target=\"_blank\" href=\"http:\/\/www.schoene-nachrichten.de\/wp-content\/uploads\/2007\/03\/070326_Hochschule_10.jpg\" title=\"Foto: Max Colin Heydenreich\"><img loading=\"lazy\" decoding=\"async\" width=\"128\" src=\"http:\/\/www.schoene-nachrichten.de\/wp-content\/uploads\/2007\/03\/070326_Hochschule_10.thumbnail.jpg\" alt=\"070326_Hochschule_10.jpg\" height=\"85\" \/><\/a> <a rel=\"lightbox[roadtrip]\" target=\"_blank\" href=\"http:\/\/www.schoene-nachrichten.de\/wp-content\/uploads\/2007\/03\/070326_Hochschule_07.jpg\" title=\"Foto: Max Colin Heydenreich\"><img loading=\"lazy\" decoding=\"async\" width=\"128\" src=\"http:\/\/www.schoene-nachrichten.de\/wp-content\/uploads\/2007\/03\/070326_Hochschule_07.thumbnail.jpg\" alt=\"070326_Hochschule_07.jpg\" height=\"85\" \/><\/a>\u00c2\u00a0<\/p>\n<p><!--more-->Ziel sei es, Multiplikatoren f\u00fcr die medienp\u00e4dagogische Arbeit mit Kindern, Jugendlichen und Erwachsenen auszubilden. Die Hochschule und das Fuldaer Medienprojektzentrum Offener Kanal, das vom LPR finanziert wird,\u00c2\u00a0wollen deshalb k\u00fcnftig gemeinsam die Studierenden des Fachbereichs Sozialwesen\u00c2\u00a0in Medientheorie\u00c2\u00a0sowie Medienpraxis\u00c2\u00a0ausbilden und in Praxisprojekte vermitteln. Dabei soll die vorhandene Infrastruktur beider Kooperationspartner entgeltfrei genutzt werden. Die Zusammenarbeit wurde vorerst f\u00fcr drei Jahre vereinbart.<\/p>\n<p><a rel=\"lightbox[roadtrip]\" target=\"_blank\" href=\"http:\/\/www.schoene-nachrichten.de\/wp-content\/uploads\/2007\/03\/070326_Hochschule_08.jpg\" title=\"Foto: Max Colin Heydenreich\"><img loading=\"lazy\" decoding=\"async\" width=\"128\" src=\"http:\/\/www.schoene-nachrichten.de\/wp-content\/uploads\/2007\/03\/070326_Hochschule_08.thumbnail.jpg\" alt=\"070326_Hochschule_08.jpg\" height=\"85\" \/><\/a>\u00c2\u00a0<a rel=\"lightbox[roadtrip]\" target=\"_blank\" href=\"http:\/\/www.schoene-nachrichten.de\/wp-content\/uploads\/2007\/03\/070326_Hochschule_06.jpg\" title=\"Foto: Max Colin Heydenreich\"><img loading=\"lazy\" decoding=\"async\" width=\"128\" src=\"http:\/\/www.schoene-nachrichten.de\/wp-content\/uploads\/2007\/03\/070326_Hochschule_06.thumbnail.jpg\" alt=\"070326_Hochschule_06.jpg\" height=\"85\" \/><\/a>\u00c2\u00a0<a rel=\"lightbox[roadtrip]\" target=\"_blank\" href=\"http:\/\/www.schoene-nachrichten.de\/wp-content\/uploads\/2007\/03\/070326_Hochschule_04.jpg\" title=\"Foto: Max Colin Heydenreich\"><img loading=\"lazy\" decoding=\"async\" width=\"128\" src=\"http:\/\/www.schoene-nachrichten.de\/wp-content\/uploads\/2007\/03\/070326_Hochschule_04.thumbnail.jpg\" alt=\"070326_Hochschule_04.jpg\" height=\"85\" \/><\/a><br \/>\n<a rel=\"lightbox[roadtrip]\" target=\"_blank\" href=\"http:\/\/www.schoene-nachrichten.de\/wp-content\/uploads\/2007\/03\/070326_Hochschule_03.jpg\" title=\"Foto: Max Colin Heydenreich\"><br \/>\n<img loading=\"lazy\" decoding=\"async\" width=\"128\" src=\"http:\/\/www.schoene-nachrichten.de\/wp-content\/uploads\/2007\/03\/070326_Hochschule_03.thumbnail.jpg\" alt=\"070326_Hochschule_03.jpg\" height=\"85\" \/><\/a>\u00c2\u00a0<a rel=\"lightbox[roadtrip]\" target=\"_blank\" href=\"http:\/\/www.schoene-nachrichten.de\/wp-content\/uploads\/2007\/03\/070326_Hochschule_11.jpg\" title=\"Foto: Max Colin Heydenreich\"><img loading=\"lazy\" decoding=\"async\" width=\"128\" src=\"http:\/\/www.schoene-nachrichten.de\/wp-content\/uploads\/2007\/03\/070326_Hochschule_11.thumbnail.jpg\" alt=\"070326_Hochschule_11.jpg\" height=\"85\" \/><\/a> <a rel=\"lightbox[roadtrip]\" target=\"_blank\" href=\"http:\/\/www.schoene-nachrichten.de\/wp-content\/uploads\/2007\/03\/070326_Hochschule_02.jpg\" title=\"Foto: Max Colin Heydenreich\"><img loading=\"lazy\" decoding=\"async\" width=\"128\" src=\"http:\/\/www.schoene-nachrichten.de\/wp-content\/uploads\/2007\/03\/070326_Hochschule_02.thumbnail.jpg\" alt=\"070326_Hochschule_02.jpg\" height=\"85\" \/><\/a><\/p>\n","protected":false},"excerpt":{"rendered":"<div class=\"tmnf_excerpt\"><p>Sch\u00f6nes aus Fulda. Die Hessische Landesanstalt f\u00fcr privaten Rundfunk (LPR Hessen) und die Hochschule Fulda haben eine Kooperationsvereinbarung geschlossen.\u00c2\u00a0Die Vereinbarung\u00c2\u00a0wurde gestern von Winfried Engel, Vorsitzender der Versammlung der LPR und Prof. Dr. Roland Schopf, Pr\u00e4sident der Hochschule Fulda, unterzeichnet. Fotos (12): Max Colin Heydenreich \u00c2\u00a0 \u00c2\u00a0<\/p>\n<\/div>","protected":false},"author":1,"featured_media":0,"comment_status":"closed","ping_status":"closed","sticky":false,"template":"","format":"standard","meta":{"footnotes":""},"categories":[1,53],"tags":[],"class_list":["post-2304","post","type-post","status-publish","format-standard","hentry","category-startseite","category-bildung"],"_links":{"self":[{"href":"https:\/\/www.fuldaernachrichten.de\/index.php?rest_route=\/wp\/v2\/posts\/2304","targetHints":{"allow":["GET"]}}],"collection":[{"href":"https:\/\/www.fuldaernachrichten.de\/index.php?rest_route=\/wp\/v2\/posts"}],"about":[{"href":"https:\/\/www.fuldaernachrichten.de\/index.php?rest_route=\/wp\/v2\/types\/post"}],"author":[{"embeddable":true,"href":"https:\/\/www.fuldaernachrichten.de\/index.php?rest_route=\/wp\/v2\/users\/1"}],"replies":[{"embeddable":true,"href":"https:\/\/www.fuldaernachrichten.de\/index.php?rest_route=%2Fwp%2Fv2%2Fcomments&post=2304"}],"version-history":[{"count":0,"href":"https:\/\/www.fuldaernachrichten.de\/index.php?rest_route=\/wp\/v2\/posts\/2304\/revisions"}],"wp:attachment":[{"href":"https:\/\/www.fuldaernachrichten.de\/index.php?rest_route=%2Fwp%2Fv2%2Fmedia&parent=2304"}],"wp:term":[{"taxonomy":"category","embeddable":true,"href":"https:\/\/www.fuldaernachrichten.de\/index.php?rest_route=%2Fwp%2Fv2%2Fcategories&post=2304"},{"taxonomy":"post_tag","embeddable":true,"href":"https:\/\/www.fuldaernachrichten.de\/index.php?rest_route=%2Fwp%2Fv2%2Ftags&post=2304"}],"curies":[{"name":"wp","href":"https:\/\/api.w.org\/{rel}","templated":true}]}}