{"id":2292,"date":"2007-03-25T00:52:21","date_gmt":"2007-03-24T23:52:21","guid":{"rendered":"http:\/\/www.schoene-nachrichten.de\/?p=2292"},"modified":"2008-12-15T13:13:35","modified_gmt":"2008-12-15T12:13:35","slug":"darmkrebs-frueh-erkennen-infoveranstaltung-im-hjk","status":"publish","type":"post","link":"https:\/\/www.fuldaernachrichten.de\/?p=2292","title":{"rendered":"Darmkrebs fr\u00fch erkennen &#8211; Infoveranstaltung im HJK"},"content":{"rendered":"<p><strong>Sch\u00f6nes aus Fulda.<\/strong> \u201eScheBo Tumor M2-PK\u201c &#8211; so hei\u00dft ein neuer Test, mit dem Darmkrebs, dessen Vorstufen und verschiedene Darmerkrankungen erkannt werden k\u00f6nnen. Der Test stand gestern im Mittelpunkt eines Infotages zu dem das Herz-Jesu-Krankenhaus eingeladen hatte.<\/p>\n<p><strong>Fotos (9) und Video:<\/strong> Max Colin Heydenreich<\/p>\n<p><strong>Video ansehen mit:<\/strong> <a target=\"_blank\" href=\"http:\/\/www.schoene-nachrichten.de\/wp-content\/uploads\/2007\/03\/070325_hjk.wmv\">Windows Media Player<\/a> oder <a target=\"_blank\" href=\"http:\/\/www.schoene-nachrichten.de\/Video\/070325_HJK.rmvb\">Real Media Player<\/a><\/p>\n<p><a target=\"_blank\" rel=\"lightbox[roadtrip]\" href=\"http:\/\/www.schoene-nachrichten.de\/wp-content\/uploads\/2007\/03\/070324_Darm_01.jpg\" title=\"Foto: Max Colin Heydenreich\"><img decoding=\"async\" width=\"128\" src=\"http:\/\/www.schoene-nachrichten.de\/wp-content\/uploads\/2007\/03\/070324_Darm_01.thumbnail.jpg\" alt=\"070324_Darm_01.jpg\" height=\"85\" \/><\/a> <a target=\"_blank\" rel=\"lightbox[roadtrip]\" href=\"http:\/\/www.schoene-nachrichten.de\/wp-content\/uploads\/2007\/03\/070324_Darm_06.jpg\" title=\"Foto: Max Colin Heydenreich\"><img decoding=\"async\" width=\"128\" src=\"http:\/\/www.schoene-nachrichten.de\/wp-content\/uploads\/2007\/03\/070324_Darm_06.thumbnail.jpg\" alt=\"070324_Darm_06.jpg\" height=\"85\" \/><\/a> <a target=\"_blank\" rel=\"lightbox[roadtrip]\" href=\"http:\/\/www.schoene-nachrichten.de\/wp-content\/uploads\/2007\/03\/070324_Darm_07.jpg\" title=\"Foto: Max Colin Heydenreich\"><img decoding=\"async\" width=\"128\" src=\"http:\/\/www.schoene-nachrichten.de\/wp-content\/uploads\/2007\/03\/070324_Darm_07.thumbnail.jpg\" alt=\"070324_Darm_07.jpg\" height=\"85\" \/><\/a><\/p>\n<p><a target=\"_blank\" rel=\"lightbox[roadtrip]\" href=\"http:\/\/www.schoene-nachrichten.de\/wp-content\/uploads\/2007\/03\/070324_Darm_09.jpg\" title=\"Foto: Max Colin Heydenreich\"><img loading=\"lazy\" decoding=\"async\" width=\"128\" src=\"http:\/\/www.schoene-nachrichten.de\/wp-content\/uploads\/2007\/03\/070324_Darm_09.thumbnail.jpg\" alt=\"070324_Darm_09.jpg\" height=\"85\" \/><\/a> <a target=\"_blank\" rel=\"lightbox[roadtrip]\" href=\"http:\/\/www.schoene-nachrichten.de\/wp-content\/uploads\/2007\/03\/070324_Darm_08.jpg\" title=\"Foto: Max Colin Heydenreich\"><img loading=\"lazy\" decoding=\"async\" width=\"128\" src=\"http:\/\/www.schoene-nachrichten.de\/wp-content\/uploads\/2007\/03\/070324_Darm_08.thumbnail.jpg\" alt=\"070324_Darm_08.jpg\" height=\"85\" \/><\/a> <a target=\"_blank\" rel=\"lightbox[roadtrip]\" href=\"http:\/\/www.schoene-nachrichten.de\/wp-content\/uploads\/2007\/03\/070324_Darm_05.jpg\" title=\"Foto: Max Colin Heydenreich\"><img loading=\"lazy\" decoding=\"async\" width=\"128\" src=\"http:\/\/www.schoene-nachrichten.de\/wp-content\/uploads\/2007\/03\/070324_Darm_05.thumbnail.jpg\" alt=\"070324_Darm_05.jpg\" height=\"85\" \/><\/a><\/p>\n<p><!--more-->Die Chef\u00e4rztin der Allgemein- und Viszeralchirurgie Privatdozentin Dr. Carolin Tonus und ein \u00c4rzteteam ihrer Abteilung standen den Besuchern f\u00fcnf Stunden lang f\u00fcr Informationen rund um das Thema \u201eDarmkrebs\u201c zur Verf\u00fcgung. Im Interview hat uns Dr. Tonus den neuen Test, an dessen Entwicklung sie selbst beteiligt war, genauer erkl\u00e4rt. Sehen Sie dazu das Video.<\/p>\n<p><a target=\"_blank\" rel=\"lightbox[roadtrip]\" href=\"http:\/\/www.schoene-nachrichten.de\/wp-content\/uploads\/2007\/03\/070324_Darm_04.jpg\" title=\"Foto: Max Colin Heydenreich\"><img loading=\"lazy\" decoding=\"async\" width=\"128\" src=\"http:\/\/www.schoene-nachrichten.de\/wp-content\/uploads\/2007\/03\/070324_Darm_04.thumbnail.jpg\" alt=\"070324_Darm_04.jpg\" height=\"85\" \/><\/a> <a target=\"_blank\" rel=\"lightbox[roadtrip]\" href=\"http:\/\/www.schoene-nachrichten.de\/wp-content\/uploads\/2007\/03\/070324_Darm_03.jpg\" title=\"Foto: Max Colin Heydenreich\"><img loading=\"lazy\" decoding=\"async\" width=\"128\" src=\"http:\/\/www.schoene-nachrichten.de\/wp-content\/uploads\/2007\/03\/070324_Darm_03.thumbnail.jpg\" alt=\"070324_Darm_03.jpg\" height=\"85\" \/><\/a> <a target=\"_blank\" rel=\"lightbox[roadtrip]\" href=\"http:\/\/www.schoene-nachrichten.de\/wp-content\/uploads\/2007\/03\/070324_Darm_02.jpg\" title=\"Foto: Max Colin Heydenreich\"><img loading=\"lazy\" decoding=\"async\" width=\"128\" src=\"http:\/\/www.schoene-nachrichten.de\/wp-content\/uploads\/2007\/03\/070324_Darm_02.thumbnail.jpg\" alt=\"070324_Darm_02.jpg\" height=\"85\" \/><\/a><\/p>\n<p><img decoding=\"async\" src=\"http:\/\/www.schoene-nachrichten.de\/wp-content\/uploads\/2007\/02\/x_sponsor.gif\" alt=\"x_sponsor.gif\" \/>[local \/wp-content\/uploads\/2007\/03\/070324_hjk.wmv]<\/p>\n","protected":false},"excerpt":{"rendered":"<div class=\"tmnf_excerpt\"><p>Sch\u00f6nes aus Fulda. \u201eScheBo Tumor M2-PK\u201c &#8211; so hei\u00dft ein neuer Test, mit dem Darmkrebs, dessen Vorstufen und verschiedene Darmerkrankungen erkannt werden k\u00f6nnen. Der Test stand gestern im Mittelpunkt eines Infotages zu dem das Herz-Jesu-Krankenhaus eingeladen hatte. Fotos (9) und Video: Max Colin Heydenreich Video ansehen mit: Windows Media Player oder Real Media Player<\/p>\n<\/div>","protected":false},"author":1,"featured_media":0,"comment_status":"closed","ping_status":"closed","sticky":false,"template":"","format":"standard","meta":{"footnotes":""},"categories":[1,51,79],"tags":[],"class_list":["post-2292","post","type-post","status-publish","format-standard","hentry","category-startseite","category-medizin","category-kino"],"_links":{"self":[{"href":"https:\/\/www.fuldaernachrichten.de\/index.php?rest_route=\/wp\/v2\/posts\/2292","targetHints":{"allow":["GET"]}}],"collection":[{"href":"https:\/\/www.fuldaernachrichten.de\/index.php?rest_route=\/wp\/v2\/posts"}],"about":[{"href":"https:\/\/www.fuldaernachrichten.de\/index.php?rest_route=\/wp\/v2\/types\/post"}],"author":[{"embeddable":true,"href":"https:\/\/www.fuldaernachrichten.de\/index.php?rest_route=\/wp\/v2\/users\/1"}],"replies":[{"embeddable":true,"href":"https:\/\/www.fuldaernachrichten.de\/index.php?rest_route=%2Fwp%2Fv2%2Fcomments&post=2292"}],"version-history":[{"count":1,"href":"https:\/\/www.fuldaernachrichten.de\/index.php?rest_route=\/wp\/v2\/posts\/2292\/revisions"}],"predecessor-version":[{"id":17418,"href":"https:\/\/www.fuldaernachrichten.de\/index.php?rest_route=\/wp\/v2\/posts\/2292\/revisions\/17418"}],"wp:attachment":[{"href":"https:\/\/www.fuldaernachrichten.de\/index.php?rest_route=%2Fwp%2Fv2%2Fmedia&parent=2292"}],"wp:term":[{"taxonomy":"category","embeddable":true,"href":"https:\/\/www.fuldaernachrichten.de\/index.php?rest_route=%2Fwp%2Fv2%2Fcategories&post=2292"},{"taxonomy":"post_tag","embeddable":true,"href":"https:\/\/www.fuldaernachrichten.de\/index.php?rest_route=%2Fwp%2Fv2%2Ftags&post=2292"}],"curies":[{"name":"wp","href":"https:\/\/api.w.org\/{rel}","templated":true}]}}