{"id":2265,"date":"2007-03-23T00:05:24","date_gmt":"2007-03-22T23:05:24","guid":{"rendered":"http:\/\/www.schoene-nachrichten.de\/?p=2265"},"modified":"2007-03-23T00:07:45","modified_gmt":"2007-03-22T23:07:45","slug":"kleiner-mann-ganz-gross-kalle-pohl-im-starclub","status":"publish","type":"post","link":"https:\/\/www.fuldaernachrichten.de\/?p=2265","title":{"rendered":"&#8220;Kleiner Mann ganz gro\u00df&#8221; &#8211; Kalle Pohl im Starclub"},"content":{"rendered":"<p><strong>Sch\u00f6nes aus Fulda.<\/strong> Wen interessieren Kalle Pohls Bettgeschichten? Mehr Leute als man denken mag. In den Fuldaer Starclub waren gestern Abend jedenfalls ca. 120 Leute gekommen, um Pohl live auf der B\u00fchne zu erleben. Den K\u00fcnstler kennen viele aus der RTL Show&#8221;7 Tage, 7 K\u00f6pfe&#8221;. Vor zwei Jahren wurde das Format eingestellt, jetzt tourt der Comedian mit seinem neuen B\u00fchnenprogramm &#8220;Bettm\u00e4n&#8221; durch Deutschland. Auf der B\u00fchne: nur Kalle und ein Bett.<\/p>\n<p><strong>Fotos (12):<\/strong> Max Colin Heydenreich<\/p>\n<p><a target=\"_blank\" href=\"http:\/\/www.schoene-nachrichten.de\/wp-content\/uploads\/2007\/03\/070323_Pohl_12.jpg\" title=\"Foto: Max Colin Heydenreich\"><br \/>\n<img decoding=\"async\" width=\"128\" src=\"http:\/\/www.schoene-nachrichten.de\/wp-content\/uploads\/2007\/03\/070323_Pohl_12.thumbnail.jpg\" alt=\"070323_Pohl_12.jpg\" height=\"85\" \/> <\/a><a target=\"_blank\" href=\"http:\/\/www.schoene-nachrichten.de\/wp-content\/uploads\/2007\/03\/070323_Pohl_11.jpg\" title=\"Foto: Max Colin Heydenreich\"><img decoding=\"async\" width=\"128\" src=\"http:\/\/www.schoene-nachrichten.de\/wp-content\/uploads\/2007\/03\/070323_Pohl_11.thumbnail.jpg\" alt=\"070323_Pohl_11.jpg\" height=\"85\" \/><\/a> <a target=\"_blank\" href=\"http:\/\/www.schoene-nachrichten.de\/wp-content\/uploads\/2007\/03\/070323_Pohl_10.jpg\" title=\"Foto: Max Colin Heydenreich\"><img decoding=\"async\" width=\"128\" src=\"http:\/\/www.schoene-nachrichten.de\/wp-content\/uploads\/2007\/03\/070323_Pohl_10.thumbnail.jpg\" alt=\"070323_Pohl_10.jpg\" height=\"85\" \/><\/a><br \/>\n<a target=\"_blank\" href=\"http:\/\/www.schoene-nachrichten.de\/wp-content\/uploads\/2007\/03\/070323_Pohl_09.jpg\" title=\"Foto: Max Colin Heydenreich\"><br \/>\n<img loading=\"lazy\" decoding=\"async\" width=\"128\" src=\"http:\/\/www.schoene-nachrichten.de\/wp-content\/uploads\/2007\/03\/070323_Pohl_09.thumbnail.jpg\" alt=\"070323_Pohl_09.jpg\" height=\"85\" \/><\/a> <a target=\"_blank\" href=\"http:\/\/www.schoene-nachrichten.de\/wp-content\/uploads\/2007\/03\/070323_Pohl_08.jpg\" title=\"Foto: Max Colin Heydenreich\"><img loading=\"lazy\" decoding=\"async\" width=\"128\" src=\"http:\/\/www.schoene-nachrichten.de\/wp-content\/uploads\/2007\/03\/070323_Pohl_08.thumbnail.jpg\" alt=\"070323_Pohl_08.jpg\" height=\"85\" \/><\/a> <a target=\"_blank\" href=\"http:\/\/www.schoene-nachrichten.de\/wp-content\/uploads\/2007\/03\/070323_Pohl_07.jpg\" title=\"Foto: Max Colin Heydenreich\"><img loading=\"lazy\" decoding=\"async\" width=\"128\" src=\"http:\/\/www.schoene-nachrichten.de\/wp-content\/uploads\/2007\/03\/070323_Pohl_07.thumbnail.jpg\" alt=\"070323_Pohl_07.jpg\" height=\"85\" \/><\/a><\/p>\n<p><!--more-->Selbiges hat den ehemaligen Polizisten wohl zu solch tiefsch\u00fcrfenden Fragen inspiriert wie: \u201eWas w\u00e4re, wenn Columbus im Bett geblieben w\u00e4re oder Einstein oder Angela Merkel?\u201c Au\u00dferdem beleuchtete Pohl das Verh\u00e4ltnis zwischen Frauen und M\u00e4nnern. Ein Stoff, der f\u00fcr etliche Pointen gut ist. Lacher gab\u00e2\u20ac\u2122s gestern Abend jedenfalls am laufenden Band. Und auch eine \u00dcberraschung.<\/p>\n<p>Der Rheinl\u00e4nder zeigte neben dem kom\u00f6diantischen auch noch musikalisches Talent. Pohl sang eigene Lieder und Chansons und begleitete sich dabei selbst mit dem Akkordeon. \u201eKleiner Mann ganz gro\u00df\u201c, hie\u00df es in der Ank\u00fcndigung des Veranstalters. Die Besucher waren von der Show jedenfalls begeistert und dankten\u00c2\u00a0dem K\u00fcnstler\u00c2\u00a0f\u00fcr den kurzweiligen Abend mit viel Applaus.<\/p>\n<p><a target=\"_blank\" href=\"http:\/\/www.schoene-nachrichten.de\/wp-content\/uploads\/2007\/03\/070323_Pohl_06.jpg\" title=\"Foto: Max Colin Heydenreich\"><img loading=\"lazy\" decoding=\"async\" width=\"128\" src=\"http:\/\/www.schoene-nachrichten.de\/wp-content\/uploads\/2007\/03\/070323_Pohl_06.thumbnail.jpg\" alt=\"070323_Pohl_06.jpg\" height=\"85\" \/><\/a> <a target=\"_blank\" href=\"http:\/\/www.schoene-nachrichten.de\/wp-content\/uploads\/2007\/03\/070323_Pohl_05.jpg\" title=\"Foto: Max Colin Heydenreich\"><img loading=\"lazy\" decoding=\"async\" width=\"128\" src=\"http:\/\/www.schoene-nachrichten.de\/wp-content\/uploads\/2007\/03\/070323_Pohl_05.thumbnail.jpg\" alt=\"070323_Pohl_05.jpg\" height=\"85\" \/><\/a> <a target=\"_blank\" href=\"http:\/\/www.schoene-nachrichten.de\/wp-content\/uploads\/2007\/03\/070323_Pohl_04.jpg\" title=\"Foto: Max Colin Heydenreich\"><img loading=\"lazy\" decoding=\"async\" width=\"128\" src=\"http:\/\/www.schoene-nachrichten.de\/wp-content\/uploads\/2007\/03\/070323_Pohl_04.thumbnail.jpg\" alt=\"070323_Pohl_04.jpg\" height=\"85\" \/><\/a><br \/>\n<a target=\"_blank\" href=\"http:\/\/www.schoene-nachrichten.de\/wp-content\/uploads\/2007\/03\/070323_Pohl_03.jpg\" title=\"Foto: Max Colin Heydenreich\"><br \/>\n<img loading=\"lazy\" decoding=\"async\" width=\"128\" src=\"http:\/\/www.schoene-nachrichten.de\/wp-content\/uploads\/2007\/03\/070323_Pohl_03.thumbnail.jpg\" alt=\"070323_Pohl_03.jpg\" height=\"85\" \/><\/a> <a target=\"_blank\" href=\"http:\/\/www.schoene-nachrichten.de\/wp-content\/uploads\/2007\/03\/070323_Pohl_02.jpg\" title=\"Foto: Max Colin Heydenreich\"><img loading=\"lazy\" decoding=\"async\" width=\"128\" src=\"http:\/\/www.schoene-nachrichten.de\/wp-content\/uploads\/2007\/03\/070323_Pohl_02.thumbnail.jpg\" alt=\"070323_Pohl_02.jpg\" height=\"85\" \/><\/a> <a target=\"_blank\" href=\"http:\/\/www.schoene-nachrichten.de\/wp-content\/uploads\/2007\/03\/070323_Pohl_01.jpg\" title=\"Foto: Max Colin Heydenreich\"><img loading=\"lazy\" decoding=\"async\" width=\"128\" src=\"http:\/\/www.schoene-nachrichten.de\/wp-content\/uploads\/2007\/03\/070323_Pohl_01.thumbnail.jpg\" alt=\"070323_Pohl_01.jpg\" height=\"85\" \/><\/a><\/p>\n","protected":false},"excerpt":{"rendered":"<div class=\"tmnf_excerpt\"><p>Sch\u00f6nes aus Fulda. Wen interessieren Kalle Pohls Bettgeschichten? Mehr Leute als man denken mag. In den Fuldaer Starclub waren gestern Abend jedenfalls ca. 120 Leute gekommen, um Pohl live auf der B\u00fchne zu erleben. Den K\u00fcnstler kennen viele aus der RTL Show&#8221;7 Tage, 7 K\u00f6pfe&#8221;. Vor zwei Jahren wurde das Format eingestellt, jetzt tourt der &hellip;<\/p>\n<\/div>","protected":false},"author":1,"featured_media":0,"comment_status":"closed","ping_status":"closed","sticky":false,"template":"","format":"standard","meta":{"footnotes":""},"categories":[1,44],"tags":[],"class_list":["post-2265","post","type-post","status-publish","format-standard","hentry","category-startseite","category-kultur"],"_links":{"self":[{"href":"https:\/\/www.fuldaernachrichten.de\/index.php?rest_route=\/wp\/v2\/posts\/2265","targetHints":{"allow":["GET"]}}],"collection":[{"href":"https:\/\/www.fuldaernachrichten.de\/index.php?rest_route=\/wp\/v2\/posts"}],"about":[{"href":"https:\/\/www.fuldaernachrichten.de\/index.php?rest_route=\/wp\/v2\/types\/post"}],"author":[{"embeddable":true,"href":"https:\/\/www.fuldaernachrichten.de\/index.php?rest_route=\/wp\/v2\/users\/1"}],"replies":[{"embeddable":true,"href":"https:\/\/www.fuldaernachrichten.de\/index.php?rest_route=%2Fwp%2Fv2%2Fcomments&post=2265"}],"version-history":[{"count":0,"href":"https:\/\/www.fuldaernachrichten.de\/index.php?rest_route=\/wp\/v2\/posts\/2265\/revisions"}],"wp:attachment":[{"href":"https:\/\/www.fuldaernachrichten.de\/index.php?rest_route=%2Fwp%2Fv2%2Fmedia&parent=2265"}],"wp:term":[{"taxonomy":"category","embeddable":true,"href":"https:\/\/www.fuldaernachrichten.de\/index.php?rest_route=%2Fwp%2Fv2%2Fcategories&post=2265"},{"taxonomy":"post_tag","embeddable":true,"href":"https:\/\/www.fuldaernachrichten.de\/index.php?rest_route=%2Fwp%2Fv2%2Ftags&post=2265"}],"curies":[{"name":"wp","href":"https:\/\/api.w.org\/{rel}","templated":true}]}}