{"id":22647,"date":"2009-03-05T06:45:26","date_gmt":"2009-03-05T05:45:26","guid":{"rendered":"http:\/\/www.schoene-nachrichten.de\/?p=22647"},"modified":"2009-03-05T08:48:57","modified_gmt":"2009-03-05T07:48:57","slug":"tegut-vorstand-willibald-arnold-in-den-ruhestand-verabschiedet","status":"publish","type":"post","link":"https:\/\/www.fuldaernachrichten.de\/?p=22647","title":{"rendered":"tegut-Vorstand Willibald Arnold in den Ruhestand verabschiedet"},"content":{"rendered":"<p><a href=\"http:\/\/www.schoene-nachrichten.de\/wp-content\/uploads\/2009\/03\/090304-humor-2.jpg\"><img decoding=\"async\" class=\"alignnone size-thumbnail wp-image-22649\" title=\"tegut...\" src=\"http:\/\/www.schoene-nachrichten.de\/wp-content\/uploads\/2009\/03\/090304-humor-2.jpg\" alt=\"tegut...\" width=\"560\" srcset=\"https:\/\/www.fuldaernachrichten.de\/wp-content\/uploads\/2009\/03\/090304-humor-2.jpg 600w, https:\/\/www.fuldaernachrichten.de\/wp-content\/uploads\/2009\/03\/090304-humor-2-265x198.jpg 265w\" sizes=\"(max-width: 600px) 100vw, 600px\" \/><\/a><\/p>\n<p><strong>Fulda. <\/strong>Als Kind habe er sich immer gew\u00fcnscht, Lkw-Fahrer zu werden, erz\u00e4hlt Willibald Arnold, tegut&#8230; Vorstand. Nach 50 Jahren im Fuldaer Handelsunternehmen wurde er am vergangenen Samstag von \u00fcber 130 Wegbegleitern mit einer glanzvollen Feier in den verdienten Ruhestand verabschiedet. In der Zeit, als er in der Gesch\u00e4ftsleitung f\u00fcr die Logistik zust\u00e4ndig war, hat er zuweilen tats\u00e4chlich die M\u00f6glichkeit gehabt, mal einen Lkw auf dem Hof zu rangieren. \u201eWenn ich daf\u00fcr nicht zu alt w\u00e4re, w\u00fcrde ich gerne noch mal den Lkw-F\u00fchrerschein machen und dann tegut&#8230; M\u00e4rkte beliefern\u201c, \u00fcberlegt er versonnen.<\/p>\n<p><!--more--><\/p>\n<p><strong>\u201eGute Stimmung und ein gutes Miteinander&#8221;<\/strong><\/p>\n<p>Am 1. M\u00e4rz 1959 hat der geb\u00fcrtige Fuldaer Willibald Arnold mit 15 Jahren als \u201eStift\u201c beim Firmengr\u00fcnder Theo Gutberlet in einem 100 Quadratmeter gro\u00dfen Markt in der Fuldaer Kanalstra\u00dfe seine Lehre begonnen. \u201eMein damaliges Gehalt betrug pro Monat 55 DM, das w\u00e4ren heute 28,12 Euro\u201c, erinnert er sich. Sein weiterer Werdegang ist zielstrebig: Vom Lernenden zum Verk\u00e4ufer, sp\u00e4ter zum Marktleiter. Dann folgt die Zeit als Eink\u00e4ufer in den Zentralen Diensten.<\/p>\n<p><a href=\"http:\/\/www.schoene-nachrichten.de\/wp-content\/uploads\/2009\/03\/090304-humor-1.jpg\"><img fetchpriority=\"high\" decoding=\"async\" class=\"alignleft size-medium wp-image-22648\" title=\"tegut...\" src=\"http:\/\/www.schoene-nachrichten.de\/wp-content\/uploads\/2009\/03\/090304-humor-1-265x198.jpg\" alt=\"tegut...\" width=\"265\" height=\"198\" srcset=\"https:\/\/www.fuldaernachrichten.de\/wp-content\/uploads\/2009\/03\/090304-humor-1-265x198.jpg 265w, https:\/\/www.fuldaernachrichten.de\/wp-content\/uploads\/2009\/03\/090304-humor-1.jpg 600w\" sizes=\"(max-width: 265px) 100vw, 265px\" \/><\/a>Der n\u00e4chste Schritt auf seiner Karriereleiter ist eine echte Herausforderung: der Aufbau und die Leitung des EDV-Bereichs, ein zur damaligen Zeit noch v\u00f6llig neues Gebiet, in das er sich mit viel Herzblut und gro\u00dfem Erfolg eingearbeitet hat. Weiter ging es \u00fcber die Leitung anderer Zentralbereiche 1973 in die Gesch\u00e4ftsleitung und 1988 in den tegut&#8230; Vorstand. Ma\u00dfgebliches Arbeitsmittel in all den Jahren war f\u00fcr ihn der Taschenrechner. Doch auf die Frage, was f\u00fcr ihn das Wichtigste in seinem langen Arbeitsleben gewesen ist, antwortet er ganz spontan: \u201eGute Stimmung und ein gutes Miteinander. Ein offener und ehrlicher Austausch mit den Kollegen und Mitarbeitern ist f\u00fcr mich immer unverzichtbar gewesen.\u201c<\/p>\n<p>Das sind Eigenschaften, die auch sein Chef Wolfgang Gutberlet an ihm sch\u00e4tzt und, \u201eseine Treue gegen\u00fcber Menschen und Ideen. Treue kommt von Standfestigkeit. Diese heute h\u00e4ufig vernachl\u00e4ssigte Tugend zeichnet Willibald Arnold besonders aus. F\u00fcr mich ist er in den \u00fcber 40 Jahren unserer Zusammenarbeit, davon allein 36 Jahre in der Gesch\u00e4ftsleitung, ein wichtiger Gef\u00e4hrte gewesen, der zur Gestalt wie tegut&#8230; heute ist ma\u00dfgeblich beigetragen hat.\u201c<\/p>\n<p><strong>Der &#8220;Junge&#8221; kann vom &#8220;Alten&#8221; viel lernen<\/strong><\/p>\n<p>Der dynamische 65-j\u00e4hrige Familien- und Gro\u00dfvater von drei Kindern und f\u00fcnf Enkelkindern ist seit \u00fcber 40 Jahren verheiratet, treibt gerne Sport und unternimmt mit seiner Frau sch\u00f6ne Reisen in ferne L\u00e4nder. Daf\u00fcr bestehen jetzt noch mehr M\u00f6glichkeiten \u2013 das l\u00e4sst positiv in die Zukunft blicken. Zumal er seine bisherige Aufgabe als Gesch\u00e4ftsleitungsmitglied Vertrieb in guten H\u00e4nden wei\u00df. In den letzten Monaten hat er seinen Nachfolger, Johannes Gutberlet, zweit\u00e4ltester Sohn von Wolfgang Gutberlet, selbst einarbeiten k\u00f6nnen. Johannes Gutberlet ist dar\u00fcber \u00e4u\u00dferst dankbar.<\/p>\n<p>F\u00fcr ihn war Willibald Arnolds Beratung und Unterst\u00fctzung sehr wertvoll und eine gro\u00dfe Hilfe, sich schnell in das Themengebiet Vertrieb einzuarbeiten. \u201eEin Vorbild wird mir immer sein diszipliniertes Arbeiten sein. Alle Anfragen und Aufgaben arbeitet er z\u00fcgig ab, nichts darf liegen bleiben\u201c, so der 30-J\u00e4hrige, der von Willibald Arnold die Gesch\u00e4ftsleitung Vertrieb in der Region Franken \u00fcbernimmt und sich \u00fcberdies auf die Mitgestaltung der Bereiche Logistik und IT konzentrieren wird.<\/p>\n","protected":false},"excerpt":{"rendered":"<div class=\"tmnf_excerpt\"><p>Fulda. Als Kind habe er sich immer gew\u00fcnscht, Lkw-Fahrer zu werden, erz\u00e4hlt Willibald Arnold, tegut&#8230; Vorstand. Nach 50 Jahren im Fuldaer Handelsunternehmen wurde er am vergangenen Samstag von \u00fcber 130 Wegbegleitern mit einer glanzvollen Feier in den verdienten Ruhestand verabschiedet. In der Zeit, als er in der Gesch\u00e4ftsleitung f\u00fcr die Logistik zust\u00e4ndig war, hat er &hellip;<\/p>\n<\/div>","protected":false},"author":1,"featured_media":0,"comment_status":"closed","ping_status":"closed","sticky":false,"template":"","format":"standard","meta":{"footnotes":""},"categories":[1,29,78],"tags":[],"class_list":["post-22647","post","type-post","status-publish","format-standard","hentry","category-startseite","category-politik","category-topthema"],"_links":{"self":[{"href":"https:\/\/www.fuldaernachrichten.de\/index.php?rest_route=\/wp\/v2\/posts\/22647","targetHints":{"allow":["GET"]}}],"collection":[{"href":"https:\/\/www.fuldaernachrichten.de\/index.php?rest_route=\/wp\/v2\/posts"}],"about":[{"href":"https:\/\/www.fuldaernachrichten.de\/index.php?rest_route=\/wp\/v2\/types\/post"}],"author":[{"embeddable":true,"href":"https:\/\/www.fuldaernachrichten.de\/index.php?rest_route=\/wp\/v2\/users\/1"}],"replies":[{"embeddable":true,"href":"https:\/\/www.fuldaernachrichten.de\/index.php?rest_route=%2Fwp%2Fv2%2Fcomments&post=22647"}],"version-history":[{"count":5,"href":"https:\/\/www.fuldaernachrichten.de\/index.php?rest_route=\/wp\/v2\/posts\/22647\/revisions"}],"predecessor-version":[{"id":22691,"href":"https:\/\/www.fuldaernachrichten.de\/index.php?rest_route=\/wp\/v2\/posts\/22647\/revisions\/22691"}],"wp:attachment":[{"href":"https:\/\/www.fuldaernachrichten.de\/index.php?rest_route=%2Fwp%2Fv2%2Fmedia&parent=22647"}],"wp:term":[{"taxonomy":"category","embeddable":true,"href":"https:\/\/www.fuldaernachrichten.de\/index.php?rest_route=%2Fwp%2Fv2%2Fcategories&post=22647"},{"taxonomy":"post_tag","embeddable":true,"href":"https:\/\/www.fuldaernachrichten.de\/index.php?rest_route=%2Fwp%2Fv2%2Ftags&post=22647"}],"curies":[{"name":"wp","href":"https:\/\/api.w.org\/{rel}","templated":true}]}}