{"id":2251,"date":"2007-03-22T14:52:37","date_gmt":"2007-03-22T13:52:37","guid":{"rendered":"http:\/\/www.schoene-nachrichten.de\/?p=2251"},"modified":"2007-03-22T14:52:37","modified_gmt":"2007-03-22T13:52:37","slug":"backt-pausenlos-frisch-mr-baker-filiale-heute-eroeffnet","status":"publish","type":"post","link":"https:\/\/www.fuldaernachrichten.de\/?p=2251","title":{"rendered":"&#8220;&#8230;backt pausenlos frisch!&#8221; &#8211; Mr. Baker-Filiale heute er\u00f6ffnet"},"content":{"rendered":"<p><strong>Sch\u00f6nes aus Fulda.<\/strong> In der Rangstra\u00dfe 39 \u2013 zwischen Mediamarkt und Fressnapf &#8211; hat heute eine neue Filiale der Selbstbedienungsb\u00e4ckerei Mr. Baker er\u00f6ffnet. Inhaber I.\u00c2\u00a0 Sharivker und seine drei Angestellten verkaufen dort ab sofort Br\u00f6tchen, Brot und Geb\u00e4ck zum kleinen Preis.<\/p>\n<p><strong>Fotos (9):<\/strong> Max Colin Heydenreich<\/p>\n<p><a target=\"_blank\" href=\"http:\/\/www.schoene-nachrichten.de\/wp-content\/uploads\/2007\/03\/070322_Baker_03.jpg\" title=\"Foto: Max Colin Heydenreich\"><img decoding=\"async\" width=\"128\" src=\"http:\/\/www.schoene-nachrichten.de\/wp-content\/uploads\/2007\/03\/070322_Baker_03.thumbnail.jpg\" alt=\"070322_Baker_03.jpg\" height=\"85\" \/><\/a> <a target=\"_blank\" href=\"http:\/\/www.schoene-nachrichten.de\/wp-content\/uploads\/2007\/03\/070322_Baker_02.jpg\" title=\"Foto: Max Colin Heydenreich\"><img decoding=\"async\" width=\"128\" src=\"http:\/\/www.schoene-nachrichten.de\/wp-content\/uploads\/2007\/03\/070322_Baker_02.thumbnail.jpg\" alt=\"070322_Baker_02.jpg\" height=\"85\" \/><\/a>\u00c2\u00a0 <a target=\"_blank\" href=\"http:\/\/www.schoene-nachrichten.de\/wp-content\/uploads\/2007\/03\/070322_Baker_05.jpg\" title=\"Foto: Max Colin Heydenreich\"><img decoding=\"async\" width=\"128\" src=\"http:\/\/www.schoene-nachrichten.de\/wp-content\/uploads\/2007\/03\/070322_Baker_05.thumbnail.jpg\" alt=\"070322_Baker_05.jpg\" height=\"85\" \/><\/a><\/p>\n<p><!--more-->&#8220;&#8230;backt pausenlos frisch!&#8221; lautet der Slogan der Kette. \u201eDas hei\u00dft, dass wir alle Backwaren nach Bedarf stets frisch backen\u201c,\u00c2\u00a0sagt der Inhaber. Bis zum 21. April gibt es spezielle Er\u00f6ffnungsangebote: \u201eEine Laugenbrezel kostet bei uns 39 Cent, ein Baguette 99 Cent und belegte Br\u00f6tchen gibt es auch ab 99 Cent\u201c, so Sharivker.<\/p>\n<p><a href=\"http:\/\/www.schoene-nachrichten.de\/wp-content\/uploads\/2007\/03\/dsc_0022.jpg\" title=\"dsc_0022.jpg\"><img decoding=\"async\" src=\"http:\/\/www.schoene-nachrichten.de\/wp-content\/uploads\/2007\/03\/dsc_0022.thumbnail.jpg\" alt=\"dsc_0022.jpg\" \/><\/a>\u00c2\u00a0<a target=\"_blank\" href=\"http:\/\/www.schoene-nachrichten.de\/wp-content\/uploads\/2007\/03\/070322_Baker_06.jpg\" title=\"Foto: Max Colin Heydenreich\"><img loading=\"lazy\" decoding=\"async\" width=\"128\" src=\"http:\/\/www.schoene-nachrichten.de\/wp-content\/uploads\/2007\/03\/070322_Baker_06.thumbnail.jpg\" alt=\"070322_Baker_06.jpg\" height=\"85\" \/><\/a>\u00c2\u00a0<a target=\"_blank\" href=\"http:\/\/www.schoene-nachrichten.de\/wp-content\/uploads\/2007\/03\/070322_Baker_04.jpg\" title=\"Foto: Max Colin Heydenreich\"><img loading=\"lazy\" decoding=\"async\" width=\"128\" src=\"http:\/\/www.schoene-nachrichten.de\/wp-content\/uploads\/2007\/03\/070322_Baker_04.thumbnail.jpg\" alt=\"070322_Baker_04.jpg\" height=\"85\" \/><\/a>\u00c2\u00a0<\/p>\n<p>Ge\u00f6ffnet hat Mr. Baker von montags bis freitags von 7.30 bis 18.30 Uhr und am Samstag von 8.00 bis 16.00 Uhr.\u00c2\u00a0<\/p>\n<p><a target=\"_blank\" href=\"http:\/\/www.schoene-nachrichten.de\/wp-content\/uploads\/2007\/03\/070322_Baker_08.jpg\" title=\"Foto: Max Colin Heydenreich\"><img loading=\"lazy\" decoding=\"async\" width=\"128\" src=\"http:\/\/www.schoene-nachrichten.de\/wp-content\/uploads\/2007\/03\/070322_Baker_08.thumbnail.jpg\" alt=\"070322_Baker_08.jpg\" height=\"85\" \/><\/a> <a target=\"_blank\" href=\"http:\/\/www.schoene-nachrichten.de\/wp-content\/uploads\/2007\/03\/070322_Baker_07.jpg\" title=\"Foto: Max Colin Heydenreich\"><img loading=\"lazy\" decoding=\"async\" width=\"128\" src=\"http:\/\/www.schoene-nachrichten.de\/wp-content\/uploads\/2007\/03\/070322_Baker_07.thumbnail.jpg\" alt=\"070322_Baker_07.jpg\" height=\"85\" \/><\/a>\u00c2\u00a0<a target=\"_blank\" href=\"http:\/\/www.schoene-nachrichten.de\/wp-content\/uploads\/2007\/03\/070322_Baker_01.jpg\" title=\"Foto: Max Colin Heydenreich\"><img loading=\"lazy\" decoding=\"async\" width=\"128\" src=\"http:\/\/www.schoene-nachrichten.de\/wp-content\/uploads\/2007\/03\/070322_Baker_01.thumbnail.jpg\" alt=\"070322_Baker_01.jpg\" height=\"85\" \/><\/a><\/p>\n","protected":false},"excerpt":{"rendered":"<div class=\"tmnf_excerpt\"><p>Sch\u00f6nes aus Fulda. In der Rangstra\u00dfe 39 \u2013 zwischen Mediamarkt und Fressnapf &#8211; hat heute eine neue Filiale der Selbstbedienungsb\u00e4ckerei Mr. Baker er\u00f6ffnet. Inhaber I.\u00c2\u00a0 Sharivker und seine drei Angestellten verkaufen dort ab sofort Br\u00f6tchen, Brot und Geb\u00e4ck zum kleinen Preis. Fotos (9): Max Colin Heydenreich \u00c2\u00a0<\/p>\n<\/div>","protected":false},"author":1,"featured_media":0,"comment_status":"closed","ping_status":"closed","sticky":false,"template":"","format":"standard","meta":{"footnotes":""},"categories":[1,37],"tags":[],"class_list":["post-2251","post","type-post","status-publish","format-standard","hentry","category-startseite","category-essen-und-trinken"],"_links":{"self":[{"href":"https:\/\/www.fuldaernachrichten.de\/index.php?rest_route=\/wp\/v2\/posts\/2251","targetHints":{"allow":["GET"]}}],"collection":[{"href":"https:\/\/www.fuldaernachrichten.de\/index.php?rest_route=\/wp\/v2\/posts"}],"about":[{"href":"https:\/\/www.fuldaernachrichten.de\/index.php?rest_route=\/wp\/v2\/types\/post"}],"author":[{"embeddable":true,"href":"https:\/\/www.fuldaernachrichten.de\/index.php?rest_route=\/wp\/v2\/users\/1"}],"replies":[{"embeddable":true,"href":"https:\/\/www.fuldaernachrichten.de\/index.php?rest_route=%2Fwp%2Fv2%2Fcomments&post=2251"}],"version-history":[{"count":0,"href":"https:\/\/www.fuldaernachrichten.de\/index.php?rest_route=\/wp\/v2\/posts\/2251\/revisions"}],"wp:attachment":[{"href":"https:\/\/www.fuldaernachrichten.de\/index.php?rest_route=%2Fwp%2Fv2%2Fmedia&parent=2251"}],"wp:term":[{"taxonomy":"category","embeddable":true,"href":"https:\/\/www.fuldaernachrichten.de\/index.php?rest_route=%2Fwp%2Fv2%2Fcategories&post=2251"},{"taxonomy":"post_tag","embeddable":true,"href":"https:\/\/www.fuldaernachrichten.de\/index.php?rest_route=%2Fwp%2Fv2%2Ftags&post=2251"}],"curies":[{"name":"wp","href":"https:\/\/api.w.org\/{rel}","templated":true}]}}