{"id":2250,"date":"2007-03-22T11:33:38","date_gmt":"2007-03-22T10:33:38","guid":{"rendered":"http:\/\/www.schoene-nachrichten.de\/?p=2250"},"modified":"2007-03-22T17:49:34","modified_gmt":"2007-03-22T16:49:34","slug":"heute-startet-die-bauen-und-automobil","status":"publish","type":"post","link":"https:\/\/www.fuldaernachrichten.de\/?p=2250","title":{"rendered":"Heute startet die &#8220;bauen und automobil&#8221;"},"content":{"rendered":"<p><strong>Sch\u00f6nes aus Fulda.<\/strong> Heute\u00c2\u00a0startet die\u00c2\u00a017.\u00c2\u00a0Fachausstellung &#8220;bauen &amp; automobil&#8221; auf dem Messegel\u00e4nde der Fulda-Galerie.\u00c2\u00a0Etwa 230 Aussteller pr\u00e4sentieren dort bis zum Sonntag, 25.03., ihre Leistungen und Produkte rund um Garten, Haus und Auto.\u00c2\u00a0\u00c2\u00a0<\/p>\n<p><strong>Fotos (51):<\/strong> Max Colin Heydenreich<\/p>\n<p><a target=\"_blank\" href=\"http:\/\/www.schoene-nachrichten.de\/wp-content\/uploads\/2007\/03\/070322_Bauen_26.jpg\" title=\"Foto: Max Colin Heydenreich\"><img decoding=\"async\" width=\"128\" src=\"http:\/\/www.schoene-nachrichten.de\/wp-content\/uploads\/2007\/03\/070322_Bauen_26.thumbnail.jpg\" alt=\"070322_Bauen_26.jpg\" height=\"85\" \/><\/a>\u00c2\u00a0<a target=\"_blank\" href=\"http:\/\/www.schoene-nachrichten.de\/wp-content\/uploads\/2007\/03\/070322_Bauen_24.jpg\" title=\"Foto: Max Colin Heydenreich\"><img decoding=\"async\" width=\"128\" src=\"http:\/\/www.schoene-nachrichten.de\/wp-content\/uploads\/2007\/03\/070322_Bauen_24.thumbnail.jpg\" alt=\"070322_Bauen_24.jpg\" height=\"85\" \/><\/a>\u00c2\u00a0<a target=\"_blank\" href=\"http:\/\/www.schoene-nachrichten.de\/wp-content\/uploads\/2007\/03\/070322_Bauen_02.jpg\" title=\"Foto: Max Colin Heydenreich\"><img decoding=\"async\" width=\"128\" src=\"http:\/\/www.schoene-nachrichten.de\/wp-content\/uploads\/2007\/03\/070322_Bauen_02.thumbnail.jpg\" alt=\"070322_Bauen_02.jpg\" height=\"85\" \/><\/a><\/p>\n<p><a target=\"_blank\" href=\"http:\/\/www.schoene-nachrichten.de\/wp-content\/uploads\/2007\/03\/070322_Bauen_46.jpg\" title=\"Foto: Max Colin Heydenreich\"><img loading=\"lazy\" decoding=\"async\" width=\"128\" src=\"http:\/\/www.schoene-nachrichten.de\/wp-content\/uploads\/2007\/03\/070322_Bauen_46.thumbnail.jpg\" alt=\"070322_Bauen_46.jpg\" height=\"85\" \/><\/a>\u00c2\u00a0<a target=\"_blank\" href=\"http:\/\/www.schoene-nachrichten.de\/wp-content\/uploads\/2007\/03\/070322_Bauen_33.jpg\" title=\"Foto: Max Colin Heydenreich\"><img loading=\"lazy\" decoding=\"async\" width=\"128\" src=\"http:\/\/www.schoene-nachrichten.de\/wp-content\/uploads\/2007\/03\/070322_Bauen_33.thumbnail.jpg\" alt=\"070322_Bauen_33.jpg\" height=\"85\" \/><\/a>\u00c2\u00a0<a target=\"_blank\" href=\"http:\/\/www.schoene-nachrichten.de\/wp-content\/uploads\/2007\/03\/070322_Bauen_25.jpg\" title=\"Foto: Max Colin Heydenreich\"><img loading=\"lazy\" decoding=\"async\" width=\"128\" src=\"http:\/\/www.schoene-nachrichten.de\/wp-content\/uploads\/2007\/03\/070322_Bauen_25.thumbnail.jpg\" alt=\"070322_Bauen_25.jpg\" height=\"85\" \/><\/a><\/p>\n<p><!--more-->Neuwagen, Gebrauchtwagen und Vorf\u00fchrfahrzeuge werden auch in diesem Jahr auf dem 8000 Quadratmeter gro\u00dfen Freigel\u00e4nde ausgestellt. Im Fokus der Messe steht das Thema &#8220;Energieeinsparung&#8221;. Neben Produkinformationen \u00fcber Passivhaus, Pelletofen oder Hackschnitzelanlage finden begleitend Fachvortr\u00e4ge zum Thema statt. Wer auf der Suche nach einem passenden Ausbildungsplatz ist, kann sich auf der Messe auch \u00fcber Ausbildungsm\u00f6glichkeiten im Handwerk informieren.<\/p>\n<p>Die Messe ist t\u00e4glich von 10.00 bis 18.00 Uhr ge\u00f6ffnet. Der Eintritt kostet 6 Euro. Rentner, Studenten und Sch\u00fcler zahlen 4 Euro. Die Parkpl\u00e4tze am Messegel\u00e4nde sind kostenlos. Wer nicht mit dem Auto zur Messe fahren will, kann den kostenlosen Pendelbusverkehr der \u00dcWAG nutzen. Der Bus f\u00e4hrt an allen vier Messetagen im 1-Stunden-Takt zwischen 9.30 Uhr und 18.30 Uhr vom Busbahnhof am Stadtschloss zum Haupteingang des Messegel\u00e4ndes.\u00c2\u00a0Die Bilderserie entstand heute Vormittag noch vor der offiziellen Er\u00f6ffnung.<\/p>\n<p><a target=\"_blank\" href=\"http:\/\/www.schoene-nachrichten.de\/wp-content\/uploads\/2007\/03\/070322_Bauen_51.jpg\" title=\"Foto: Max Colin Heydenreich\"><img loading=\"lazy\" decoding=\"async\" width=\"128\" src=\"http:\/\/www.schoene-nachrichten.de\/wp-content\/uploads\/2007\/03\/070322_Bauen_51.thumbnail.jpg\" alt=\"070322_Bauen_51.jpg\" height=\"85\" \/><\/a> <a target=\"_blank\" href=\"http:\/\/www.schoene-nachrichten.de\/wp-content\/uploads\/2007\/03\/070322_Bauen_50.jpg\" title=\"Foto: Max Colin Heydenreich\"><img loading=\"lazy\" decoding=\"async\" width=\"128\" src=\"http:\/\/www.schoene-nachrichten.de\/wp-content\/uploads\/2007\/03\/070322_Bauen_50.thumbnail.jpg\" alt=\"070322_Bauen_50.jpg\" height=\"85\" \/><\/a> <a target=\"_blank\" href=\"http:\/\/www.schoene-nachrichten.de\/wp-content\/uploads\/2007\/03\/070322_Bauen_49.jpg\" title=\"Foto: Max Colin Heydenreich\"><img loading=\"lazy\" decoding=\"async\" width=\"128\" src=\"http:\/\/www.schoene-nachrichten.de\/wp-content\/uploads\/2007\/03\/070322_Bauen_49.thumbnail.jpg\" alt=\"070322_Bauen_49.jpg\" height=\"85\" \/><\/a><\/p>\n<p><a target=\"_blank\" href=\"http:\/\/www.schoene-nachrichten.de\/wp-content\/uploads\/2007\/03\/070322_Bauen_48.jpg\" title=\"Foto: Max Colin Heydenreich\"><img loading=\"lazy\" decoding=\"async\" width=\"128\" src=\"http:\/\/www.schoene-nachrichten.de\/wp-content\/uploads\/2007\/03\/070322_Bauen_48.thumbnail.jpg\" alt=\"070322_Bauen_48.jpg\" height=\"85\" \/><\/a> <a target=\"_blank\" href=\"http:\/\/www.schoene-nachrichten.de\/wp-content\/uploads\/2007\/03\/070322_Bauen_47.jpg\" title=\"Foto: Max Colin Heydenreich\"><img loading=\"lazy\" decoding=\"async\" width=\"128\" src=\"http:\/\/www.schoene-nachrichten.de\/wp-content\/uploads\/2007\/03\/070322_Bauen_47.thumbnail.jpg\" alt=\"070322_Bauen_47.jpg\" height=\"85\" \/><\/a>\u00c2\u00a0<a target=\"_blank\" href=\"http:\/\/www.schoene-nachrichten.de\/wp-content\/uploads\/2007\/03\/070322_Bauen_03.jpg\" title=\"Foto: Max Colin Heydenreich\"><img loading=\"lazy\" decoding=\"async\" width=\"128\" src=\"http:\/\/www.schoene-nachrichten.de\/wp-content\/uploads\/2007\/03\/070322_Bauen_03.thumbnail.jpg\" alt=\"070322_Bauen_03.jpg\" height=\"85\" \/><\/a><\/p>\n<p><a target=\"_blank\" href=\"http:\/\/www.schoene-nachrichten.de\/wp-content\/uploads\/2007\/03\/070322_Bauen_45.jpg\" title=\"Foto: Max Colin Heydenreich\"><img loading=\"lazy\" decoding=\"async\" width=\"128\" src=\"http:\/\/www.schoene-nachrichten.de\/wp-content\/uploads\/2007\/03\/070322_Bauen_45.thumbnail.jpg\" alt=\"070322_Bauen_45.jpg\" height=\"85\" \/><\/a> <a target=\"_blank\" href=\"http:\/\/www.schoene-nachrichten.de\/wp-content\/uploads\/2007\/03\/070322_Bauen_44.jpg\" title=\"Foto: Max Colin Heydenreich\"><img loading=\"lazy\" decoding=\"async\" width=\"128\" src=\"http:\/\/www.schoene-nachrichten.de\/wp-content\/uploads\/2007\/03\/070322_Bauen_44.thumbnail.jpg\" alt=\"070322_Bauen_44.jpg\" height=\"85\" \/><\/a> <a target=\"_blank\" href=\"http:\/\/www.schoene-nachrichten.de\/wp-content\/uploads\/2007\/03\/070322_Bauen_43.jpg\" title=\"Foto: Max Colin Heydenreich\"><img loading=\"lazy\" decoding=\"async\" width=\"128\" src=\"http:\/\/www.schoene-nachrichten.de\/wp-content\/uploads\/2007\/03\/070322_Bauen_43.thumbnail.jpg\" alt=\"070322_Bauen_43.jpg\" height=\"85\" \/><\/a><\/p>\n<p><a target=\"_blank\" href=\"http:\/\/www.schoene-nachrichten.de\/wp-content\/uploads\/2007\/03\/070322_Bauen_42.jpg\" title=\"Foto: Max Colin Heydenreich\"><img loading=\"lazy\" decoding=\"async\" width=\"128\" src=\"http:\/\/www.schoene-nachrichten.de\/wp-content\/uploads\/2007\/03\/070322_Bauen_42.thumbnail.jpg\" alt=\"070322_Bauen_42.jpg\" height=\"85\" \/><\/a> <a target=\"_blank\" href=\"http:\/\/www.schoene-nachrichten.de\/wp-content\/uploads\/2007\/03\/070322_Bauen_41.jpg\" title=\"Foto: Max Colin Heydenreich\"><img loading=\"lazy\" decoding=\"async\" width=\"128\" src=\"http:\/\/www.schoene-nachrichten.de\/wp-content\/uploads\/2007\/03\/070322_Bauen_41.thumbnail.jpg\" alt=\"070322_Bauen_41.jpg\" height=\"85\" \/><\/a> <a target=\"_blank\" href=\"http:\/\/www.schoene-nachrichten.de\/wp-content\/uploads\/2007\/03\/070322_Bauen_40.jpg\" title=\"Foto: Max Colin Heydenreich\"><img loading=\"lazy\" decoding=\"async\" width=\"128\" src=\"http:\/\/www.schoene-nachrichten.de\/wp-content\/uploads\/2007\/03\/070322_Bauen_40.thumbnail.jpg\" alt=\"070322_Bauen_40.jpg\" height=\"85\" \/><\/a><br \/>\n<a target=\"_blank\" href=\"http:\/\/www.schoene-nachrichten.de\/wp-content\/uploads\/2007\/03\/070322_Bauen_39.jpg\" title=\"Foto: Max Colin Heydenreich\"><br \/>\n<img loading=\"lazy\" decoding=\"async\" width=\"128\" src=\"http:\/\/www.schoene-nachrichten.de\/wp-content\/uploads\/2007\/03\/070322_Bauen_39.thumbnail.jpg\" alt=\"070322_Bauen_39.jpg\" height=\"85\" \/><\/a> <a target=\"_blank\" href=\"http:\/\/www.schoene-nachrichten.de\/wp-content\/uploads\/2007\/03\/070322_Bauen_38.jpg\" title=\"Foto: Max Colin Heydenreich\"><img loading=\"lazy\" decoding=\"async\" width=\"128\" src=\"http:\/\/www.schoene-nachrichten.de\/wp-content\/uploads\/2007\/03\/070322_Bauen_38.thumbnail.jpg\" alt=\"070322_Bauen_38.jpg\" height=\"85\" \/><\/a> <a target=\"_blank\" href=\"http:\/\/www.schoene-nachrichten.de\/wp-content\/uploads\/2007\/03\/070322_Bauen_37.jpg\" title=\"Foto: Max Colin Heydenreich\"><img loading=\"lazy\" decoding=\"async\" width=\"128\" src=\"http:\/\/www.schoene-nachrichten.de\/wp-content\/uploads\/2007\/03\/070322_Bauen_37.thumbnail.jpg\" alt=\"070322_Bauen_37.jpg\" height=\"85\" \/><\/a><br \/>\n<a target=\"_blank\" href=\"http:\/\/www.schoene-nachrichten.de\/wp-content\/uploads\/2007\/03\/070322_Bauen_36.jpg\" title=\"Foto: Max Colin Heydenreich\"><br \/>\n<img loading=\"lazy\" decoding=\"async\" width=\"128\" src=\"http:\/\/www.schoene-nachrichten.de\/wp-content\/uploads\/2007\/03\/070322_Bauen_36.thumbnail.jpg\" alt=\"070322_Bauen_36.jpg\" height=\"85\" \/><\/a> <a target=\"_blank\" href=\"http:\/\/www.schoene-nachrichten.de\/wp-content\/uploads\/2007\/03\/070322_Bauen_35.jpg\" title=\"Foto: Max Colin Heydenreich\"><img loading=\"lazy\" decoding=\"async\" width=\"128\" src=\"http:\/\/www.schoene-nachrichten.de\/wp-content\/uploads\/2007\/03\/070322_Bauen_35.thumbnail.jpg\" alt=\"070322_Bauen_35.jpg\" height=\"85\" \/><\/a> <a target=\"_blank\" href=\"http:\/\/www.schoene-nachrichten.de\/wp-content\/uploads\/2007\/03\/070322_Bauen_34.jpg\" title=\"Foto: Max Colin Heydenreich\"><img loading=\"lazy\" decoding=\"async\" width=\"128\" src=\"http:\/\/www.schoene-nachrichten.de\/wp-content\/uploads\/2007\/03\/070322_Bauen_34.thumbnail.jpg\" alt=\"070322_Bauen_34.jpg\" height=\"85\" \/><\/a><\/p>\n<p><a target=\"_blank\" href=\"http:\/\/www.schoene-nachrichten.de\/wp-content\/uploads\/2007\/03\/070322_Bauen_32.jpg\" title=\"Foto: Max Colin Heydenreich\"><img loading=\"lazy\" decoding=\"async\" width=\"128\" src=\"http:\/\/www.schoene-nachrichten.de\/wp-content\/uploads\/2007\/03\/070322_Bauen_32.thumbnail.jpg\" alt=\"070322_Bauen_32.jpg\" height=\"85\" \/><\/a> <a target=\"_blank\" href=\"http:\/\/www.schoene-nachrichten.de\/wp-content\/uploads\/2007\/03\/070322_Bauen_31.jpg\" title=\"Foto: Max Colin Heydenreich\"><img loading=\"lazy\" decoding=\"async\" width=\"128\" src=\"http:\/\/www.schoene-nachrichten.de\/wp-content\/uploads\/2007\/03\/070322_Bauen_31.thumbnail.jpg\" alt=\"070322_Bauen_31.jpg\" height=\"85\" \/><\/a> <a target=\"_blank\" href=\"http:\/\/www.schoene-nachrichten.de\/wp-content\/uploads\/2007\/03\/070322_Bauen_01.jpg\" title=\"Foto: Max Colin Heydenreich\"><img loading=\"lazy\" decoding=\"async\" width=\"128\" src=\"http:\/\/www.schoene-nachrichten.de\/wp-content\/uploads\/2007\/03\/070322_Bauen_01.thumbnail.jpg\" alt=\"070322_Bauen_01.jpg\" height=\"85\" \/><\/a>\u00c2\u00a0<br \/>\n<a target=\"_blank\" href=\"http:\/\/www.schoene-nachrichten.de\/wp-content\/uploads\/2007\/03\/070322_Bauen_30.jpg\" title=\"Foto: Max Colin Heydenreich\"><br \/>\n<img loading=\"lazy\" decoding=\"async\" width=\"128\" src=\"http:\/\/www.schoene-nachrichten.de\/wp-content\/uploads\/2007\/03\/070322_Bauen_30.thumbnail.jpg\" alt=\"070322_Bauen_30.jpg\" height=\"85\" \/><\/a> <a target=\"_blank\" href=\"http:\/\/www.schoene-nachrichten.de\/wp-content\/uploads\/2007\/03\/070322_Bauen_29.jpg\" title=\"Foto: Max Colin Heydenreich\"><img loading=\"lazy\" decoding=\"async\" width=\"128\" src=\"http:\/\/www.schoene-nachrichten.de\/wp-content\/uploads\/2007\/03\/070322_Bauen_29.thumbnail.jpg\" alt=\"070322_Bauen_29.jpg\" height=\"85\" \/><\/a> <a target=\"_blank\" href=\"http:\/\/www.schoene-nachrichten.de\/wp-content\/uploads\/2007\/03\/070322_Bauen_28.jpg\" title=\"Foto: Max Colin Heydenreich\"><img loading=\"lazy\" decoding=\"async\" width=\"128\" src=\"http:\/\/www.schoene-nachrichten.de\/wp-content\/uploads\/2007\/03\/070322_Bauen_28.thumbnail.jpg\" alt=\"070322_Bauen_28.jpg\" height=\"85\" \/><\/a><br \/>\n<a target=\"_blank\" href=\"http:\/\/www.schoene-nachrichten.de\/wp-content\/uploads\/2007\/03\/070322_Bauen_27.jpg\" title=\"Foto: Max Colin Heydenreich\"><br \/>\n<img loading=\"lazy\" decoding=\"async\" width=\"128\" src=\"http:\/\/www.schoene-nachrichten.de\/wp-content\/uploads\/2007\/03\/070322_Bauen_27.thumbnail.jpg\" alt=\"070322_Bauen_27.jpg\" height=\"85\" \/><\/a>\u00c2\u00a0<a target=\"_blank\" href=\"http:\/\/www.schoene-nachrichten.de\/wp-content\/uploads\/2007\/03\/070322_Bauen_23.jpg\" title=\"Foto: Max Colin Heydenreich\"><img loading=\"lazy\" decoding=\"async\" width=\"128\" src=\"http:\/\/www.schoene-nachrichten.de\/wp-content\/uploads\/2007\/03\/070322_Bauen_23.thumbnail.jpg\" alt=\"070322_Bauen_23.jpg\" height=\"85\" \/><\/a> <a target=\"_blank\" href=\"http:\/\/www.schoene-nachrichten.de\/wp-content\/uploads\/2007\/03\/070322_Bauen_22.jpg\" title=\"Foto: Max Colin Heydenreich\"><img loading=\"lazy\" decoding=\"async\" width=\"128\" src=\"http:\/\/www.schoene-nachrichten.de\/wp-content\/uploads\/2007\/03\/070322_Bauen_22.thumbnail.jpg\" alt=\"070322_Bauen_22.jpg\" height=\"85\" \/><\/a><br \/>\n<a target=\"_blank\" href=\"http:\/\/www.schoene-nachrichten.de\/wp-content\/uploads\/2007\/03\/070322_Bauen_21.jpg\" title=\"Foto: Max Colin Heydenreich\"><br \/>\n<img loading=\"lazy\" decoding=\"async\" width=\"128\" src=\"http:\/\/www.schoene-nachrichten.de\/wp-content\/uploads\/2007\/03\/070322_Bauen_21.thumbnail.jpg\" alt=\"070322_Bauen_21.jpg\" height=\"85\" \/><\/a> <a target=\"_blank\" href=\"http:\/\/www.schoene-nachrichten.de\/wp-content\/uploads\/2007\/03\/070322_Bauen_20.jpg\" title=\"Foto: Max Colin Heydenreich\"><img loading=\"lazy\" decoding=\"async\" width=\"128\" src=\"http:\/\/www.schoene-nachrichten.de\/wp-content\/uploads\/2007\/03\/070322_Bauen_20.thumbnail.jpg\" alt=\"070322_Bauen_20.jpg\" height=\"85\" \/><\/a> <a target=\"_blank\" href=\"http:\/\/www.schoene-nachrichten.de\/wp-content\/uploads\/2007\/03\/070322_Bauen_19.jpg\" title=\"Foto: Max Colin Heydenreich\"><img loading=\"lazy\" decoding=\"async\" width=\"128\" src=\"http:\/\/www.schoene-nachrichten.de\/wp-content\/uploads\/2007\/03\/070322_Bauen_19.thumbnail.jpg\" alt=\"070322_Bauen_19.jpg\" height=\"85\" \/><\/a><br \/>\n<a target=\"_blank\" href=\"http:\/\/www.schoene-nachrichten.de\/wp-content\/uploads\/2007\/03\/070322_Bauen_18.jpg\" title=\"Foto: Max Colin Heydenreich\"><br \/>\n<img loading=\"lazy\" decoding=\"async\" width=\"128\" src=\"http:\/\/www.schoene-nachrichten.de\/wp-content\/uploads\/2007\/03\/070322_Bauen_18.thumbnail.jpg\" alt=\"070322_Bauen_18.jpg\" height=\"85\" \/><\/a> <a target=\"_blank\" href=\"http:\/\/www.schoene-nachrichten.de\/wp-content\/uploads\/2007\/03\/070322_Bauen_17.jpg\" title=\"Foto: Max Colin Heydenreich\"><img loading=\"lazy\" decoding=\"async\" width=\"128\" src=\"http:\/\/www.schoene-nachrichten.de\/wp-content\/uploads\/2007\/03\/070322_Bauen_17.thumbnail.jpg\" alt=\"070322_Bauen_17.jpg\" height=\"85\" \/><\/a> <a target=\"_blank\" href=\"http:\/\/www.schoene-nachrichten.de\/wp-content\/uploads\/2007\/03\/070322_Bauen_16.jpg\" title=\"Foto: Max Colin Heydenreich\"><img loading=\"lazy\" decoding=\"async\" width=\"128\" src=\"http:\/\/www.schoene-nachrichten.de\/wp-content\/uploads\/2007\/03\/070322_Bauen_16.thumbnail.jpg\" alt=\"070322_Bauen_16.jpg\" height=\"85\" \/><\/a><br \/>\n<a target=\"_blank\" href=\"http:\/\/www.schoene-nachrichten.de\/wp-content\/uploads\/2007\/03\/070322_Bauen_15.jpg\" title=\"Foto: Max Colin Heydenreich\"><br \/>\n<img loading=\"lazy\" decoding=\"async\" width=\"128\" src=\"http:\/\/www.schoene-nachrichten.de\/wp-content\/uploads\/2007\/03\/070322_Bauen_15.thumbnail.jpg\" alt=\"070322_Bauen_15.jpg\" height=\"85\" \/><\/a> <a target=\"_blank\" href=\"http:\/\/www.schoene-nachrichten.de\/wp-content\/uploads\/2007\/03\/070322_Bauen_14.jpg\" title=\"Foto: Max Colin Heydenreich\"><img loading=\"lazy\" decoding=\"async\" width=\"128\" src=\"http:\/\/www.schoene-nachrichten.de\/wp-content\/uploads\/2007\/03\/070322_Bauen_14.thumbnail.jpg\" alt=\"070322_Bauen_14.jpg\" height=\"85\" \/><\/a> <a target=\"_blank\" href=\"http:\/\/www.schoene-nachrichten.de\/wp-content\/uploads\/2007\/03\/070322_Bauen_13.jpg\" title=\"Foto: Max Colin Heydenreich\"><img loading=\"lazy\" decoding=\"async\" width=\"128\" src=\"http:\/\/www.schoene-nachrichten.de\/wp-content\/uploads\/2007\/03\/070322_Bauen_13.thumbnail.jpg\" alt=\"070322_Bauen_13.jpg\" height=\"85\" \/><\/a><br \/>\n<a target=\"_blank\" href=\"http:\/\/www.schoene-nachrichten.de\/wp-content\/uploads\/2007\/03\/070322_Bauen_12.jpg\" title=\"Foto: Max Colin Heydenreich\"><br \/>\n<img loading=\"lazy\" decoding=\"async\" width=\"128\" src=\"http:\/\/www.schoene-nachrichten.de\/wp-content\/uploads\/2007\/03\/070322_Bauen_12.thumbnail.jpg\" alt=\"070322_Bauen_12.jpg\" height=\"85\" \/><\/a> <a target=\"_blank\" href=\"http:\/\/www.schoene-nachrichten.de\/wp-content\/uploads\/2007\/03\/070322_Bauen_11.jpg\" title=\"Foto: Max Colin Heydenreich\"><img loading=\"lazy\" decoding=\"async\" width=\"128\" src=\"http:\/\/www.schoene-nachrichten.de\/wp-content\/uploads\/2007\/03\/070322_Bauen_11.thumbnail.jpg\" alt=\"070322_Bauen_11.jpg\" height=\"85\" \/><\/a> <a target=\"_blank\" href=\"http:\/\/www.schoene-nachrichten.de\/wp-content\/uploads\/2007\/03\/070322_Bauen_10.jpg\" title=\"Foto: Max Colin Heydenreich\"><img loading=\"lazy\" decoding=\"async\" width=\"128\" src=\"http:\/\/www.schoene-nachrichten.de\/wp-content\/uploads\/2007\/03\/070322_Bauen_10.thumbnail.jpg\" alt=\"070322_Bauen_10.jpg\" height=\"85\" \/><\/a><br \/>\n<a target=\"_blank\" href=\"http:\/\/www.schoene-nachrichten.de\/wp-content\/uploads\/2007\/03\/070322_Bauen_09.jpg\" title=\"Foto: Max Colin Heydenreich\"><br \/>\n<img loading=\"lazy\" decoding=\"async\" width=\"128\" src=\"http:\/\/www.schoene-nachrichten.de\/wp-content\/uploads\/2007\/03\/070322_Bauen_09.thumbnail.jpg\" alt=\"070322_Bauen_09.jpg\" height=\"85\" \/><\/a> <a target=\"_blank\" href=\"http:\/\/www.schoene-nachrichten.de\/wp-content\/uploads\/2007\/03\/070322_Bauen_08.jpg\" title=\"Foto: Max Colin Heydenreich\"><img loading=\"lazy\" decoding=\"async\" width=\"128\" src=\"http:\/\/www.schoene-nachrichten.de\/wp-content\/uploads\/2007\/03\/070322_Bauen_08.thumbnail.jpg\" alt=\"070322_Bauen_08.jpg\" height=\"85\" \/><\/a> <a target=\"_blank\" href=\"http:\/\/www.schoene-nachrichten.de\/wp-content\/uploads\/2007\/03\/070322_Bauen_07.jpg\" title=\"Foto: Max Colin Heydenreich\"><img loading=\"lazy\" decoding=\"async\" width=\"128\" src=\"http:\/\/www.schoene-nachrichten.de\/wp-content\/uploads\/2007\/03\/070322_Bauen_07.thumbnail.jpg\" alt=\"070322_Bauen_07.jpg\" height=\"85\" \/><\/a><br \/>\n<a target=\"_blank\" href=\"http:\/\/www.schoene-nachrichten.de\/wp-content\/uploads\/2007\/03\/070322_Bauen_06.jpg\" title=\"Foto: Max Colin Heydenreich\"><br \/>\n<img loading=\"lazy\" decoding=\"async\" width=\"128\" src=\"http:\/\/www.schoene-nachrichten.de\/wp-content\/uploads\/2007\/03\/070322_Bauen_06.thumbnail.jpg\" alt=\"070322_Bauen_06.jpg\" height=\"85\" \/><\/a> <a target=\"_blank\" href=\"http:\/\/www.schoene-nachrichten.de\/wp-content\/uploads\/2007\/03\/070322_Bauen_05.jpg\" title=\"Foto: Max Colin Heydenreich\"><img loading=\"lazy\" decoding=\"async\" width=\"128\" src=\"http:\/\/www.schoene-nachrichten.de\/wp-content\/uploads\/2007\/03\/070322_Bauen_05.thumbnail.jpg\" alt=\"070322_Bauen_05.jpg\" height=\"85\" \/><\/a> <a target=\"_blank\" href=\"http:\/\/www.schoene-nachrichten.de\/wp-content\/uploads\/2007\/03\/070322_Bauen_04.jpg\" title=\"Foto: Max Colin Heydenreich\"><img loading=\"lazy\" decoding=\"async\" width=\"128\" src=\"http:\/\/www.schoene-nachrichten.de\/wp-content\/uploads\/2007\/03\/070322_Bauen_04.thumbnail.jpg\" alt=\"070322_Bauen_04.jpg\" height=\"85\" \/><\/a><\/p>\n","protected":false},"excerpt":{"rendered":"<div class=\"tmnf_excerpt\"><p>Sch\u00f6nes aus Fulda. Heute\u00c2\u00a0startet die\u00c2\u00a017.\u00c2\u00a0Fachausstellung &#8220;bauen &amp; automobil&#8221; auf dem Messegel\u00e4nde der Fulda-Galerie.\u00c2\u00a0Etwa 230 Aussteller pr\u00e4sentieren dort bis zum Sonntag, 25.03., ihre Leistungen und Produkte rund um Garten, Haus und Auto.\u00c2\u00a0\u00c2\u00a0 Fotos (51): Max Colin Heydenreich \u00c2\u00a0\u00c2\u00a0 \u00c2\u00a0\u00c2\u00a0<\/p>\n<\/div>","protected":false},"author":1,"featured_media":0,"comment_status":"closed","ping_status":"closed","sticky":false,"template":"","format":"standard","meta":{"footnotes":""},"categories":[1,35,54,52],"tags":[],"class_list":["post-2250","post","type-post","status-publish","format-standard","hentry","category-startseite","category-auto","category-bildergalerien","category-umwelt"],"_links":{"self":[{"href":"https:\/\/www.fuldaernachrichten.de\/index.php?rest_route=\/wp\/v2\/posts\/2250","targetHints":{"allow":["GET"]}}],"collection":[{"href":"https:\/\/www.fuldaernachrichten.de\/index.php?rest_route=\/wp\/v2\/posts"}],"about":[{"href":"https:\/\/www.fuldaernachrichten.de\/index.php?rest_route=\/wp\/v2\/types\/post"}],"author":[{"embeddable":true,"href":"https:\/\/www.fuldaernachrichten.de\/index.php?rest_route=\/wp\/v2\/users\/1"}],"replies":[{"embeddable":true,"href":"https:\/\/www.fuldaernachrichten.de\/index.php?rest_route=%2Fwp%2Fv2%2Fcomments&post=2250"}],"version-history":[{"count":0,"href":"https:\/\/www.fuldaernachrichten.de\/index.php?rest_route=\/wp\/v2\/posts\/2250\/revisions"}],"wp:attachment":[{"href":"https:\/\/www.fuldaernachrichten.de\/index.php?rest_route=%2Fwp%2Fv2%2Fmedia&parent=2250"}],"wp:term":[{"taxonomy":"category","embeddable":true,"href":"https:\/\/www.fuldaernachrichten.de\/index.php?rest_route=%2Fwp%2Fv2%2Fcategories&post=2250"},{"taxonomy":"post_tag","embeddable":true,"href":"https:\/\/www.fuldaernachrichten.de\/index.php?rest_route=%2Fwp%2Fv2%2Ftags&post=2250"}],"curies":[{"name":"wp","href":"https:\/\/api.w.org\/{rel}","templated":true}]}}