{"id":2241,"date":"2007-03-22T06:24:05","date_gmt":"2007-03-22T05:24:05","guid":{"rendered":"http:\/\/www.schoene-nachrichten.de\/?p=2241"},"modified":"2007-03-22T06:26:21","modified_gmt":"2007-03-22T05:26:21","slug":"termine-vortrag-staedtebau-florian-illies-liest-im-stadtschloss-osterferienprogramm","status":"publish","type":"post","link":"https:\/\/www.fuldaernachrichten.de\/?p=2241","title":{"rendered":"Termine: Vortrag St\u00e4dtebau &#8211; Florian Illies liest im Stadtschloss &#8211; Osterferienprogramm"},"content":{"rendered":"<p><strong>Termine. <\/strong>Zu einem st\u00e4dtebaulichen Fachvortrag l\u00e4dt Stadtbaur\u00e4tin Cornelia Zuschke ein. Literaturfans d\u00fcrfen sich auf eine Lesung mit Florian Illies freuen und in den Osterferien hat das Umweltzentrum Fulda\u00c2\u00a0drei interessante Veranstaltungen f\u00fcr Kinder im Angebot.<\/p>\n<p><a href=\"http:\/\/www.schoene-nachrichten.de\/wp-content\/uploads\/2007\/03\/070321-uz-filzkurs.jpg\" title=\"070321-uz-filzkurs.jpg\"><\/a><\/p>\n<p><!--more--><strong>Vortrag St\u00e4dtebau<\/strong><\/p>\n<p><strong>Fulda.<\/strong> Stadtbaur\u00e4tin Cornelia Zuschke l\u00e4dt am Freitag, 23. M\u00e4rz 2007, parallel zur Baumesse zu einem st\u00e4dtebaulichen Fachvortrag ein. In diesem Jahr steht ein eher geisteswissenschaftliches Thema auf dem Programm. Heinrich Spanier, Referatsleiter im Bundesumweltministerium, wird sich in Malerei und Kunstgeschichte auf\u00c2\u00a0 die Spurensuche begeben, wie Menschen bauen, gestalten und damit Natur und Umwelt ver\u00e4ndern. Der Vortrag findet im F\u00fcrstensaal des Stadtschlosses statt. Beginn ist um 19 Uhr.\u00c2\u00a0Der Besuch der Veranstaltung ist kostenfrei.<\/p>\n<p><strong>Florian Illies liest im Stadtschloss &#8211; Heimspiel mit \u201eOrtsgespr\u00e4ch\u201c<\/strong><\/p>\n<p><strong>Fulda.<\/strong> Florian Illies liest am kommenden Dienstag, dem 27. M\u00e4rz , um 20.00 Uhr aus seinem neuesten Buch \u201eOrtsgespr\u00e4ch\u201c im F\u00fcrstensaal des Stadtschlosses.\u00c2\u00a0Illies wurde in Schlitz geboren\u00c2\u00a0und machte\u00c2\u00a0in Fulda sein Abitur. Bekannt wurde er als Leiter der \u201eBerliner Seiten\u201c und Mitarbeiter im Feuilleton der\u00c2\u00a0 FAZ, ganz besonders aber durch sein Buch \u201eGeneration Golf\u201c, mit dem er zum Chronisten f\u00fcr die Lebensgef\u00fchle seiner Generation, der zwischen 1965 und 1975 Geborenen, geworden ist.<\/p>\n<p>Ein ganz anderer Stoff erwartet die Leser von \u201eOrtsgespr\u00e4ch\u201c. Hier geht es um Herkunft und Heimat, um das Gef\u00fchl des immer wieder Nach-Hause-Kommens, um gewisse b\u00fcrgerliche Verhaltensmuster, die der Autor gnadenlos auf die Schippe nimmt. Illies verarbeitet mit Witz und Humor seine Schlitzer Beobachtungen, von denen er glaubt, dass sie ein Ph\u00e4nomen am Anfang des 21. Jahrhunderts beschreiben. \u201eSchlitz ist \u00fcberall\u201c, hat er einmal gesagt, und das ist ein Lob f\u00fcr das Bodenst\u00e4ndige, das Gesunde, das noch Normale der Provinz.<\/p>\n<p><strong>Osterferienprogramm<\/strong><\/p>\n<p><strong>Fulda.<\/strong> Das Umweltzentrum Fulda bietet f\u00fcr Kinder im Alter von 7 bis 12 Jahren in den Osterferien drei Veranstaltungen an. Am Montag, 02.04., steht das Filzen auf dem Programm. Dass Weiden nicht nur B\u00e4ume sind, die in der Fuldaaue wachsen, sondern man allerlei N\u00fctzliches aus ihren Ruten gestalten kann, zeigt Hanna Beckmann am Mittwoch, dem 04. April. Der Donnerstag, 12.04. steht unter dem Thema \u201eHase \u2013 Kaninchen. Woher kommt der Streichelhase?\u201c\u00c2\u00a0Julia Djabalameli vermittelt viel Wissenswertes \u00fcber Verhalten und \u00d6kologie der Tiere.<\/p>\n<p>Die Workshops dauern jeweils von 10.00 bis 15.00 Uhr, die Teilnahmegeb\u00fchr betr\u00e4gt 12 Euro. Proviant f\u00fcr die Mittagspause\u00c2\u00a0ist mitzubringen. Die Teilnehmerzahl ist beschr\u00e4nkt. Anmeldungen f\u00fcr die einzelnen Tage k\u00f6nnen bis zum 26.03. im Umweltzentrum Fulda (Tel. 0661 \/ 970 979 0 oder email: <a href=\"mailto:umweltzentrum-fulda@gmx.de\">umweltzentrum-fulda@gmx.de<\/a>) erfolgen.<\/p>\n<p><a href=\"http:\/\/www.schoene-nachrichten.de\/wp-content\/uploads\/2007\/03\/070321-uz-filzkurs.jpg\" title=\"070321-uz-filzkurs.jpg\"><\/a><\/p>\n","protected":false},"excerpt":{"rendered":"<div class=\"tmnf_excerpt\"><p>Termine. Zu einem st\u00e4dtebaulichen Fachvortrag l\u00e4dt Stadtbaur\u00e4tin Cornelia Zuschke ein. Literaturfans d\u00fcrfen sich auf eine Lesung mit Florian Illies freuen und in den Osterferien hat das Umweltzentrum Fulda\u00c2\u00a0drei interessante Veranstaltungen f\u00fcr Kinder im Angebot.<\/p>\n<\/div>","protected":false},"author":1,"featured_media":0,"comment_status":"closed","ping_status":"closed","sticky":false,"template":"","format":"standard","meta":{"footnotes":""},"categories":[1,53,44,52],"tags":[],"class_list":["post-2241","post","type-post","status-publish","format-standard","hentry","category-startseite","category-bildung","category-kultur","category-umwelt"],"_links":{"self":[{"href":"https:\/\/www.fuldaernachrichten.de\/index.php?rest_route=\/wp\/v2\/posts\/2241","targetHints":{"allow":["GET"]}}],"collection":[{"href":"https:\/\/www.fuldaernachrichten.de\/index.php?rest_route=\/wp\/v2\/posts"}],"about":[{"href":"https:\/\/www.fuldaernachrichten.de\/index.php?rest_route=\/wp\/v2\/types\/post"}],"author":[{"embeddable":true,"href":"https:\/\/www.fuldaernachrichten.de\/index.php?rest_route=\/wp\/v2\/users\/1"}],"replies":[{"embeddable":true,"href":"https:\/\/www.fuldaernachrichten.de\/index.php?rest_route=%2Fwp%2Fv2%2Fcomments&post=2241"}],"version-history":[{"count":0,"href":"https:\/\/www.fuldaernachrichten.de\/index.php?rest_route=\/wp\/v2\/posts\/2241\/revisions"}],"wp:attachment":[{"href":"https:\/\/www.fuldaernachrichten.de\/index.php?rest_route=%2Fwp%2Fv2%2Fmedia&parent=2241"}],"wp:term":[{"taxonomy":"category","embeddable":true,"href":"https:\/\/www.fuldaernachrichten.de\/index.php?rest_route=%2Fwp%2Fv2%2Fcategories&post=2241"},{"taxonomy":"post_tag","embeddable":true,"href":"https:\/\/www.fuldaernachrichten.de\/index.php?rest_route=%2Fwp%2Fv2%2Ftags&post=2241"}],"curies":[{"name":"wp","href":"https:\/\/api.w.org\/{rel}","templated":true}]}}