{"id":2236,"date":"2007-03-21T15:57:08","date_gmt":"2007-03-21T14:57:08","guid":{"rendered":"http:\/\/www.schoene-nachrichten.de\/?p=2236"},"modified":"2007-03-21T15:57:08","modified_gmt":"2007-03-21T14:57:08","slug":"casapietras-sehnsucht-nach-dem-fluegel","status":"publish","type":"post","link":"https:\/\/www.fuldaernachrichten.de\/?p=2236","title":{"rendered":"Casapietras Sehnsucht nach dem Fl\u00fcgel"},"content":{"rendered":"<p><strong>Leute.<\/strong> \u201eSerenata d\u00c2\u00b4Amore &#8211; Lieder der Sehnsucht\u201c hei\u00dft die aktuelle Tour von Bj\u00f6rn Casapietra und Olivia Safe. Sehnsucht hatte das Duett am Samstagabend in der Orangerie vor allem nach einem Fl\u00fcgel. Der stand zwar im Foyer, hatte aber zwei Saiten zu wenig. Deshalb musste es ein zerschrammtes \u00dcbungsklavier, auf dem sonst Musiksch\u00fcler versuchen, Tasten und T\u00f6ne zu treffen, tun. Eigentlich sollten ein Bier und ein Aschenbecher als Deko dienen. Doch die Idee wurde verworfen, weil&#8217;s nicht wirklich mit dem Klassik-Programm harmonierte.<\/p>\n<p><strong>Foto:<\/strong> Max Colin Heydenreich<\/p>\n<p><a target=\"_blank\" href=\"http:\/\/www.schoene-nachrichten.de\/wp-content\/uploads\/2007\/03\/070321-casapietra.jpg\" title=\"070321-casapietra.jpg\"><img decoding=\"async\" src=\"http:\/\/www.schoene-nachrichten.de\/wp-content\/uploads\/2007\/03\/070321-casapietra.thumbnail.jpg\" alt=\"070321-casapietra.jpg\" \/><\/a><\/p>\n<p>Bilder vom Konzert sehen Sie <a target=\"_blank\" href=\"http:\/\/www.schoene-nachrichten.de\/?s=Casapietra\">hier<\/a>.<\/p>\n<p><!--more-->Blumen aus der Hotellobby schienen da die bessere Wahl zu sein. Pianist Andreas Vermesy hatte allerdings\u00c2\u00a0\u00fcberhaupt keine Wahl. &#8220;Ich habe gek\u00e4mpft, das Beste rauszuholen\u201c, sagte er nach dem Auftritt. Bj\u00f6rn und Olivia nahmen die Panne mit Humor. Stand doch auf der Konzertb\u00fchne in Essen eine Gefriertruhe, deren K\u00fchlaggregat dauernd ansprang und Brummger\u00e4usche im Background erzeugte.<\/p>\n<p>Da wird das Klavier in Fulda vermutlich als das kleinere \u00dcbel in Erinnerung bleiben. N\u00e4chstes Jahr will der Halbitaliener trotzdem wieder in die Barockstadt kommen. Egal ob dann ein Steinway-Fl\u00fcgel oder ein nussbaumfarbenes Musikschulrelikt auf der B\u00fchne steht, eines ist sicher: Die Zuschauer werden am Ende des Konzerts wieder stehend applaudieren.<\/p>\n","protected":false},"excerpt":{"rendered":"<div class=\"tmnf_excerpt\"><p>Leute. \u201eSerenata d\u00c2\u00b4Amore &#8211; Lieder der Sehnsucht\u201c hei\u00dft die aktuelle Tour von Bj\u00f6rn Casapietra und Olivia Safe. Sehnsucht hatte das Duett am Samstagabend in der Orangerie vor allem nach einem Fl\u00fcgel. Der stand zwar im Foyer, hatte aber zwei Saiten zu wenig. Deshalb musste es ein zerschrammtes \u00dcbungsklavier, auf dem sonst Musiksch\u00fcler versuchen, Tasten und &hellip;<\/p>\n<\/div>","protected":false},"author":1,"featured_media":0,"comment_status":"closed","ping_status":"closed","sticky":false,"template":"","format":"standard","meta":{"footnotes":""},"categories":[1,44],"tags":[],"class_list":["post-2236","post","type-post","status-publish","format-standard","hentry","category-startseite","category-kultur"],"_links":{"self":[{"href":"https:\/\/www.fuldaernachrichten.de\/index.php?rest_route=\/wp\/v2\/posts\/2236","targetHints":{"allow":["GET"]}}],"collection":[{"href":"https:\/\/www.fuldaernachrichten.de\/index.php?rest_route=\/wp\/v2\/posts"}],"about":[{"href":"https:\/\/www.fuldaernachrichten.de\/index.php?rest_route=\/wp\/v2\/types\/post"}],"author":[{"embeddable":true,"href":"https:\/\/www.fuldaernachrichten.de\/index.php?rest_route=\/wp\/v2\/users\/1"}],"replies":[{"embeddable":true,"href":"https:\/\/www.fuldaernachrichten.de\/index.php?rest_route=%2Fwp%2Fv2%2Fcomments&post=2236"}],"version-history":[{"count":0,"href":"https:\/\/www.fuldaernachrichten.de\/index.php?rest_route=\/wp\/v2\/posts\/2236\/revisions"}],"wp:attachment":[{"href":"https:\/\/www.fuldaernachrichten.de\/index.php?rest_route=%2Fwp%2Fv2%2Fmedia&parent=2236"}],"wp:term":[{"taxonomy":"category","embeddable":true,"href":"https:\/\/www.fuldaernachrichten.de\/index.php?rest_route=%2Fwp%2Fv2%2Fcategories&post=2236"},{"taxonomy":"post_tag","embeddable":true,"href":"https:\/\/www.fuldaernachrichten.de\/index.php?rest_route=%2Fwp%2Fv2%2Ftags&post=2236"}],"curies":[{"name":"wp","href":"https:\/\/api.w.org\/{rel}","templated":true}]}}