{"id":2225,"date":"2007-03-20T23:54:29","date_gmt":"2007-03-20T22:54:29","guid":{"rendered":"http:\/\/www.schoene-nachrichten.de\/?p=2225"},"modified":"2007-03-20T23:59:32","modified_gmt":"2007-03-20T22:59:32","slug":"erst-putzen-dann-paddeln-kanuten-eroeffneten-nach-osterputz-die-breitensportsaison","status":"publish","type":"post","link":"https:\/\/www.fuldaernachrichten.de\/?p=2225","title":{"rendered":"Erst putzen, dann paddeln &#8211; Kanuten er\u00f6ffneten nach Osterputz die Breitensportsaison"},"content":{"rendered":"<p><strong>Sch\u00f6nes aus Fulda.<\/strong> Nach dem Abfahrtsrennen am\u00c2\u00a0zweiten M\u00e4rzwochenende widmeten sich die Kanuten des Kanu-Club-Fulda am vergangenen Wochenende der Reinigung und Pflege ihres &#8220;Natur-Stadions&#8221; &#8211; der Fulda zwischen Wiesenm\u00fchlengraben und der Stra\u00dfenbr\u00fccke bei Horas. Am Sonntag wurde die Breitensportsaison mit dem obligatorischen &#8220;Anpaddeln&#8221; er\u00f6ffnet.\u00c2\u00a0<\/p>\n<p><a target=\"_blank\" href=\"http:\/\/www.schoene-nachrichten.de\/wp-content\/uploads\/2007\/03\/070320-osterputz.jpg\" title=\"Foto: Kanu-Club Fulda\"><img decoding=\"async\" width=\"128\" src=\"http:\/\/www.schoene-nachrichten.de\/wp-content\/uploads\/2007\/03\/070320-osterputz.thumbnail.jpg\" alt=\"070320-osterputz.jpg\" height=\"95\" \/><\/a>\u00c2\u00a0<a target=\"_blank\" href=\"http:\/\/www.schoene-nachrichten.de\/wp-content\/uploads\/2007\/03\/070320-anpaddeln.jpg\" title=\"Foto: Kanu Club Fulda\"><img decoding=\"async\" src=\"http:\/\/www.schoene-nachrichten.de\/wp-content\/uploads\/2007\/03\/070320-anpaddeln.thumbnail.jpg\" alt=\"070320-anpaddeln.jpg\" \/><\/a>\u00c2\u00a0<\/p>\n<p><!--more-->Der Kanu-Club-Fulda hat das Thema Naturschutz in seiner Satzung verankert. Deshalb findet auch bei den Paddlern allj\u00e4hrlich der Osterputz statt.\u00c2\u00a0Mit Harken, Rechen und M\u00fclls\u00e4cken &#8220;bewaffnet&#8221;\u00c2\u00a0waren junge und alte Paddler im Boot und zu Land losgezogen und hatten Flusslauf und Uferstreifen von allerhand Unrat befreit.<\/p>\n<p>Am Sonntag gab Wanderwart Adam Roth den Startschuss zur Er\u00f6ffnung der Breitensportsaison 2007. Trotz Aprilwetter lie\u00dfen sich zahlreiche Kanuten nicht davon abhalten, mit Roth auf der Oberen Fulda von Eichenzell bis zum Bootshaus des KCF zu paddeln.<\/p>\n<p>Zum Start w\u00fcnschte der Wanderwart allen die obligatorische &#8220;Handbreit Wasser unter dem Kiel&#8221;. Und dann ging es bei gutem Wasserstand mit den Kajaks \u00fcber die beiden Rennstrecken des Fulda-Rennens vom Vor-Wochenende ab Richtung Bootshaus. Die Breitensportler erwartet ab nun ein sehr abwechslungsreiches Kanu-Programm bis zum Abpaddeln im Sp\u00e4therbst.<\/p>\n","protected":false},"excerpt":{"rendered":"<div class=\"tmnf_excerpt\"><p>Sch\u00f6nes aus Fulda. Nach dem Abfahrtsrennen am\u00c2\u00a0zweiten M\u00e4rzwochenende widmeten sich die Kanuten des Kanu-Club-Fulda am vergangenen Wochenende der Reinigung und Pflege ihres &#8220;Natur-Stadions&#8221; &#8211; der Fulda zwischen Wiesenm\u00fchlengraben und der Stra\u00dfenbr\u00fccke bei Horas. Am Sonntag wurde die Breitensportsaison mit dem obligatorischen &#8220;Anpaddeln&#8221; er\u00f6ffnet.\u00c2\u00a0 \u00c2\u00a0\u00c2\u00a0<\/p>\n<\/div>","protected":false},"author":1,"featured_media":0,"comment_status":"closed","ping_status":"closed","sticky":false,"template":"","format":"standard","meta":{"footnotes":""},"categories":[1,46],"tags":[],"class_list":["post-2225","post","type-post","status-publish","format-standard","hentry","category-startseite","category-sport"],"_links":{"self":[{"href":"https:\/\/www.fuldaernachrichten.de\/index.php?rest_route=\/wp\/v2\/posts\/2225","targetHints":{"allow":["GET"]}}],"collection":[{"href":"https:\/\/www.fuldaernachrichten.de\/index.php?rest_route=\/wp\/v2\/posts"}],"about":[{"href":"https:\/\/www.fuldaernachrichten.de\/index.php?rest_route=\/wp\/v2\/types\/post"}],"author":[{"embeddable":true,"href":"https:\/\/www.fuldaernachrichten.de\/index.php?rest_route=\/wp\/v2\/users\/1"}],"replies":[{"embeddable":true,"href":"https:\/\/www.fuldaernachrichten.de\/index.php?rest_route=%2Fwp%2Fv2%2Fcomments&post=2225"}],"version-history":[{"count":0,"href":"https:\/\/www.fuldaernachrichten.de\/index.php?rest_route=\/wp\/v2\/posts\/2225\/revisions"}],"wp:attachment":[{"href":"https:\/\/www.fuldaernachrichten.de\/index.php?rest_route=%2Fwp%2Fv2%2Fmedia&parent=2225"}],"wp:term":[{"taxonomy":"category","embeddable":true,"href":"https:\/\/www.fuldaernachrichten.de\/index.php?rest_route=%2Fwp%2Fv2%2Fcategories&post=2225"},{"taxonomy":"post_tag","embeddable":true,"href":"https:\/\/www.fuldaernachrichten.de\/index.php?rest_route=%2Fwp%2Fv2%2Ftags&post=2225"}],"curies":[{"name":"wp","href":"https:\/\/api.w.org\/{rel}","templated":true}]}}