{"id":2223,"date":"2007-03-21T08:34:49","date_gmt":"2007-03-21T07:34:49","guid":{"rendered":"http:\/\/www.schoene-nachrichten.de\/?p=2223"},"modified":"2007-03-21T08:35:57","modified_gmt":"2007-03-21T07:35:57","slug":"empfang-fuer-linde-weiland-ehrung-fuer-herausragendes-wirken","status":"publish","type":"post","link":"https:\/\/www.fuldaernachrichten.de\/?p=2223","title":{"rendered":"Empfang f\u00fcr Linde Weiland &#8211; Ehrung f\u00fcr herausragendes Wirken"},"content":{"rendered":"<p><strong>Sch\u00f6nes aus Fulda.<\/strong> Linde Weiland, die langj\u00e4hrige\u00c2\u00a0Vorsitzende der J\u00fcdischen Gemeinde, wurde gestern mit einem Empfang der Stadt Fulda aus dem Ehrenamt verabschiedet und f\u00fcr ihren unerm\u00fcdlichen Einsatz geehrt und gew\u00fcrdigt.\u00c2\u00a0Etwa 70 G\u00e4ste, darunter Vertreter des \u00f6ffentlichen Lebens,\u00c2\u00a0Familiemitglieder,\u00c2\u00a0Weggef\u00e4hrten und\u00c2\u00a0der neue Vorsitzende der J\u00fcdischen Gemeinde Roman Melamed, waren in den Marmorsaal des Stadtschlosses\u00c2\u00a0gekommen.\u00c2\u00a0<\/p>\n<p><strong>Fotos (15):<\/strong> Max Colin Heydenreich<\/p>\n<p><strong>Video ansehen mit:<\/strong> <a target=\"_blank\" href=\"http:\/\/www.schoene-nachrichten.de\/wp-content\/uploads\/2007\/03\/070320_weiland.wmv\">Windows Media Player<\/a> oder <a target=\"_blank\" href=\"http:\/\/www.schoene-nachrichten.de\/Video\/070320_Weiland.rmvb\">Real Media Player<\/a><\/p>\n<p><a target=\"_blank\" href=\"http:\/\/www.schoene-nachrichten.de\/wp-content\/uploads\/2007\/03\/070320_Weiland_05.jpg\" title=\"Foto: Max Colin Heydenreich\"><img decoding=\"async\" width=\"128\" src=\"http:\/\/www.schoene-nachrichten.de\/wp-content\/uploads\/2007\/03\/070320_Weiland_05.thumbnail.jpg\" alt=\"070320_Weiland_05.jpg\" height=\"85\" \/><\/a>\u00c2\u00a0<a target=\"_blank\" href=\"http:\/\/www.schoene-nachrichten.de\/wp-content\/uploads\/2007\/03\/070320_Weiland_14.jpg\" title=\"Foto: Max Colin Heydenreich\"><img decoding=\"async\" width=\"128\" src=\"http:\/\/www.schoene-nachrichten.de\/wp-content\/uploads\/2007\/03\/070320_Weiland_14.thumbnail.jpg\" alt=\"070320_Weiland_14.jpg\" height=\"85\" \/><\/a> <a target=\"_blank\" href=\"http:\/\/www.schoene-nachrichten.de\/wp-content\/uploads\/2007\/03\/070320_Weiland_08.jpg\" title=\"Foto: Max Colin Heydenreich\"><img decoding=\"async\" width=\"128\" src=\"http:\/\/www.schoene-nachrichten.de\/wp-content\/uploads\/2007\/03\/070320_Weiland_08.thumbnail.jpg\" alt=\"070320_Weiland_08.jpg\" height=\"85\" \/><\/a><\/p>\n<p><!--more--><a target=\"_blank\" href=\"http:\/\/www.schoene-nachrichten.de\/wp-content\/uploads\/2007\/03\/070320_Weiland_15.jpg\" title=\"Foto: Max Colin Heydenreich\"><img loading=\"lazy\" decoding=\"async\" width=\"128\" src=\"http:\/\/www.schoene-nachrichten.de\/wp-content\/uploads\/2007\/03\/070320_Weiland_15.thumbnail.jpg\" alt=\"070320_Weiland_15.jpg\" height=\"85\" \/><\/a>\u00c2\u00a0<a target=\"_blank\" href=\"http:\/\/www.schoene-nachrichten.de\/wp-content\/uploads\/2007\/03\/070320_Weiland_04.jpg\" title=\"Foto: Max Colin Heydenreich\"><img loading=\"lazy\" decoding=\"async\" width=\"128\" src=\"http:\/\/www.schoene-nachrichten.de\/wp-content\/uploads\/2007\/03\/070320_Weiland_04.thumbnail.jpg\" alt=\"070320_Weiland_04.jpg\" height=\"85\" \/><\/a> <a target=\"_blank\" href=\"http:\/\/www.schoene-nachrichten.de\/wp-content\/uploads\/2007\/03\/070320_Weiland_13.jpg\" title=\"Foto: Max Colin Heydenreich\"><img loading=\"lazy\" decoding=\"async\" width=\"128\" src=\"http:\/\/www.schoene-nachrichten.de\/wp-content\/uploads\/2007\/03\/070320_Weiland_13.thumbnail.jpg\" alt=\"070320_Weiland_13.jpg\" height=\"85\" \/><\/a><br \/>\n<a target=\"_blank\" href=\"http:\/\/www.schoene-nachrichten.de\/wp-content\/uploads\/2007\/03\/070320_Weiland_12.jpg\" title=\"Foto: Max Colin Heydenreich\"><br \/>\n<img loading=\"lazy\" decoding=\"async\" width=\"128\" src=\"http:\/\/www.schoene-nachrichten.de\/wp-content\/uploads\/2007\/03\/070320_Weiland_12.thumbnail.jpg\" alt=\"070320_Weiland_12.jpg\" height=\"85\" \/><\/a> <a target=\"_blank\" href=\"http:\/\/www.schoene-nachrichten.de\/wp-content\/uploads\/2007\/03\/070320_Weiland_11.jpg\" title=\"Foto: Max Colin Heydenreich\"><img loading=\"lazy\" decoding=\"async\" width=\"128\" src=\"http:\/\/www.schoene-nachrichten.de\/wp-content\/uploads\/2007\/03\/070320_Weiland_11.thumbnail.jpg\" alt=\"070320_Weiland_11.jpg\" height=\"85\" \/><\/a> <a target=\"_blank\" href=\"http:\/\/www.schoene-nachrichten.de\/wp-content\/uploads\/2007\/03\/070320_Weiland_10.jpg\" title=\"Foto: Max Colin Heydenreich\"><img loading=\"lazy\" decoding=\"async\" width=\"128\" src=\"http:\/\/www.schoene-nachrichten.de\/wp-content\/uploads\/2007\/03\/070320_Weiland_10.thumbnail.jpg\" alt=\"070320_Weiland_10.jpg\" height=\"85\" \/><\/a><\/p>\n<p>Oberb\u00fcrgermeister Gerhard M\u00f6ller dankte der Historikerin, die\u00c2\u00a0die J\u00fcdische Gemeinde\u00c2\u00a0fast 20 Jahre aufgebaut und repr\u00e4sentiert hat, f\u00fcr ihre Verdienste und \u00fcberreichte eine Urkunde.\u00c2\u00a0In seiner Rede hatte der OB an die j\u00fcdische Geschichte Fuldas erinnert und insbesondere dem ehemaligen Oberb\u00fcrgermeister Dr. Wolfgang Hamberger gedankt, der sich in seiner Amtszeit f\u00fcr die Zuwanderung\u00c2\u00a0neuer j\u00fcdischer Mitb\u00fcrger engagierte. Bemerkenswert sei, dass die Gemeinde heute wieder 500\u00c2\u00a0Mitglieder z\u00e4hlt. Wie Linde Weiland ihren Abschied vom Ehrenamt empfindet, sehen Sie im Video.<br \/>\n<a target=\"_blank\" href=\"http:\/\/www.schoene-nachrichten.de\/wp-content\/uploads\/2007\/03\/070320_Weiland_09.jpg\" title=\"Foto: Max Colin Heydenreich\"><br \/>\n<img loading=\"lazy\" decoding=\"async\" width=\"128\" src=\"http:\/\/www.schoene-nachrichten.de\/wp-content\/uploads\/2007\/03\/070320_Weiland_09.thumbnail.jpg\" alt=\"070320_Weiland_09.jpg\" height=\"85\" \/><\/a>\u00c2\u00a0<a target=\"_blank\" href=\"http:\/\/www.schoene-nachrichten.de\/wp-content\/uploads\/2007\/03\/070320_Weiland_07.jpg\" title=\"Foto: Max Colin Heydenreich\"><img loading=\"lazy\" decoding=\"async\" width=\"128\" src=\"http:\/\/www.schoene-nachrichten.de\/wp-content\/uploads\/2007\/03\/070320_Weiland_07.thumbnail.jpg\" alt=\"070320_Weiland_07.jpg\" height=\"85\" \/><\/a>\u00c2\u00a0<a target=\"_blank\" href=\"http:\/\/www.schoene-nachrichten.de\/wp-content\/uploads\/2007\/03\/070320_Weiland_06.jpg\" title=\"Foto: Max Colin Heydenreich\"><img loading=\"lazy\" decoding=\"async\" width=\"128\" src=\"http:\/\/www.schoene-nachrichten.de\/wp-content\/uploads\/2007\/03\/070320_Weiland_06.thumbnail.jpg\" alt=\"070320_Weiland_06.jpg\" height=\"85\" \/><\/a>\u00c2\u00a0<br \/>\n<a target=\"_blank\" href=\"http:\/\/www.schoene-nachrichten.de\/wp-content\/uploads\/2007\/03\/070320_Weiland_03.jpg\" title=\"Foto: Max Colin Heydenreich\"><br \/>\n<img loading=\"lazy\" decoding=\"async\" width=\"128\" src=\"http:\/\/www.schoene-nachrichten.de\/wp-content\/uploads\/2007\/03\/070320_Weiland_03.thumbnail.jpg\" alt=\"070320_Weiland_03.jpg\" height=\"85\" \/><\/a> <a target=\"_blank\" href=\"http:\/\/www.schoene-nachrichten.de\/wp-content\/uploads\/2007\/03\/070320_Weiland_02.jpg\" title=\"Foto: Max Colin Heydenreich\"><img loading=\"lazy\" decoding=\"async\" width=\"128\" src=\"http:\/\/www.schoene-nachrichten.de\/wp-content\/uploads\/2007\/03\/070320_Weiland_02.thumbnail.jpg\" alt=\"070320_Weiland_02.jpg\" height=\"85\" \/><\/a> <a target=\"_blank\" href=\"http:\/\/www.schoene-nachrichten.de\/wp-content\/uploads\/2007\/03\/070320_Weiland_01.jpg\" title=\"Foto: Max Colin Heydenreich\"><img loading=\"lazy\" decoding=\"async\" width=\"128\" src=\"http:\/\/www.schoene-nachrichten.de\/wp-content\/uploads\/2007\/03\/070320_Weiland_01.thumbnail.jpg\" alt=\"070320_Weiland_01.jpg\" height=\"85\" \/><\/a><\/p>\n<p><img decoding=\"async\" src=\"http:\/\/www.schoene-nachrichten.de\/wp-content\/uploads\/2007\/02\/x_sponsor.gif\" alt=\"x_sponsor.gif\" \/>[local \/wp-content\/uploads\/2007\/03\/070320_weiland.wmv]<\/p>\n","protected":false},"excerpt":{"rendered":"<div class=\"tmnf_excerpt\"><p>Sch\u00f6nes aus Fulda. Linde Weiland, die langj\u00e4hrige\u00c2\u00a0Vorsitzende der J\u00fcdischen Gemeinde, wurde gestern mit einem Empfang der Stadt Fulda aus dem Ehrenamt verabschiedet und f\u00fcr ihren unerm\u00fcdlichen Einsatz geehrt und gew\u00fcrdigt.\u00c2\u00a0Etwa 70 G\u00e4ste, darunter Vertreter des \u00f6ffentlichen Lebens,\u00c2\u00a0Familiemitglieder,\u00c2\u00a0Weggef\u00e4hrten und\u00c2\u00a0der neue Vorsitzende der J\u00fcdischen Gemeinde Roman Melamed, waren in den Marmorsaal des Stadtschlosses\u00c2\u00a0gekommen.\u00c2\u00a0 Fotos (15): Max Colin &hellip;<\/p>\n<\/div>","protected":false},"author":1,"featured_media":0,"comment_status":"closed","ping_status":"closed","sticky":false,"template":"","format":"standard","meta":{"footnotes":""},"categories":[1,54,50],"tags":[],"class_list":["post-2223","post","type-post","status-publish","format-standard","hentry","category-startseite","category-bildergalerien","category-kirche"],"_links":{"self":[{"href":"https:\/\/www.fuldaernachrichten.de\/index.php?rest_route=\/wp\/v2\/posts\/2223","targetHints":{"allow":["GET"]}}],"collection":[{"href":"https:\/\/www.fuldaernachrichten.de\/index.php?rest_route=\/wp\/v2\/posts"}],"about":[{"href":"https:\/\/www.fuldaernachrichten.de\/index.php?rest_route=\/wp\/v2\/types\/post"}],"author":[{"embeddable":true,"href":"https:\/\/www.fuldaernachrichten.de\/index.php?rest_route=\/wp\/v2\/users\/1"}],"replies":[{"embeddable":true,"href":"https:\/\/www.fuldaernachrichten.de\/index.php?rest_route=%2Fwp%2Fv2%2Fcomments&post=2223"}],"version-history":[{"count":0,"href":"https:\/\/www.fuldaernachrichten.de\/index.php?rest_route=\/wp\/v2\/posts\/2223\/revisions"}],"wp:attachment":[{"href":"https:\/\/www.fuldaernachrichten.de\/index.php?rest_route=%2Fwp%2Fv2%2Fmedia&parent=2223"}],"wp:term":[{"taxonomy":"category","embeddable":true,"href":"https:\/\/www.fuldaernachrichten.de\/index.php?rest_route=%2Fwp%2Fv2%2Fcategories&post=2223"},{"taxonomy":"post_tag","embeddable":true,"href":"https:\/\/www.fuldaernachrichten.de\/index.php?rest_route=%2Fwp%2Fv2%2Ftags&post=2223"}],"curies":[{"name":"wp","href":"https:\/\/api.w.org\/{rel}","templated":true}]}}