{"id":222,"date":"2006-12-03T21:29:22","date_gmt":"2006-12-03T20:29:22","guid":{"rendered":"http:\/\/www.schoene-nachrichten.de\/?p=222"},"modified":"2006-12-03T21:29:22","modified_gmt":"2006-12-03T20:29:22","slug":"kinder-musizierten-fur-kinder","status":"publish","type":"post","link":"https:\/\/www.fuldaernachrichten.de\/?p=222","title":{"rendered":"Kinder musizierten f\u00fcr Kinder"},"content":{"rendered":"<p><strong>Sch\u00f6nes aus Fulda.<\/strong> Zu ihrem allj\u00e4hrlichen Matin\u00e9e-Konzert hatten heute die Kinder der Musikschule Fulda in den Veranstaltungssaal der Sparkasse Fulda eingeladen.<\/p>\n<p>\u00c2\u00a0<\/p>\n<p>Kinder von sieben bis 12 Jahre spielten in verschiedenen Besetzungen Musikst\u00fccke f\u00fcr Querfl\u00f6te, Harfe, Gitarre und Klavier. Auch die Kinder der Musikalischen Fr\u00fcherziehung, der Kindertanzgruppe sowie junge Streicher waren dabei.<\/p>\n<p>\u00c2\u00a0<\/p>\n<p><a title=\"Sch\u00f6ne Nachrichten - Foto: Max Colin Heydenreich\" href=\"http:\/\/www.schoene-nachrichten.de\/wp-content\/uploads\/2006\/12\/dsc_0067.jpg\" target=\"_blank\"><img decoding=\"async\" id=\"image226\" height=\"85\" alt=\"dsc_0067.jpg\" src=\"http:\/\/www.schoene-nachrichten.de\/wp-content\/uploads\/2006\/12\/dsc_0067.thumbnail.jpg\" \/><\/a>\u00c2\u00a0<a title=\"Sch\u00f6ne Nachrichten - Foto: Max Colin Heydenreich\" href=\"http:\/\/www.schoene-nachrichten.de\/wp-content\/uploads\/2006\/12\/dsc_0008.jpg\" target=\"_blank\"><img decoding=\"async\" id=\"image223\" height=\"85\" alt=\"dsc_0008.jpg\" src=\"http:\/\/www.schoene-nachrichten.de\/wp-content\/uploads\/2006\/12\/dsc_0008.thumbnail.jpg\" \/><\/a><\/p>\n<p><a title=\"Sch\u00f6ne Nachrichten - Foto: Max Colin Heydenreich\" href=\"http:\/\/www.schoene-nachrichten.de\/wp-content\/uploads\/2006\/12\/dsc_0021.jpg\" target=\"_blank\"><img decoding=\"async\" id=\"image224\" height=\"85\" alt=\"dsc_0021.jpg\" src=\"http:\/\/www.schoene-nachrichten.de\/wp-content\/uploads\/2006\/12\/dsc_0021.thumbnail.jpg\" \/><\/a>\u00c2\u00a0<a title=\"Sch\u00f6ne Nachrichten - Foto: Max Colin Heydenreich\" href=\"http:\/\/www.schoene-nachrichten.de\/wp-content\/uploads\/2006\/12\/dsc_0059.jpg\" target=\"_blank\"><img decoding=\"async\" id=\"image225\" height=\"85\" alt=\"dsc_0059.jpg\" src=\"http:\/\/www.schoene-nachrichten.de\/wp-content\/uploads\/2006\/12\/dsc_0059.thumbnail.jpg\" \/><\/a><\/p>\n","protected":false},"excerpt":{"rendered":"<div class=\"tmnf_excerpt\"><p>Sch\u00f6nes aus Fulda. Zu ihrem allj\u00e4hrlichen Matin\u00e9e-Konzert hatten heute die Kinder der Musikschule Fulda in den Veranstaltungssaal der Sparkasse Fulda eingeladen. \u00c2\u00a0 Kinder von sieben bis 12 Jahre spielten in verschiedenen Besetzungen Musikst\u00fccke f\u00fcr Querfl\u00f6te, Harfe, Gitarre und Klavier. Auch die Kinder der Musikalischen Fr\u00fcherziehung, der Kindertanzgruppe sowie junge Streicher waren dabei. \u00c2\u00a0 \u00c2\u00a0 \u00c2\u00a0<\/p>\n<\/div>","protected":false},"author":1,"featured_media":0,"comment_status":"closed","ping_status":"closed","sticky":false,"template":"","format":"standard","meta":{"footnotes":""},"categories":[1],"tags":[],"class_list":["post-222","post","type-post","status-publish","format-standard","hentry","category-startseite"],"_links":{"self":[{"href":"https:\/\/www.fuldaernachrichten.de\/index.php?rest_route=\/wp\/v2\/posts\/222","targetHints":{"allow":["GET"]}}],"collection":[{"href":"https:\/\/www.fuldaernachrichten.de\/index.php?rest_route=\/wp\/v2\/posts"}],"about":[{"href":"https:\/\/www.fuldaernachrichten.de\/index.php?rest_route=\/wp\/v2\/types\/post"}],"author":[{"embeddable":true,"href":"https:\/\/www.fuldaernachrichten.de\/index.php?rest_route=\/wp\/v2\/users\/1"}],"replies":[{"embeddable":true,"href":"https:\/\/www.fuldaernachrichten.de\/index.php?rest_route=%2Fwp%2Fv2%2Fcomments&post=222"}],"version-history":[{"count":0,"href":"https:\/\/www.fuldaernachrichten.de\/index.php?rest_route=\/wp\/v2\/posts\/222\/revisions"}],"wp:attachment":[{"href":"https:\/\/www.fuldaernachrichten.de\/index.php?rest_route=%2Fwp%2Fv2%2Fmedia&parent=222"}],"wp:term":[{"taxonomy":"category","embeddable":true,"href":"https:\/\/www.fuldaernachrichten.de\/index.php?rest_route=%2Fwp%2Fv2%2Fcategories&post=222"},{"taxonomy":"post_tag","embeddable":true,"href":"https:\/\/www.fuldaernachrichten.de\/index.php?rest_route=%2Fwp%2Fv2%2Ftags&post=222"}],"curies":[{"name":"wp","href":"https:\/\/api.w.org\/{rel}","templated":true}]}}