{"id":2191,"date":"2007-03-19T20:59:17","date_gmt":"2007-03-19T19:59:17","guid":{"rendered":"http:\/\/www.schoene-nachrichten.de\/?p=2191"},"modified":"2007-03-19T21:00:33","modified_gmt":"2007-03-19T20:00:33","slug":"klinikum-und-mediana-gruppe-schliessen-entwicklungspartnerschaft","status":"publish","type":"post","link":"https:\/\/www.fuldaernachrichten.de\/?p=2191","title":{"rendered":"Klinikum und Mediana-Gruppe schlie\u00dfen Entwicklungspartnerschaft"},"content":{"rendered":"<p><strong>Sch\u00f6nes aus Fulda.<\/strong> Das Klinikum Fulda und die Unternehmensgruppe Mediana in Fulda wollen k\u00fcnftig enger zusammenarbeiten. Deshalb wurde jetzt eine Entwicklungspartnerschaft geschlossen. Klinikum-Vorstand Claus-Dieter Schad,\u00c2\u00a0 Mediana-Gesellschafter Willi Kropp, Mediana-Gesch\u00e4ftsf\u00fchrer Dr. Stefan Arend sowie der Medizinische Direktor der Klinikum Fulda gAG, Privat-Dozent Dr. Achim Hellinger,\u00c2\u00a0 unterzeichneten ein Strategiepapier, das nun Schritt f\u00fcr Schritt umgesetzt werden soll.<\/p>\n<p><a target=\"_blank\" href=\"http:\/\/www.schoene-nachrichten.de\/wp-content\/uploads\/2007\/03\/070319-klinikummediana.jpg\" title=\"Foto: Klinikum\"><img decoding=\"async\" src=\"http:\/\/www.schoene-nachrichten.de\/wp-content\/uploads\/2007\/03\/070319-klinikummediana.thumbnail.jpg\" alt=\"070319-klinikummediana.jpg\" \/><\/a>\u00c2\u00a0<a target=\"_blank\" href=\"http:\/\/www.schoene-nachrichten.de\/wp-content\/uploads\/2007\/03\/070319-klinikummediana2.jpg\" title=\"Foto: Klinikum\"><img decoding=\"async\" src=\"http:\/\/www.schoene-nachrichten.de\/wp-content\/uploads\/2007\/03\/070319-klinikummediana2.thumbnail.jpg\" alt=\"070319-klinikummediana2.jpg\" \/><\/a><\/p>\n<p><!--more-->Ziel dieser innovativen Partnerschaft sei die noch engere Verzahnung von medizinischer Behandlung im Krankenhaus, Pflege und Rehabilitation. Angestrebt, so die Initiatoren von Klinikum und Mediana, wird eine bessere qualit\u00e4tsorientierte Versorgung und Betreuung bestimmter Patientengruppen.<\/p>\n<p>Vor dem Hintergrund der neuen M\u00f6glichkeiten integrierter Versorgung werde eine Kooperation in diesem Sinne immer wichtiger. Erste Schritte in diese Richtung gab es bereits. So arbeiten beide Partner seit l\u00e4ngerem bei der Versorgung von Patienten mit enteraler Ern\u00e4hrung eng zusammen. Intensiviert wird jetzt die umfassende Zusammenarbeit im Bereich von \u00dcberleitungs- und Entlassungsmanagement zwischen station\u00e4rer und ambulanter Pflege. Schulungen und Fortbildungen der Mitarbeiter werden zuk\u00fcnftig regelm\u00e4\u00dfig gemeinsam durchgef\u00fchrt. Gemeinsame Entwicklungen im Bereich von Demenzerkrankungen sind geplant.\u00c2\u00a0<\/p>\n<p>Klinikum-Vorstand Claus-Dieter Schad und Mediana-Gesch\u00e4ftsf\u00fchrer Dr. Stefan Arend zeigten sich sehr froh \u00fcber diese neue Form der Zusammenarbeit. Schon seit vielen Jahren habe man exzellent zusammengewirkt, nunmehr erfahre die Kooperation zum Wohle der Patientinnen und Patienten eine neue Qualit\u00e4t und Intensit\u00e4t. \u201eLetztendlich geht es uns um den Aufbau qualit\u00e4tsorientierter und zukunftsweisender Versorgungsketten, die den Betroffenen ein hohes Ma\u00df an Sicherheit und Kompetenz garantieren\u201c, erkl\u00e4rten Schad und Arend abschlie\u00dfend.<\/p>\n<p>Auf den Fotos v. links: Privat-Dozent Dr. Achim Hellinger, Claus-Dieter Schad, Willi Kropp, Dr. Stefan Arend<\/p>\n","protected":false},"excerpt":{"rendered":"<div class=\"tmnf_excerpt\"><p>Sch\u00f6nes aus Fulda. Das Klinikum Fulda und die Unternehmensgruppe Mediana in Fulda wollen k\u00fcnftig enger zusammenarbeiten. Deshalb wurde jetzt eine Entwicklungspartnerschaft geschlossen. Klinikum-Vorstand Claus-Dieter Schad,\u00c2\u00a0 Mediana-Gesellschafter Willi Kropp, Mediana-Gesch\u00e4ftsf\u00fchrer Dr. Stefan Arend sowie der Medizinische Direktor der Klinikum Fulda gAG, Privat-Dozent Dr. Achim Hellinger,\u00c2\u00a0 unterzeichneten ein Strategiepapier, das nun Schritt f\u00fcr Schritt umgesetzt werden soll. &hellip;<\/p>\n<\/div>","protected":false},"author":1,"featured_media":0,"comment_status":"closed","ping_status":"closed","sticky":false,"template":"","format":"standard","meta":{"footnotes":""},"categories":[1,51],"tags":[],"class_list":["post-2191","post","type-post","status-publish","format-standard","hentry","category-startseite","category-medizin"],"_links":{"self":[{"href":"https:\/\/www.fuldaernachrichten.de\/index.php?rest_route=\/wp\/v2\/posts\/2191","targetHints":{"allow":["GET"]}}],"collection":[{"href":"https:\/\/www.fuldaernachrichten.de\/index.php?rest_route=\/wp\/v2\/posts"}],"about":[{"href":"https:\/\/www.fuldaernachrichten.de\/index.php?rest_route=\/wp\/v2\/types\/post"}],"author":[{"embeddable":true,"href":"https:\/\/www.fuldaernachrichten.de\/index.php?rest_route=\/wp\/v2\/users\/1"}],"replies":[{"embeddable":true,"href":"https:\/\/www.fuldaernachrichten.de\/index.php?rest_route=%2Fwp%2Fv2%2Fcomments&post=2191"}],"version-history":[{"count":0,"href":"https:\/\/www.fuldaernachrichten.de\/index.php?rest_route=\/wp\/v2\/posts\/2191\/revisions"}],"wp:attachment":[{"href":"https:\/\/www.fuldaernachrichten.de\/index.php?rest_route=%2Fwp%2Fv2%2Fmedia&parent=2191"}],"wp:term":[{"taxonomy":"category","embeddable":true,"href":"https:\/\/www.fuldaernachrichten.de\/index.php?rest_route=%2Fwp%2Fv2%2Fcategories&post=2191"},{"taxonomy":"post_tag","embeddable":true,"href":"https:\/\/www.fuldaernachrichten.de\/index.php?rest_route=%2Fwp%2Fv2%2Ftags&post=2191"}],"curies":[{"name":"wp","href":"https:\/\/api.w.org\/{rel}","templated":true}]}}