{"id":2175,"date":"2007-03-18T18:35:32","date_gmt":"2007-03-18T17:35:32","guid":{"rendered":"http:\/\/www.schoene-nachrichten.de\/?p=2175"},"modified":"2008-12-15T13:12:58","modified_gmt":"2008-12-15T12:12:58","slug":"zwei-neue-direktoren-am-klinikum-mediziner-mit-ehrgeiz-und-engagement","status":"publish","type":"post","link":"https:\/\/www.fuldaernachrichten.de\/?p=2175","title":{"rendered":"Zwei neue Direktoren am Klinikum &#8211; &#8220;Mediziner mit Ehrgeiz und Engagement&#8221;"},"content":{"rendered":"<p><strong>Sch\u00f6nes aus Fulda.<\/strong> Das Klinikum Fulda w\u00e4chst und r\u00fcstet sich f\u00fcr die Zukunft. Seit Donnerstag hat es 29 Kliniken und Institute, denn die Klinik f\u00fcr Thorax-, Herz- und Gef\u00e4\u00dfchirurgie wurde in zwei eigenst\u00e4ndige Bereiche geteilt &#8211; in die Klinik f\u00fcr Herz- und Thoraxchirurgie und in die Klinik f\u00fcr Gef\u00e4\u00dfchirurgie. Die Direktoren der beiden Kliniken wurden am Donnerstag in einer Feierstunde offiziell in ihr Amt eingef\u00fchrt.<\/p>\n<p><strong>Fotos (45) und Video:<\/strong> Max Colin Heydenreich<\/p>\n<p><strong>Video ansehen mit:<\/strong> <a target=\"_blank\" href=\"http:\/\/www.schoene-nachrichten.de\/wp-content\/uploads\/2007\/03\/070319_klinikum.wmv\">Windows Media Player<\/a> oder <a target=\"_blank\" href=\"http:\/\/www.schoene-nachrichten.de\/Video\/070319_Klinikum.rmvb\">Real Media Player<\/a><\/p>\n<p><a target=\"_blank\" href=\"http:\/\/www.schoene-nachrichten.de\/wp-content\/uploads\/2007\/03\/070319_Klinikum_04.jpg\" title=\"Foto: Max Colin Heydenreich\"><img decoding=\"async\" width=\"128\" src=\"http:\/\/www.schoene-nachrichten.de\/wp-content\/uploads\/2007\/03\/070319_Klinikum_04.thumbnail.jpg\" alt=\"070319_Klinikum_04.jpg\" height=\"85\" \/><\/a>\u00c2\u00a0<a target=\"_blank\" href=\"http:\/\/www.schoene-nachrichten.de\/wp-content\/uploads\/2007\/03\/070319_Klinikum_21.jpg\" title=\"Foto: Max Colin Heydenreich\"><img decoding=\"async\" width=\"128\" src=\"http:\/\/www.schoene-nachrichten.de\/wp-content\/uploads\/2007\/03\/070319_Klinikum_21.thumbnail.jpg\" alt=\"070319_Klinikum_21.jpg\" height=\"85\" \/><\/a>\u00c2\u00a0<a target=\"_blank\" href=\"http:\/\/www.schoene-nachrichten.de\/wp-content\/uploads\/2007\/03\/070319_Klinikum_32.jpg\" title=\"Foto: Max Colin Heydenreich\"><img decoding=\"async\" width=\"128\" src=\"http:\/\/www.schoene-nachrichten.de\/wp-content\/uploads\/2007\/03\/070319_Klinikum_32.thumbnail.jpg\" alt=\"070319_Klinikum_32.jpg\" height=\"85\" \/><\/a><\/p>\n<p><a target=\"_blank\" href=\"http:\/\/www.schoene-nachrichten.de\/wp-content\/uploads\/2007\/03\/070319_Klinikum_03.jpg\" title=\"Foto: Max Colin Heydenreich\"><img loading=\"lazy\" decoding=\"async\" width=\"128\" src=\"http:\/\/www.schoene-nachrichten.de\/wp-content\/uploads\/2007\/03\/070319_Klinikum_03.thumbnail.jpg\" alt=\"070319_Klinikum_03.jpg\" height=\"85\" \/><\/a> <a target=\"_blank\" href=\"http:\/\/www.schoene-nachrichten.de\/wp-content\/uploads\/2007\/03\/070319_Klinikum_02.jpg\" title=\"Foto: Max Colin Heydenreich\"><img loading=\"lazy\" decoding=\"async\" width=\"128\" src=\"http:\/\/www.schoene-nachrichten.de\/wp-content\/uploads\/2007\/03\/070319_Klinikum_02.thumbnail.jpg\" alt=\"070319_Klinikum_02.jpg\" height=\"85\" \/><\/a> <a target=\"_blank\" href=\"http:\/\/www.schoene-nachrichten.de\/wp-content\/uploads\/2007\/03\/070319_Klinikum_01.jpg\" title=\"Foto: Max Colin Heydenreich\"><img loading=\"lazy\" decoding=\"async\" width=\"128\" src=\"http:\/\/www.schoene-nachrichten.de\/wp-content\/uploads\/2007\/03\/070319_Klinikum_01.thumbnail.jpg\" alt=\"070319_Klinikum_01.jpg\" height=\"85\" \/><\/a><\/p>\n<p><!--more--><a target=\"_blank\" href=\"http:\/\/www.schoene-nachrichten.de\/wp-content\/uploads\/2007\/03\/070319_Klinikum_12.jpg\" title=\"Foto: Max Colin Heydenreich\"><img loading=\"lazy\" decoding=\"async\" width=\"128\" src=\"http:\/\/www.schoene-nachrichten.de\/wp-content\/uploads\/2007\/03\/070319_Klinikum_12.thumbnail.jpg\" alt=\"070319_Klinikum_12.jpg\" height=\"85\" \/><\/a> <a target=\"_blank\" href=\"http:\/\/www.schoene-nachrichten.de\/wp-content\/uploads\/2007\/03\/070319_Klinikum_11.jpg\" title=\"Foto: Max Colin Heydenreich\"><img loading=\"lazy\" decoding=\"async\" width=\"128\" src=\"http:\/\/www.schoene-nachrichten.de\/wp-content\/uploads\/2007\/03\/070319_Klinikum_11.thumbnail.jpg\" alt=\"070319_Klinikum_11.jpg\" height=\"85\" \/><\/a> <a target=\"_blank\" href=\"http:\/\/www.schoene-nachrichten.de\/wp-content\/uploads\/2007\/03\/070319_Klinikum_10.jpg\" title=\"Foto: Max Colin Heydenreich\"><img loading=\"lazy\" decoding=\"async\" width=\"128\" src=\"http:\/\/www.schoene-nachrichten.de\/wp-content\/uploads\/2007\/03\/070319_Klinikum_10.thumbnail.jpg\" alt=\"070319_Klinikum_10.jpg\" height=\"85\" \/><\/a><\/p>\n<p>Privatdozent Dr. med. Hilmar D\u00f6rge ist der neue Direktor der Klinik f\u00fcr Herz- und Thoraxchirurgie. Dr. med. Manfred Kaufmann leitet k\u00fcnftig die Klinik f\u00fcr Gef\u00e4\u00dfchirurgie. Vor dem Hintergrund des demographischen Wandels und den zu erwartenden Fallzahlsteigerungen in beiden Fachgebieten sei der Entschluss zur Umstrukturierung in zwei eigene Kompetenzbereiche gefallen, erkl\u00e4rte Klinikvorstand Claus-Dieter Schad. Die Zahl der Bewerbungen f\u00fcr beide Direktorenstellen sei gro\u00df gewesen.<\/p>\n<p><a target=\"_blank\" href=\"http:\/\/www.schoene-nachrichten.de\/wp-content\/uploads\/2007\/03\/070319_Klinikum_45.jpg\" title=\"Foto: Max Colin Heydenreich\"><img loading=\"lazy\" decoding=\"async\" width=\"128\" src=\"http:\/\/www.schoene-nachrichten.de\/wp-content\/uploads\/2007\/03\/070319_Klinikum_45.thumbnail.jpg\" alt=\"070319_Klinikum_45.jpg\" height=\"85\" \/><\/a> <a target=\"_blank\" href=\"http:\/\/www.schoene-nachrichten.de\/wp-content\/uploads\/2007\/03\/070319_Klinikum_44.jpg\" title=\"Foto: Max Colin Heydenreich\"><img loading=\"lazy\" decoding=\"async\" width=\"128\" src=\"http:\/\/www.schoene-nachrichten.de\/wp-content\/uploads\/2007\/03\/070319_Klinikum_44.thumbnail.jpg\" alt=\"070319_Klinikum_44.jpg\" height=\"85\" \/><\/a> <a target=\"_blank\" href=\"http:\/\/www.schoene-nachrichten.de\/wp-content\/uploads\/2007\/03\/070319_Klinikum_43.jpg\" title=\"Foto: Max Colin Heydenreich\"><img loading=\"lazy\" decoding=\"async\" width=\"128\" src=\"http:\/\/www.schoene-nachrichten.de\/wp-content\/uploads\/2007\/03\/070319_Klinikum_43.thumbnail.jpg\" alt=\"070319_Klinikum_43.jpg\" height=\"85\" \/><\/a><br \/>\n<a target=\"_blank\" href=\"http:\/\/www.schoene-nachrichten.de\/wp-content\/uploads\/2007\/03\/070319_Klinikum_42.jpg\" title=\"Foto: Max Colin Heydenreich\"><br \/>\n<img loading=\"lazy\" decoding=\"async\" width=\"128\" src=\"http:\/\/www.schoene-nachrichten.de\/wp-content\/uploads\/2007\/03\/070319_Klinikum_42.thumbnail.jpg\" alt=\"070319_Klinikum_42.jpg\" height=\"85\" \/><\/a> <a target=\"_blank\" href=\"http:\/\/www.schoene-nachrichten.de\/wp-content\/uploads\/2007\/03\/070319_Klinikum_41.jpg\" title=\"Foto: Max Colin Heydenreich\"><img loading=\"lazy\" decoding=\"async\" width=\"128\" src=\"http:\/\/www.schoene-nachrichten.de\/wp-content\/uploads\/2007\/03\/070319_Klinikum_41.thumbnail.jpg\" alt=\"070319_Klinikum_41.jpg\" height=\"85\" \/><\/a> <a target=\"_blank\" href=\"http:\/\/www.schoene-nachrichten.de\/wp-content\/uploads\/2007\/03\/070319_Klinikum_40.jpg\" title=\"Foto: Max Colin Heydenreich\"><img loading=\"lazy\" decoding=\"async\" width=\"128\" src=\"http:\/\/www.schoene-nachrichten.de\/wp-content\/uploads\/2007\/03\/070319_Klinikum_40.thumbnail.jpg\" alt=\"070319_Klinikum_40.jpg\" height=\"85\" \/><\/a><br \/>\n<a target=\"_blank\" href=\"http:\/\/www.schoene-nachrichten.de\/wp-content\/uploads\/2007\/03\/070319_Klinikum_39.jpg\" title=\"Foto: Max Colin Heydenreich\"><br \/>\n<img loading=\"lazy\" decoding=\"async\" width=\"128\" src=\"http:\/\/www.schoene-nachrichten.de\/wp-content\/uploads\/2007\/03\/070319_Klinikum_39.thumbnail.jpg\" alt=\"070319_Klinikum_39.jpg\" height=\"85\" \/><\/a> <a target=\"_blank\" href=\"http:\/\/www.schoene-nachrichten.de\/wp-content\/uploads\/2007\/03\/070319_Klinikum_38.jpg\" title=\"Foto: Max Colin Heydenreich\"><img loading=\"lazy\" decoding=\"async\" width=\"128\" src=\"http:\/\/www.schoene-nachrichten.de\/wp-content\/uploads\/2007\/03\/070319_Klinikum_38.thumbnail.jpg\" alt=\"070319_Klinikum_38.jpg\" height=\"85\" \/><\/a> <a target=\"_blank\" href=\"http:\/\/www.schoene-nachrichten.de\/wp-content\/uploads\/2007\/03\/070319_Klinikum_37.jpg\" title=\"Foto: Max Colin Heydenreich\"><img loading=\"lazy\" decoding=\"async\" width=\"128\" src=\"http:\/\/www.schoene-nachrichten.de\/wp-content\/uploads\/2007\/03\/070319_Klinikum_37.thumbnail.jpg\" alt=\"070319_Klinikum_37.jpg\" height=\"85\" \/><\/a><\/p>\n<p>Man sei aber sicher, mit den beiden neuen Direktoren eine gute Wahl getroffen zu haben, betonten Vorstand Schad sowie der Medizinische Direktor, PD Dr. med. Achim Hellinger. D\u00f6rge und Kaufmann seien Mediziner mit Ehrgeiz und Engagement und w\u00fcrden dazu beitragen, das Leistungsspektrum des Klinikums Fulda auszubauen und den guten Ruf des Hauses zu festigen.<br \/>\n<a target=\"_blank\" href=\"http:\/\/www.schoene-nachrichten.de\/wp-content\/uploads\/2007\/03\/070319_Klinikum_36.jpg\" title=\"Foto: Max Colin Heydenreich\"><br \/>\n<img loading=\"lazy\" decoding=\"async\" width=\"128\" src=\"http:\/\/www.schoene-nachrichten.de\/wp-content\/uploads\/2007\/03\/070319_Klinikum_36.thumbnail.jpg\" alt=\"070319_Klinikum_36.jpg\" height=\"85\" \/><\/a> <a target=\"_blank\" href=\"http:\/\/www.schoene-nachrichten.de\/wp-content\/uploads\/2007\/03\/070319_Klinikum_35.jpg\" title=\"Foto: Max Colin Heydenreich\"><img loading=\"lazy\" decoding=\"async\" width=\"128\" src=\"http:\/\/www.schoene-nachrichten.de\/wp-content\/uploads\/2007\/03\/070319_Klinikum_35.thumbnail.jpg\" alt=\"070319_Klinikum_35.jpg\" height=\"85\" \/><\/a> <a target=\"_blank\" href=\"http:\/\/www.schoene-nachrichten.de\/wp-content\/uploads\/2007\/03\/070319_Klinikum_34.jpg\" title=\"Foto: Max Colin Heydenreich\"><img loading=\"lazy\" decoding=\"async\" width=\"128\" src=\"http:\/\/www.schoene-nachrichten.de\/wp-content\/uploads\/2007\/03\/070319_Klinikum_34.thumbnail.jpg\" alt=\"070319_Klinikum_34.jpg\" height=\"85\" \/><\/a><br \/>\n<a target=\"_blank\" href=\"http:\/\/www.schoene-nachrichten.de\/wp-content\/uploads\/2007\/03\/070319_Klinikum_33.jpg\" title=\"Foto: Max Colin Heydenreich\"><br \/>\n<img loading=\"lazy\" decoding=\"async\" width=\"128\" src=\"http:\/\/www.schoene-nachrichten.de\/wp-content\/uploads\/2007\/03\/070319_Klinikum_33.thumbnail.jpg\" alt=\"070319_Klinikum_33.jpg\" height=\"85\" \/><\/a>\u00c2\u00a0<a target=\"_blank\" href=\"http:\/\/www.schoene-nachrichten.de\/wp-content\/uploads\/2007\/03\/070319_Klinikum_31.jpg\" title=\"Foto: Max Colin Heydenreich\"><img loading=\"lazy\" decoding=\"async\" width=\"128\" src=\"http:\/\/www.schoene-nachrichten.de\/wp-content\/uploads\/2007\/03\/070319_Klinikum_31.thumbnail.jpg\" alt=\"070319_Klinikum_31.jpg\" height=\"85\" \/>\u00c2\u00a0<\/a><a target=\"_blank\" href=\"http:\/\/www.schoene-nachrichten.de\/wp-content\/uploads\/2007\/03\/070319_Klinikum_20.jpg\" title=\"Foto: Max Colin Heydenreich\"><img loading=\"lazy\" decoding=\"async\" width=\"128\" src=\"http:\/\/www.schoene-nachrichten.de\/wp-content\/uploads\/2007\/03\/070319_Klinikum_20.thumbnail.jpg\" alt=\"070319_Klinikum_20.jpg\" height=\"85\" \/><\/a><br \/>\n<a target=\"_blank\" href=\"http:\/\/www.schoene-nachrichten.de\/wp-content\/uploads\/2007\/03\/070319_Klinikum_30.jpg\" title=\"Foto: Max Colin Heydenreich\"><br \/>\n<img loading=\"lazy\" decoding=\"async\" width=\"128\" src=\"http:\/\/www.schoene-nachrichten.de\/wp-content\/uploads\/2007\/03\/070319_Klinikum_30.thumbnail.jpg\" alt=\"070319_Klinikum_30.jpg\" height=\"85\" \/><\/a> <a target=\"_blank\" href=\"http:\/\/www.schoene-nachrichten.de\/wp-content\/uploads\/2007\/03\/070319_Klinikum_29.jpg\" title=\"Foto: Max Colin Heydenreich\"><img loading=\"lazy\" decoding=\"async\" width=\"128\" src=\"http:\/\/www.schoene-nachrichten.de\/wp-content\/uploads\/2007\/03\/070319_Klinikum_29.thumbnail.jpg\" alt=\"070319_Klinikum_29.jpg\" height=\"85\" \/><\/a> <a target=\"_blank\" href=\"http:\/\/www.schoene-nachrichten.de\/wp-content\/uploads\/2007\/03\/070319_Klinikum_28.jpg\" title=\"Foto: Max Colin Heydenreich\"><img loading=\"lazy\" decoding=\"async\" width=\"128\" src=\"http:\/\/www.schoene-nachrichten.de\/wp-content\/uploads\/2007\/03\/070319_Klinikum_28.thumbnail.jpg\" alt=\"070319_Klinikum_28.jpg\" height=\"85\" \/><\/a><\/p>\n<p>Dr. Hilmar D\u00f6rge (42) geb\u00fcrtiger Westfale, studierte Medizin an der RWTH Aachen, sammelte klinisch-chirurgische Erfahrung an der Universit\u00e4t Wien in einem der gr\u00f6\u00dften europ\u00e4ischen Transplantationszentren. Er wurde nach seiner R\u00fcckkehr aus Wien in Aachen im Herztransplantationsteam eingesetzt, war erst Leitender Stationsarzt einer Normalpflegestation und danach Leiter der herzchirurgischen Intensivstation. 2001 wechselte Dr. D\u00f6rge von Aachen in die Klinik und Poliklinik f\u00fcr Thorax-, Herz- und Gef\u00e4\u00dfchirurgie der Universit\u00e4t G\u00f6ttingen, wo er seither eine unbefristete Anstellung als Oberarzt und seit 2005 als Leitender Oberarzt hatte.<br \/>\n<a target=\"_blank\" href=\"http:\/\/www.schoene-nachrichten.de\/wp-content\/uploads\/2007\/03\/070319_Klinikum_27.jpg\" title=\"Foto: Max Colin Heydenreich\"><br \/>\n<img loading=\"lazy\" decoding=\"async\" width=\"128\" src=\"http:\/\/www.schoene-nachrichten.de\/wp-content\/uploads\/2007\/03\/070319_Klinikum_27.thumbnail.jpg\" alt=\"070319_Klinikum_27.jpg\" height=\"85\" \/><\/a> <a target=\"_blank\" href=\"http:\/\/www.schoene-nachrichten.de\/wp-content\/uploads\/2007\/03\/070319_Klinikum_26.jpg\" title=\"Foto: Max Colin Heydenreich\"><img loading=\"lazy\" decoding=\"async\" width=\"128\" src=\"http:\/\/www.schoene-nachrichten.de\/wp-content\/uploads\/2007\/03\/070319_Klinikum_26.thumbnail.jpg\" alt=\"070319_Klinikum_26.jpg\" height=\"85\" \/><\/a> <a target=\"_blank\" href=\"http:\/\/www.schoene-nachrichten.de\/wp-content\/uploads\/2007\/03\/070319_Klinikum_25.jpg\" title=\"Foto: Max Colin Heydenreich\"><img loading=\"lazy\" decoding=\"async\" width=\"128\" src=\"http:\/\/www.schoene-nachrichten.de\/wp-content\/uploads\/2007\/03\/070319_Klinikum_25.thumbnail.jpg\" alt=\"070319_Klinikum_25.jpg\" height=\"85\" \/><\/a><br \/>\n<a target=\"_blank\" href=\"http:\/\/www.schoene-nachrichten.de\/wp-content\/uploads\/2007\/03\/070319_Klinikum_24.jpg\" title=\"Foto: Max Colin Heydenreich\"><br \/>\n<img loading=\"lazy\" decoding=\"async\" width=\"128\" src=\"http:\/\/www.schoene-nachrichten.de\/wp-content\/uploads\/2007\/03\/070319_Klinikum_24.thumbnail.jpg\" alt=\"070319_Klinikum_24.jpg\" height=\"85\" \/><\/a> <a target=\"_blank\" href=\"http:\/\/www.schoene-nachrichten.de\/wp-content\/uploads\/2007\/03\/070319_Klinikum_23.jpg\" title=\"Foto: Max Colin Heydenreich\"><img loading=\"lazy\" decoding=\"async\" width=\"128\" src=\"http:\/\/www.schoene-nachrichten.de\/wp-content\/uploads\/2007\/03\/070319_Klinikum_23.thumbnail.jpg\" alt=\"070319_Klinikum_23.jpg\" height=\"85\" \/><\/a> <a target=\"_blank\" href=\"http:\/\/www.schoene-nachrichten.de\/wp-content\/uploads\/2007\/03\/070319_Klinikum_22.jpg\" title=\"Foto: Max Colin Heydenreich\"><img loading=\"lazy\" decoding=\"async\" width=\"128\" src=\"http:\/\/www.schoene-nachrichten.de\/wp-content\/uploads\/2007\/03\/070319_Klinikum_22.thumbnail.jpg\" alt=\"070319_Klinikum_22.jpg\" height=\"85\" \/><\/a><\/p>\n<p><a target=\"_blank\" href=\"http:\/\/www.schoene-nachrichten.de\/wp-content\/uploads\/2007\/03\/070319_Klinikum_18.jpg\" title=\"Foto: Max Colin Heydenreich\"><img loading=\"lazy\" decoding=\"async\" width=\"128\" src=\"http:\/\/www.schoene-nachrichten.de\/wp-content\/uploads\/2007\/03\/070319_Klinikum_18.thumbnail.jpg\" alt=\"070319_Klinikum_18.jpg\" height=\"85\" \/><\/a> <a target=\"_blank\" href=\"http:\/\/www.schoene-nachrichten.de\/wp-content\/uploads\/2007\/03\/070319_Klinikum_17.jpg\" title=\"Foto: Max Colin Heydenreich\"><img loading=\"lazy\" decoding=\"async\" width=\"128\" src=\"http:\/\/www.schoene-nachrichten.de\/wp-content\/uploads\/2007\/03\/070319_Klinikum_17.thumbnail.jpg\" alt=\"070319_Klinikum_17.jpg\" height=\"85\" \/><\/a> <a target=\"_blank\" href=\"http:\/\/www.schoene-nachrichten.de\/wp-content\/uploads\/2007\/03\/070319_Klinikum_16.jpg\" title=\"Foto: Max Colin Heydenreich\"><img loading=\"lazy\" decoding=\"async\" width=\"128\" src=\"http:\/\/www.schoene-nachrichten.de\/wp-content\/uploads\/2007\/03\/070319_Klinikum_16.thumbnail.jpg\" alt=\"070319_Klinikum_16.jpg\" height=\"85\" \/><\/a><\/p>\n<p>Dr. Kaufmann (51) stammt aus Ellwangen, studierte Medizin an der Universit\u00e4t des Saarlandes sowie an der Friedrich-Alexander Universit\u00e4t Erlangen-N\u00fcrnberg und absolvierte dann seine chirurgische Ausbildung am Klinikum N\u00fcrnberg. Ein Jahr nach der 1990 erlangten Teilgebietsanerkennung Gef\u00e4\u00dfchirurgie wurde er als Funktionsoberarzt am Klinikum N\u00fcrnberg eingesetzt und 1994 regul\u00e4rer Oberarzt.<\/p>\n<p><a target=\"_blank\" href=\"http:\/\/www.schoene-nachrichten.de\/wp-content\/uploads\/2007\/03\/070319_Klinikum_15.jpg\" title=\"Foto: Max Colin Heydenreich\"><img loading=\"lazy\" decoding=\"async\" width=\"128\" src=\"http:\/\/www.schoene-nachrichten.de\/wp-content\/uploads\/2007\/03\/070319_Klinikum_15.thumbnail.jpg\" alt=\"070319_Klinikum_15.jpg\" height=\"85\" \/><\/a> <a target=\"_blank\" href=\"http:\/\/www.schoene-nachrichten.de\/wp-content\/uploads\/2007\/03\/070319_Klinikum_14.jpg\" title=\"Foto: Max Colin Heydenreich\"><img loading=\"lazy\" decoding=\"async\" width=\"128\" src=\"http:\/\/www.schoene-nachrichten.de\/wp-content\/uploads\/2007\/03\/070319_Klinikum_14.thumbnail.jpg\" alt=\"070319_Klinikum_14.jpg\" height=\"85\" \/><\/a> <a target=\"_blank\" href=\"http:\/\/www.schoene-nachrichten.de\/wp-content\/uploads\/2007\/03\/070319_Klinikum_13.jpg\" title=\"Foto: Max Colin Heydenreich\"><img loading=\"lazy\" decoding=\"async\" width=\"128\" src=\"http:\/\/www.schoene-nachrichten.de\/wp-content\/uploads\/2007\/03\/070319_Klinikum_13.thumbnail.jpg\" alt=\"070319_Klinikum_13.jpg\" height=\"85\" \/><\/a><br \/>\n<a target=\"_blank\" href=\"http:\/\/www.schoene-nachrichten.de\/wp-content\/uploads\/2007\/03\/070319_Klinikum_09.jpg\" title=\"Foto: Max Colin Heydenreich\"><br \/>\n<img loading=\"lazy\" decoding=\"async\" width=\"128\" src=\"http:\/\/www.schoene-nachrichten.de\/wp-content\/uploads\/2007\/03\/070319_Klinikum_09.thumbnail.jpg\" alt=\"070319_Klinikum_09.jpg\" height=\"85\" \/><\/a> <a target=\"_blank\" href=\"http:\/\/www.schoene-nachrichten.de\/wp-content\/uploads\/2007\/03\/070319_Klinikum_08.jpg\" title=\"Foto: Max Colin Heydenreich\"><img loading=\"lazy\" decoding=\"async\" width=\"128\" src=\"http:\/\/www.schoene-nachrichten.de\/wp-content\/uploads\/2007\/03\/070319_Klinikum_08.thumbnail.jpg\" alt=\"070319_Klinikum_08.jpg\" height=\"85\" \/><\/a> <a target=\"_blank\" href=\"http:\/\/www.schoene-nachrichten.de\/wp-content\/uploads\/2007\/03\/070319_Klinikum_07.jpg\" title=\"Foto: Max Colin Heydenreich\"><img loading=\"lazy\" decoding=\"async\" width=\"128\" src=\"http:\/\/www.schoene-nachrichten.de\/wp-content\/uploads\/2007\/03\/070319_Klinikum_07.thumbnail.jpg\" alt=\"070319_Klinikum_07.jpg\" height=\"85\" \/><\/a><br \/>\n<a target=\"_blank\" href=\"http:\/\/www.schoene-nachrichten.de\/wp-content\/uploads\/2007\/03\/070319_Klinikum_06.jpg\" title=\"Foto: Max Colin Heydenreich\"><br \/>\n<img loading=\"lazy\" decoding=\"async\" width=\"128\" src=\"http:\/\/www.schoene-nachrichten.de\/wp-content\/uploads\/2007\/03\/070319_Klinikum_06.thumbnail.jpg\" alt=\"070319_Klinikum_06.jpg\" height=\"85\" \/><\/a> <a target=\"_blank\" href=\"http:\/\/www.schoene-nachrichten.de\/wp-content\/uploads\/2007\/03\/070319_Klinikum_05.jpg\" title=\"Foto: Max Colin Heydenreich\"><img loading=\"lazy\" decoding=\"async\" width=\"128\" src=\"http:\/\/www.schoene-nachrichten.de\/wp-content\/uploads\/2007\/03\/070319_Klinikum_05.thumbnail.jpg\" alt=\"070319_Klinikum_05.jpg\" height=\"85\" \/><font color=\"#000000\"> <\/font><\/a><a target=\"_blank\" href=\"http:\/\/www.schoene-nachrichten.de\/wp-content\/uploads\/2007\/03\/070319_Klinikum_19.jpg\" title=\"Foto: Max Colin Heydenreich\"><img loading=\"lazy\" decoding=\"async\" width=\"128\" src=\"http:\/\/www.schoene-nachrichten.de\/wp-content\/uploads\/2007\/03\/070319_Klinikum_19.thumbnail.jpg\" alt=\"070319_Klinikum_19.jpg\" height=\"85\" \/><\/a><\/p>\n<p><img decoding=\"async\" src=\"http:\/\/www.schoene-nachrichten.de\/wp-content\/uploads\/2007\/02\/x_sponsor.gif\" alt=\"x_sponsor.gif\" \/>[local \/wp-content\/uploads\/2007\/03\/070319_klinikum.wmv]<\/p>\n","protected":false},"excerpt":{"rendered":"<div class=\"tmnf_excerpt\"><p>Sch\u00f6nes aus Fulda. Das Klinikum Fulda w\u00e4chst und r\u00fcstet sich f\u00fcr die Zukunft. Seit Donnerstag hat es 29 Kliniken und Institute, denn die Klinik f\u00fcr Thorax-, Herz- und Gef\u00e4\u00dfchirurgie wurde in zwei eigenst\u00e4ndige Bereiche geteilt &#8211; in die Klinik f\u00fcr Herz- und Thoraxchirurgie und in die Klinik f\u00fcr Gef\u00e4\u00dfchirurgie. Die Direktoren der beiden Kliniken wurden &hellip;<\/p>\n<\/div>","protected":false},"author":1,"featured_media":0,"comment_status":"closed","ping_status":"closed","sticky":false,"template":"","format":"standard","meta":{"footnotes":""},"categories":[1,54,51,79],"tags":[],"class_list":["post-2175","post","type-post","status-publish","format-standard","hentry","category-startseite","category-bildergalerien","category-medizin","category-kino"],"_links":{"self":[{"href":"https:\/\/www.fuldaernachrichten.de\/index.php?rest_route=\/wp\/v2\/posts\/2175","targetHints":{"allow":["GET"]}}],"collection":[{"href":"https:\/\/www.fuldaernachrichten.de\/index.php?rest_route=\/wp\/v2\/posts"}],"about":[{"href":"https:\/\/www.fuldaernachrichten.de\/index.php?rest_route=\/wp\/v2\/types\/post"}],"author":[{"embeddable":true,"href":"https:\/\/www.fuldaernachrichten.de\/index.php?rest_route=\/wp\/v2\/users\/1"}],"replies":[{"embeddable":true,"href":"https:\/\/www.fuldaernachrichten.de\/index.php?rest_route=%2Fwp%2Fv2%2Fcomments&post=2175"}],"version-history":[{"count":1,"href":"https:\/\/www.fuldaernachrichten.de\/index.php?rest_route=\/wp\/v2\/posts\/2175\/revisions"}],"predecessor-version":[{"id":17390,"href":"https:\/\/www.fuldaernachrichten.de\/index.php?rest_route=\/wp\/v2\/posts\/2175\/revisions\/17390"}],"wp:attachment":[{"href":"https:\/\/www.fuldaernachrichten.de\/index.php?rest_route=%2Fwp%2Fv2%2Fmedia&parent=2175"}],"wp:term":[{"taxonomy":"category","embeddable":true,"href":"https:\/\/www.fuldaernachrichten.de\/index.php?rest_route=%2Fwp%2Fv2%2Fcategories&post=2175"},{"taxonomy":"post_tag","embeddable":true,"href":"https:\/\/www.fuldaernachrichten.de\/index.php?rest_route=%2Fwp%2Fv2%2Ftags&post=2175"}],"curies":[{"name":"wp","href":"https:\/\/api.w.org\/{rel}","templated":true}]}}