{"id":216,"date":"2006-12-02T13:00:49","date_gmt":"2006-12-02T12:00:49","guid":{"rendered":"http:\/\/www.schoene-nachrichten.de\/?p=216"},"modified":"2006-12-01T21:57:09","modified_gmt":"2006-12-01T20:57:09","slug":"die-einfachste-art-heizkosten-zu-sparen-%e2%80%93-vortrag-im-umweltzentrum","status":"publish","type":"post","link":"https:\/\/www.fuldaernachrichten.de\/?p=216","title":{"rendered":"Die einfachste Art Heizkosten zu sparen \u2013 Vortrag im Umweltzentrum"},"content":{"rendered":"<p><strong>Sch\u00f6nes aus Fulda.<\/strong> Viele Leute schrecken vor einem erh\u00f6hten Arbeitsaufwand bei der Nutzung von Holz zur\u00fcck. Dass dieser durch eine sinnvolle Ofenkonstruktion nicht gegeben sein muss, f\u00fchren Dipl.-Forstingenieurin Kerstin Michna und Luftheizungsbaumeister Roland Lange in ihrem Vortrag am Mittwoch, 06.12.2006 um 19.00 Uhr im Umweltzentrum Fulda aus. Niedrige Anschaffungs- und geringe Brennstoffkosten machen beispielsweise den Grundofen zu einem \u00e4u\u00dferst interessanten Heizsystem, so die Referenten.<\/p>\n","protected":false},"excerpt":{"rendered":"<div class=\"tmnf_excerpt\"><p>Sch\u00f6nes aus Fulda. Viele Leute schrecken vor einem erh\u00f6hten Arbeitsaufwand bei der Nutzung von Holz zur\u00fcck. Dass dieser durch eine sinnvolle Ofenkonstruktion nicht gegeben sein muss, f\u00fchren Dipl.-Forstingenieurin Kerstin Michna und Luftheizungsbaumeister Roland Lange in ihrem Vortrag am Mittwoch, 06.12.2006 um 19.00 Uhr im Umweltzentrum Fulda aus. Niedrige Anschaffungs- und geringe Brennstoffkosten machen beispielsweise den &hellip;<\/p>\n<\/div>","protected":false},"author":1,"featured_media":0,"comment_status":"closed","ping_status":"closed","sticky":false,"template":"","format":"standard","meta":{"footnotes":""},"categories":[1],"tags":[],"class_list":["post-216","post","type-post","status-publish","format-standard","hentry","category-startseite"],"_links":{"self":[{"href":"https:\/\/www.fuldaernachrichten.de\/index.php?rest_route=\/wp\/v2\/posts\/216","targetHints":{"allow":["GET"]}}],"collection":[{"href":"https:\/\/www.fuldaernachrichten.de\/index.php?rest_route=\/wp\/v2\/posts"}],"about":[{"href":"https:\/\/www.fuldaernachrichten.de\/index.php?rest_route=\/wp\/v2\/types\/post"}],"author":[{"embeddable":true,"href":"https:\/\/www.fuldaernachrichten.de\/index.php?rest_route=\/wp\/v2\/users\/1"}],"replies":[{"embeddable":true,"href":"https:\/\/www.fuldaernachrichten.de\/index.php?rest_route=%2Fwp%2Fv2%2Fcomments&post=216"}],"version-history":[{"count":0,"href":"https:\/\/www.fuldaernachrichten.de\/index.php?rest_route=\/wp\/v2\/posts\/216\/revisions"}],"wp:attachment":[{"href":"https:\/\/www.fuldaernachrichten.de\/index.php?rest_route=%2Fwp%2Fv2%2Fmedia&parent=216"}],"wp:term":[{"taxonomy":"category","embeddable":true,"href":"https:\/\/www.fuldaernachrichten.de\/index.php?rest_route=%2Fwp%2Fv2%2Fcategories&post=216"},{"taxonomy":"post_tag","embeddable":true,"href":"https:\/\/www.fuldaernachrichten.de\/index.php?rest_route=%2Fwp%2Fv2%2Ftags&post=216"}],"curies":[{"name":"wp","href":"https:\/\/api.w.org\/{rel}","templated":true}]}}