{"id":2141,"date":"2007-03-16T11:47:12","date_gmt":"2007-03-16T10:47:12","guid":{"rendered":"http:\/\/www.schoene-nachrichten.de\/?p=2141"},"modified":"2007-03-16T11:49:05","modified_gmt":"2007-03-16T10:49:05","slug":"eric-bode-ein-mann-will-hoch-hinaus","status":"publish","type":"post","link":"https:\/\/www.fuldaernachrichten.de\/?p=2141","title":{"rendered":"Eric Bode &#8211; Ein Mann will hoch hinaus"},"content":{"rendered":"<p><strong>Schon in der FZ gelesen?<\/strong> Eric Bode aus Hosenfeld ist ein Mann der Extreme. Fr\u00fcher hat er Wanderungen mit den Eltern gehasst &#8211; heute kann der Berg nicht hoch genug sein. Im vergangenen Jahr hat er den Kilimandscharo erklommen, zum Jahreswechsel soll es der Fudschijama in Japan sein. Und danach? Irgendein unaussprechlicher Achttausender.<\/p>\n<p><strong>Foto:<\/strong> Max Colin Heydenreich<\/p>\n<p><a target=\"_blank\" href=\"http:\/\/www.schoene-nachrichten.de\/wp-content\/uploads\/2007\/03\/070315_leute_1.jpg\" title=\"Foto: Max Colin Heydenreich\"><img decoding=\"async\" src=\"http:\/\/www.schoene-nachrichten.de\/wp-content\/uploads\/2007\/03\/070315_leute_1.thumbnail.jpg\" alt=\"070315_leute_1.jpg\" \/><\/a><\/p>\n<p><!--more-->Was den 37-J\u00e4hrigen antreibt? \u201eDas Gef\u00fchl oben zu sein, ist es irgendwie\u201c, sagt der\u00c2\u00a0 Freizeitkletterer. Da oben k\u00f6nne man sich selbst finden, die inneren Werte neu entdecken und den Alltagsstress hinter sich lassen. Den \u201eWei\u00dfen Berg\u201c in den Alpen hat der 37-J\u00e4hrige noch vor sich. Schon zweimal hat er ihn in Angriff genommen. Doch wegen des schlechten Wetters musste er die Aktion in beiden F\u00e4llen abbrechen.<\/p>\n<p>Wenn der gelernte KFZ-Service-Techniker mal keine Lust auf H\u00f6henluft hat, l\u00e4uft er Marathon. Dabei ist sein Motto nicht: \u201eH\u00f6her, schneller, weiter\u201c, sondern \u201eSich einfach mal was g\u00f6nnen\u201c. Wenn man den geb\u00fcrtigen G\u00f6ttinger \u00fcbrigens nach dem Hoherodskopf fragt, muss er passen: \u201eDa war ich noch nicht. Den mach ich, wenn ich nicht mehr richtig laufen kann.\u201c<\/p>\n","protected":false},"excerpt":{"rendered":"<div class=\"tmnf_excerpt\"><p>Schon in der FZ gelesen? Eric Bode aus Hosenfeld ist ein Mann der Extreme. Fr\u00fcher hat er Wanderungen mit den Eltern gehasst &#8211; heute kann der Berg nicht hoch genug sein. Im vergangenen Jahr hat er den Kilimandscharo erklommen, zum Jahreswechsel soll es der Fudschijama in Japan sein. Und danach? Irgendein unaussprechlicher Achttausender. Foto: Max &hellip;<\/p>\n<\/div>","protected":false},"author":1,"featured_media":0,"comment_status":"closed","ping_status":"closed","sticky":false,"template":"","format":"standard","meta":{"footnotes":""},"categories":[1,46,52],"tags":[],"class_list":["post-2141","post","type-post","status-publish","format-standard","hentry","category-startseite","category-sport","category-umwelt"],"_links":{"self":[{"href":"https:\/\/www.fuldaernachrichten.de\/index.php?rest_route=\/wp\/v2\/posts\/2141","targetHints":{"allow":["GET"]}}],"collection":[{"href":"https:\/\/www.fuldaernachrichten.de\/index.php?rest_route=\/wp\/v2\/posts"}],"about":[{"href":"https:\/\/www.fuldaernachrichten.de\/index.php?rest_route=\/wp\/v2\/types\/post"}],"author":[{"embeddable":true,"href":"https:\/\/www.fuldaernachrichten.de\/index.php?rest_route=\/wp\/v2\/users\/1"}],"replies":[{"embeddable":true,"href":"https:\/\/www.fuldaernachrichten.de\/index.php?rest_route=%2Fwp%2Fv2%2Fcomments&post=2141"}],"version-history":[{"count":0,"href":"https:\/\/www.fuldaernachrichten.de\/index.php?rest_route=\/wp\/v2\/posts\/2141\/revisions"}],"wp:attachment":[{"href":"https:\/\/www.fuldaernachrichten.de\/index.php?rest_route=%2Fwp%2Fv2%2Fmedia&parent=2141"}],"wp:term":[{"taxonomy":"category","embeddable":true,"href":"https:\/\/www.fuldaernachrichten.de\/index.php?rest_route=%2Fwp%2Fv2%2Fcategories&post=2141"},{"taxonomy":"post_tag","embeddable":true,"href":"https:\/\/www.fuldaernachrichten.de\/index.php?rest_route=%2Fwp%2Fv2%2Ftags&post=2141"}],"curies":[{"name":"wp","href":"https:\/\/api.w.org\/{rel}","templated":true}]}}