{"id":2139,"date":"2007-03-16T00:12:36","date_gmt":"2007-03-15T23:12:36","guid":{"rendered":"http:\/\/www.schoene-nachrichten.de\/?p=2139"},"modified":"2007-03-16T00:12:41","modified_gmt":"2007-03-15T23:12:41","slug":"meister-des-shaolin-kung-fu-boten-eindrucksvolle-kampfsport-show","status":"publish","type":"post","link":"https:\/\/www.fuldaernachrichten.de\/?p=2139","title":{"rendered":"\u201eMeister des Shaolin Kung-Fu\u201c boten eindrucksvolle Kampfsport-Show"},"content":{"rendered":"<p><strong>Sch\u00f6nes aus Fulda.<\/strong> Dass eine Eisenstange m\u00fchelos am Kopf eines Menschen zerbrechen oder eine Steinplatte\u00c2\u00a0 mit einem kr\u00e4ftigen Hieb zertr\u00fcmmert werden kann, ohne dass dabei gr\u00f6\u00dfere Wunden entstehen, davon konnten sich gestern Abend rund 1.000 Zuschauer in der Esperantohalle Fulda \u00fcberzeugen. Denn dort demonstrierten die \u201eMeister des Shaolin Kung-Fu\u201c nicht nur die Kraft der asiatischen Kampfkunst, sondern auch eindrucksvoll die Einheit von K\u00f6rper und Geist. Seit mehr als zehn Jahren sind die \u201eMeister des Shaolin Kung-Fu\u201c mit ihren Kampfsport-Shows in Asien, Amerika, Australien, S\u00fcdamerika und ganz Europa unterwegs. In ihrer aktuellen Show sind erstmals weibliche Shaolin-Heroinnen dabei.<\/p>\n<p><strong>Fotos (27):<\/strong> Max Colin Heydenreich<\/p>\n<p><a target=\"_blank\" href=\"http:\/\/www.schoene-nachrichten.de\/wp-content\/uploads\/2007\/03\/070315_Esperanto_21.jpg\" title=\"Foto: Max Colin Heydenreich\"><img decoding=\"async\" width=\"128\" src=\"http:\/\/www.schoene-nachrichten.de\/wp-content\/uploads\/2007\/03\/070315_Esperanto_21.thumbnail.jpg\" alt=\"070315_Esperanto_21.jpg\" height=\"85\" \/><\/a>\u00c2\u00a0<a target=\"_blank\" href=\"http:\/\/www.schoene-nachrichten.de\/wp-content\/uploads\/2007\/03\/070315_Esperanto_09.jpg\" title=\"Foto: Max Colin Heydenreich\"><img decoding=\"async\" width=\"128\" src=\"http:\/\/www.schoene-nachrichten.de\/wp-content\/uploads\/2007\/03\/070315_Esperanto_09.thumbnail.jpg\" alt=\"070315_Esperanto_09.jpg\" height=\"85\" \/><\/a>\u00c2\u00a0<a target=\"_blank\" href=\"http:\/\/www.schoene-nachrichten.de\/wp-content\/uploads\/2007\/03\/070315_Esperanto_07.jpg\" title=\"Foto: Max Colin Heydenreich\"><img decoding=\"async\" width=\"128\" src=\"http:\/\/www.schoene-nachrichten.de\/wp-content\/uploads\/2007\/03\/070315_Esperanto_07.thumbnail.jpg\" alt=\"070315_Esperanto_07.jpg\" height=\"85\" \/><\/a><\/p>\n<p><a target=\"_blank\" href=\"http:\/\/www.schoene-nachrichten.de\/wp-content\/uploads\/2007\/03\/070315_Esperanto_15.jpg\" title=\"Foto: Max Colin Heydenreich\"><img loading=\"lazy\" decoding=\"async\" width=\"128\" src=\"http:\/\/www.schoene-nachrichten.de\/wp-content\/uploads\/2007\/03\/070315_Esperanto_15.thumbnail.jpg\" alt=\"070315_Esperanto_15.jpg\" height=\"85\" \/><\/a>\u00c2\u00a0<a target=\"_blank\" href=\"http:\/\/www.schoene-nachrichten.de\/wp-content\/uploads\/2007\/03\/070315_Esperanto_05.jpg\" title=\"Foto: Max Colin Heydenreich\"><img loading=\"lazy\" decoding=\"async\" width=\"128\" src=\"http:\/\/www.schoene-nachrichten.de\/wp-content\/uploads\/2007\/03\/070315_Esperanto_05.thumbnail.jpg\" alt=\"070315_Esperanto_05.jpg\" height=\"85\" \/><\/a> <a target=\"_blank\" href=\"http:\/\/www.schoene-nachrichten.de\/wp-content\/uploads\/2007\/03\/070315_Esperanto_01.jpg\" title=\"Foto: Max Colin Heydenreich\"><img loading=\"lazy\" decoding=\"async\" width=\"128\" src=\"http:\/\/www.schoene-nachrichten.de\/wp-content\/uploads\/2007\/03\/070315_Esperanto_01.thumbnail.jpg\" alt=\"070315_Esperanto_01.jpg\" height=\"85\" \/><\/a><\/p>\n<p><!--more--><a target=\"_blank\" href=\"http:\/\/www.schoene-nachrichten.de\/wp-content\/uploads\/2007\/03\/070315_Esperanto_18.jpg\" title=\"Foto: Max Colin Heydenreich\"><img loading=\"lazy\" decoding=\"async\" width=\"128\" src=\"http:\/\/www.schoene-nachrichten.de\/wp-content\/uploads\/2007\/03\/070315_Esperanto_18.thumbnail.jpg\" alt=\"070315_Esperanto_18.jpg\" height=\"85\" \/><\/a> <a target=\"_blank\" href=\"http:\/\/www.schoene-nachrichten.de\/wp-content\/uploads\/2007\/03\/070315_Esperanto_17.jpg\" title=\"Foto: Max Colin Heydenreich\"><img loading=\"lazy\" decoding=\"async\" width=\"128\" src=\"http:\/\/www.schoene-nachrichten.de\/wp-content\/uploads\/2007\/03\/070315_Esperanto_17.thumbnail.jpg\" alt=\"070315_Esperanto_17.jpg\" height=\"85\" \/><\/a> <a target=\"_blank\" href=\"http:\/\/www.schoene-nachrichten.de\/wp-content\/uploads\/2007\/03\/070315_Esperanto_20.jpg\" title=\"Foto: Max Colin Heydenreich\"><img loading=\"lazy\" decoding=\"async\" width=\"128\" src=\"http:\/\/www.schoene-nachrichten.de\/wp-content\/uploads\/2007\/03\/070315_Esperanto_20.thumbnail.jpg\" alt=\"070315_Esperanto_20.jpg\" height=\"85\" \/><\/a><\/p>\n<p><a target=\"_blank\" href=\"http:\/\/www.schoene-nachrichten.de\/wp-content\/uploads\/2007\/03\/070315_Esperanto_19.jpg\" title=\"Foto: Max Colin Heydenreich\"><img loading=\"lazy\" decoding=\"async\" width=\"128\" src=\"http:\/\/www.schoene-nachrichten.de\/wp-content\/uploads\/2007\/03\/070315_Esperanto_19.thumbnail.jpg\" alt=\"070315_Esperanto_19.jpg\" height=\"85\" \/>\u00c2\u00a0<\/a><a target=\"_blank\" href=\"http:\/\/www.schoene-nachrichten.de\/wp-content\/uploads\/2007\/03\/070315_Esperanto_14.jpg\" title=\"Foto: Max Colin Heydenreich\"><img loading=\"lazy\" decoding=\"async\" width=\"128\" src=\"http:\/\/www.schoene-nachrichten.de\/wp-content\/uploads\/2007\/03\/070315_Esperanto_14.thumbnail.jpg\" alt=\"070315_Esperanto_14.jpg\" height=\"85\" \/><\/a><a target=\"_blank\" href=\"http:\/\/www.schoene-nachrichten.de\/wp-content\/uploads\/2007\/03\/070315_Esperanto_19.jpg\" title=\"Foto: Max Colin Heydenreich\"> <\/a><a target=\"_blank\" href=\"http:\/\/www.schoene-nachrichten.de\/wp-content\/uploads\/2007\/03\/070315_Esperanto_13.jpg\" title=\"Foto: Max Colin Heydenreich\"><img loading=\"lazy\" decoding=\"async\" width=\"128\" src=\"http:\/\/www.schoene-nachrichten.de\/wp-content\/uploads\/2007\/03\/070315_Esperanto_13.thumbnail.jpg\" alt=\"070315_Esperanto_13.jpg\" height=\"85\" \/><\/a><a target=\"_blank\" href=\"http:\/\/www.schoene-nachrichten.de\/wp-content\/uploads\/2007\/03\/070315_Esperanto_19.jpg\" title=\"Foto: Max Colin Heydenreich\"><\/a><\/p>\n<p><a target=\"_blank\" href=\"http:\/\/www.schoene-nachrichten.de\/wp-content\/uploads\/2007\/03\/070315_Esperanto_27.jpg\" title=\"Foto: Max Colin Heydenreich\"><img loading=\"lazy\" decoding=\"async\" width=\"128\" src=\"http:\/\/www.schoene-nachrichten.de\/wp-content\/uploads\/2007\/03\/070315_Esperanto_27.thumbnail.jpg\" alt=\"070315_Esperanto_27.jpg\" height=\"85\" \/><\/a> <a target=\"_blank\" href=\"http:\/\/www.schoene-nachrichten.de\/wp-content\/uploads\/2007\/03\/070315_Esperanto_26.jpg\" title=\"Foto: Max Colin Heydenreich\"><img loading=\"lazy\" decoding=\"async\" width=\"128\" src=\"http:\/\/www.schoene-nachrichten.de\/wp-content\/uploads\/2007\/03\/070315_Esperanto_26.thumbnail.jpg\" alt=\"070315_Esperanto_26.jpg\" height=\"85\" \/><\/a> <a target=\"_blank\" href=\"http:\/\/www.schoene-nachrichten.de\/wp-content\/uploads\/2007\/03\/070315_Esperanto_25.jpg\" title=\"Foto: Max Colin Heydenreich\"><img loading=\"lazy\" decoding=\"async\" width=\"128\" src=\"http:\/\/www.schoene-nachrichten.de\/wp-content\/uploads\/2007\/03\/070315_Esperanto_25.thumbnail.jpg\" alt=\"070315_Esperanto_25.jpg\" height=\"85\" \/><\/a><br \/>\n<a target=\"_blank\" href=\"http:\/\/www.schoene-nachrichten.de\/wp-content\/uploads\/2007\/03\/070315_Esperanto_24.jpg\" title=\"Foto: Max Colin Heydenreich\"><br \/>\n<img loading=\"lazy\" decoding=\"async\" width=\"128\" src=\"http:\/\/www.schoene-nachrichten.de\/wp-content\/uploads\/2007\/03\/070315_Esperanto_24.thumbnail.jpg\" alt=\"070315_Esperanto_24.jpg\" height=\"85\" \/><\/a> <a target=\"_blank\" href=\"http:\/\/www.schoene-nachrichten.de\/wp-content\/uploads\/2007\/03\/070315_Esperanto_23.jpg\" title=\"Foto: Max Colin Heydenreich\"><img loading=\"lazy\" decoding=\"async\" width=\"128\" src=\"http:\/\/www.schoene-nachrichten.de\/wp-content\/uploads\/2007\/03\/070315_Esperanto_23.thumbnail.jpg\" alt=\"070315_Esperanto_23.jpg\" height=\"85\" \/><\/a> <a target=\"_blank\" href=\"http:\/\/www.schoene-nachrichten.de\/wp-content\/uploads\/2007\/03\/070315_Esperanto_22.jpg\" title=\"Foto: Max Colin Heydenreich\"><img loading=\"lazy\" decoding=\"async\" width=\"128\" src=\"http:\/\/www.schoene-nachrichten.de\/wp-content\/uploads\/2007\/03\/070315_Esperanto_22.thumbnail.jpg\" alt=\"070315_Esperanto_22.jpg\" height=\"85\" \/><\/a><\/p>\n<p><a target=\"_blank\" href=\"http:\/\/www.schoene-nachrichten.de\/wp-content\/uploads\/2007\/03\/070315_Esperanto_16.jpg\" title=\"Foto: Max Colin Heydenreich\"><img loading=\"lazy\" decoding=\"async\" width=\"128\" src=\"http:\/\/www.schoene-nachrichten.de\/wp-content\/uploads\/2007\/03\/070315_Esperanto_16.thumbnail.jpg\" alt=\"070315_Esperanto_16.jpg\" height=\"85\" \/><\/a>\u00c2\u00a0<a target=\"_blank\" href=\"http:\/\/www.schoene-nachrichten.de\/wp-content\/uploads\/2007\/03\/070315_Esperanto_12.jpg\" title=\"Foto: Max Colin Heydenreich\"><img loading=\"lazy\" decoding=\"async\" width=\"128\" src=\"http:\/\/www.schoene-nachrichten.de\/wp-content\/uploads\/2007\/03\/070315_Esperanto_12.thumbnail.jpg\" alt=\"070315_Esperanto_12.jpg\" height=\"85\" \/><\/a> <a target=\"_blank\" href=\"http:\/\/www.schoene-nachrichten.de\/wp-content\/uploads\/2007\/03\/070315_Esperanto_11.jpg\" title=\"Foto: Max Colin Heydenreich\"><img loading=\"lazy\" decoding=\"async\" width=\"128\" src=\"http:\/\/www.schoene-nachrichten.de\/wp-content\/uploads\/2007\/03\/070315_Esperanto_11.thumbnail.jpg\" alt=\"070315_Esperanto_11.jpg\" height=\"85\" \/><\/a><\/p>\n<p><a target=\"_blank\" href=\"http:\/\/www.schoene-nachrichten.de\/wp-content\/uploads\/2007\/03\/070315_Esperanto_10.jpg\" title=\"Foto: Max Colin Heydenreich\"><img loading=\"lazy\" decoding=\"async\" width=\"128\" src=\"http:\/\/www.schoene-nachrichten.de\/wp-content\/uploads\/2007\/03\/070315_Esperanto_10.thumbnail.jpg\" alt=\"070315_Esperanto_10.jpg\" height=\"85\" \/><\/a>\u00c2\u00a0<a target=\"_blank\" href=\"http:\/\/www.schoene-nachrichten.de\/wp-content\/uploads\/2007\/03\/070315_Esperanto_08.jpg\" title=\"Foto: Max Colin Heydenreich\"><img loading=\"lazy\" decoding=\"async\" width=\"128\" src=\"http:\/\/www.schoene-nachrichten.de\/wp-content\/uploads\/2007\/03\/070315_Esperanto_08.thumbnail.jpg\" alt=\"070315_Esperanto_08.jpg\" height=\"85\" \/><\/a>\u00c2\u00a0<a target=\"_blank\" href=\"http:\/\/www.schoene-nachrichten.de\/wp-content\/uploads\/2007\/03\/070315_Esperanto_06.jpg\" title=\"Foto: Max Colin Heydenreich\"><img loading=\"lazy\" decoding=\"async\" width=\"128\" src=\"http:\/\/www.schoene-nachrichten.de\/wp-content\/uploads\/2007\/03\/070315_Esperanto_06.thumbnail.jpg\" alt=\"070315_Esperanto_06.jpg\" height=\"85\" \/><\/a><\/p>\n<p><a target=\"_blank\" href=\"http:\/\/www.schoene-nachrichten.de\/wp-content\/uploads\/2007\/03\/070315_Esperanto_04.jpg\" title=\"Foto: Max Colin Heydenreich\"><img loading=\"lazy\" decoding=\"async\" width=\"128\" src=\"http:\/\/www.schoene-nachrichten.de\/wp-content\/uploads\/2007\/03\/070315_Esperanto_04.thumbnail.jpg\" alt=\"070315_Esperanto_04.jpg\" height=\"85\" \/><\/a>\u00c2\u00a0<a target=\"_blank\" href=\"http:\/\/www.schoene-nachrichten.de\/wp-content\/uploads\/2007\/03\/070315_Esperanto_03.jpg\" title=\"Foto: Max Colin Heydenreich\"><img loading=\"lazy\" decoding=\"async\" width=\"128\" src=\"http:\/\/www.schoene-nachrichten.de\/wp-content\/uploads\/2007\/03\/070315_Esperanto_03.thumbnail.jpg\" alt=\"070315_Esperanto_03.jpg\" height=\"85\" \/><\/a> <a target=\"_blank\" href=\"http:\/\/www.schoene-nachrichten.de\/wp-content\/uploads\/2007\/03\/070315_Esperanto_02.jpg\" title=\"Foto: Max Colin Heydenreich\"><img loading=\"lazy\" decoding=\"async\" width=\"128\" src=\"http:\/\/www.schoene-nachrichten.de\/wp-content\/uploads\/2007\/03\/070315_Esperanto_02.thumbnail.jpg\" alt=\"070315_Esperanto_02.jpg\" height=\"85\" \/><\/a><\/p>\n","protected":false},"excerpt":{"rendered":"<div class=\"tmnf_excerpt\"><p>Sch\u00f6nes aus Fulda. Dass eine Eisenstange m\u00fchelos am Kopf eines Menschen zerbrechen oder eine Steinplatte\u00c2\u00a0 mit einem kr\u00e4ftigen Hieb zertr\u00fcmmert werden kann, ohne dass dabei gr\u00f6\u00dfere Wunden entstehen, davon konnten sich gestern Abend rund 1.000 Zuschauer in der Esperantohalle Fulda \u00fcberzeugen. Denn dort demonstrierten die \u201eMeister des Shaolin Kung-Fu\u201c nicht nur die Kraft der asiatischen &hellip;<\/p>\n<\/div>","protected":false},"author":1,"featured_media":0,"comment_status":"closed","ping_status":"closed","sticky":false,"template":"","format":"standard","meta":{"footnotes":""},"categories":[1,54],"tags":[],"class_list":["post-2139","post","type-post","status-publish","format-standard","hentry","category-startseite","category-bildergalerien"],"_links":{"self":[{"href":"https:\/\/www.fuldaernachrichten.de\/index.php?rest_route=\/wp\/v2\/posts\/2139","targetHints":{"allow":["GET"]}}],"collection":[{"href":"https:\/\/www.fuldaernachrichten.de\/index.php?rest_route=\/wp\/v2\/posts"}],"about":[{"href":"https:\/\/www.fuldaernachrichten.de\/index.php?rest_route=\/wp\/v2\/types\/post"}],"author":[{"embeddable":true,"href":"https:\/\/www.fuldaernachrichten.de\/index.php?rest_route=\/wp\/v2\/users\/1"}],"replies":[{"embeddable":true,"href":"https:\/\/www.fuldaernachrichten.de\/index.php?rest_route=%2Fwp%2Fv2%2Fcomments&post=2139"}],"version-history":[{"count":0,"href":"https:\/\/www.fuldaernachrichten.de\/index.php?rest_route=\/wp\/v2\/posts\/2139\/revisions"}],"wp:attachment":[{"href":"https:\/\/www.fuldaernachrichten.de\/index.php?rest_route=%2Fwp%2Fv2%2Fmedia&parent=2139"}],"wp:term":[{"taxonomy":"category","embeddable":true,"href":"https:\/\/www.fuldaernachrichten.de\/index.php?rest_route=%2Fwp%2Fv2%2Fcategories&post=2139"},{"taxonomy":"post_tag","embeddable":true,"href":"https:\/\/www.fuldaernachrichten.de\/index.php?rest_route=%2Fwp%2Fv2%2Ftags&post=2139"}],"curies":[{"name":"wp","href":"https:\/\/api.w.org\/{rel}","templated":true}]}}