{"id":21389,"date":"2009-02-16T22:16:23","date_gmt":"2009-02-16T21:16:23","guid":{"rendered":"http:\/\/www.schoene-nachrichten.de\/?p=21389"},"modified":"2009-02-16T23:52:26","modified_gmt":"2009-02-16T22:52:26","slug":"neue-raeumlichkeiten-an-der-ulstertalschule-fuer-ganztagsangebot-offiziell-uebergeben","status":"publish","type":"post","link":"https:\/\/www.fuldaernachrichten.de\/?p=21389","title":{"rendered":"Neue R\u00e4umlichkeiten an der Ulstertalschule f\u00fcr Ganztagsangebot offiziell \u00fcbergeben"},"content":{"rendered":"<p><a title=\"Foto: Max Colin Heydenreich\" rel=\"lightbox[roadtrip]\" href=\"http:\/\/www.schoene-nachrichten.de\/wp-content\/uploads\/2009\/02\/090216_Landkreis_038.jpg\" target=\"_blank\"><img decoding=\"async\" src=\"http:\/\/www.schoene-nachrichten.de\/wp-content\/uploads\/2009\/02\/090216_Landkreis_038.jpg\" alt=\"090216_Landkreis_038.jpg\" width=\"560\" \/><\/a><\/p>\n<p><strong>Hilders.<\/strong> Der Landkreis Fulda werde sich weiterhin daf\u00fcr einsetzen, auch im l\u00e4ndlichen Raum ein qualifiziertes schulisches Angebot vorzuhalten. Diese Zusage gelte unabh\u00e4ngig von der Bereitstellung zus\u00e4tzlicher Bundes- und Landesmittel, wie dies im Zuge der Konjunk-turprogramme zur Bew\u00e4ltigung der Finanz- und Wirtschaftskrise geplant sei, erkl\u00e4rte Landrat Bernd Woide anl\u00e4sslich der offiziellen \u00dcbergabe von neuen R\u00e4umlichkeiten an der Ulstertalschule in Hilders f\u00fcr die Schaffung eines Ganztagsangebots. \u201eWir haben unsere Hausaufgaben gemacht.\u201c<\/p>\n<p><a title=\"Foto: Max Colin Heydenreich\" rel=\"lightbox[roadtrip]\" href=\"http:\/\/www.schoene-nachrichten.de\/wp-content\/uploads\/2009\/02\/090216_Landkreis_017.jpg\" target=\"_blank\"><img decoding=\"async\" src=\"http:\/\/www.schoene-nachrichten.de\/wp-content\/uploads\/2009\/02\/090216_Landkreis_017.thumbnail.jpg\" alt=\"090216_Landkreis_017.jpg\" width=\"265\" \/><\/a> <a title=\"Foto: Max Colin Heydenreich\" rel=\"lightbox[roadtrip]\" href=\"http:\/\/www.schoene-nachrichten.de\/wp-content\/uploads\/2009\/02\/090216_Landkreis_061.jpg\" target=\"_blank\"><img decoding=\"async\" src=\"http:\/\/www.schoene-nachrichten.de\/wp-content\/uploads\/2009\/02\/090216_Landkreis_061.thumbnail.jpg\" alt=\"090216_Landkreis_061.jpg\" width=\"265\" \/><\/a> <a title=\"Foto: Max Colin Heydenreich\" rel=\"lightbox[roadtrip]\" href=\"http:\/\/www.schoene-nachrichten.de\/wp-content\/uploads\/2009\/02\/090216_Landkreis_019.jpg\" target=\"_blank\"><br \/>\n<\/a><\/p>\n<p><a title=\"Foto: Max Colin Heydenreich\" rel=\"lightbox[roadtrip]\" href=\"http:\/\/www.schoene-nachrichten.de\/wp-content\/uploads\/2009\/02\/090216_Landkreis_022.jpg\" target=\"_blank\"><img decoding=\"async\" src=\"http:\/\/www.schoene-nachrichten.de\/wp-content\/uploads\/2009\/02\/090216_Landkreis_022.thumbnail.jpg\" alt=\"090216_Landkreis_022.jpg\" width=\"265\" \/><\/a> <a title=\"Foto: Max Colin Heydenreich\" rel=\"lightbox[roadtrip]\" href=\"http:\/\/www.schoene-nachrichten.de\/wp-content\/uploads\/2009\/02\/090216_Landkreis_036.jpg\" target=\"_blank\"><img decoding=\"async\" src=\"http:\/\/www.schoene-nachrichten.de\/wp-content\/uploads\/2009\/02\/090216_Landkreis_036.thumbnail.jpg\" alt=\"090216_Landkreis_036.jpg\" width=\"265\" \/><\/a><\/p>\n<p><!--more--><\/p>\n<p>Die Verpflichtungen aus der Schultr\u00e4gerschaft bezeichnete Landrat Woide neben weiteren Infrastrukturma\u00dfnahmen als Kernaufgabe der Kreispolitik. Dies habe bereits in der Vergangenheit gegolten und werde in Zukunft noch an Bedeutung gewinnen. Dabei sei die Vorhaltung eines qualifizierten schulischen Angebots im gymnasialen Bereich auch au\u00dferhalb der Stadtregion, so Woide, kein Selbstzweck. Vielmehr komme damit der Landkreis Fulda gerade vor dem Hintergrund der demografischen Ver\u00e4nderungen seiner regionalpolitischen Verantwortung nach.<\/p>\n<p><a title=\"Foto: Max Colin Heydenreich\" rel=\"lightbox[roadtrip]\" href=\"http:\/\/www.schoene-nachrichten.de\/wp-content\/uploads\/2009\/02\/090216_Landkreis_023.jpg\" target=\"_blank\"><img decoding=\"async\" src=\"http:\/\/www.schoene-nachrichten.de\/wp-content\/uploads\/2009\/02\/090216_Landkreis_023.thumbnail.jpg\" alt=\"090216_Landkreis_023.jpg\" width=\"265\" \/><\/a> <a title=\"Foto: Max Colin Heydenreich\" rel=\"lightbox[roadtrip]\" href=\"http:\/\/www.schoene-nachrichten.de\/wp-content\/uploads\/2009\/02\/090216_Landkreis_024.jpg\" target=\"_blank\"><img decoding=\"async\" src=\"http:\/\/www.schoene-nachrichten.de\/wp-content\/uploads\/2009\/02\/090216_Landkreis_024.thumbnail.jpg\" alt=\"090216_Landkreis_024.jpg\" width=\"265\" \/><\/a><\/p>\n<p><a title=\"Foto: Max Colin Heydenreich\" rel=\"lightbox[roadtrip]\" href=\"http:\/\/www.schoene-nachrichten.de\/wp-content\/uploads\/2009\/02\/090216_Landkreis_025.jpg\" target=\"_blank\"><img decoding=\"async\" src=\"http:\/\/www.schoene-nachrichten.de\/wp-content\/uploads\/2009\/02\/090216_Landkreis_025.thumbnail.jpg\" alt=\"090216_Landkreis_025.jpg\" width=\"265\" \/><\/a> <a title=\"Foto: Max Colin Heydenreich\" rel=\"lightbox[roadtrip]\" href=\"http:\/\/www.schoene-nachrichten.de\/wp-content\/uploads\/2009\/02\/090216_Landkreis_026.jpg\" target=\"_blank\"><img decoding=\"async\" src=\"http:\/\/www.schoene-nachrichten.de\/wp-content\/uploads\/2009\/02\/090216_Landkreis_026.thumbnail.jpg\" alt=\"090216_Landkreis_026.jpg\" width=\"265\" \/><\/a><\/p>\n<p>Zufrieden \u00e4u\u00dferte sich Landrat Woide, dass sich die dunklen Wolken \u00fcber der Ulstertalschule, was die Einhaltung von Klassengr\u00f6\u00dfen angehe, verzogen h\u00e4tten. Dennoch forderte er die Eltern auf, weiter um den Erhalt ihres Gymnasiums durch ein entsprechendes Anmeldeverhalten zu k\u00e4mpfen. Zu den neu geschaffenen R\u00e4umlichkeiten f\u00fcr das Ganztagsangebot betonte Woide, dass der Landkreis lediglich die \u00e4u\u00dfere H\u00fclle schaffen k\u00f6nne, um die Schule durch eine konzeptionelle Weiterentwicklung ihrer Bildungs- und Erziehungsinhalte mit Leben zu f\u00fcllen.<\/p>\n<p><a title=\"Foto: Max Colin Heydenreich\" rel=\"lightbox[roadtrip]\" href=\"http:\/\/www.schoene-nachrichten.de\/wp-content\/uploads\/2009\/02\/090216_Landkreis_027.jpg\" target=\"_blank\"><img decoding=\"async\" src=\"http:\/\/www.schoene-nachrichten.de\/wp-content\/uploads\/2009\/02\/090216_Landkreis_027.thumbnail.jpg\" alt=\"090216_Landkreis_027.jpg\" width=\"265\" \/><\/a> <a title=\"Foto: Max Colin Heydenreich\" rel=\"lightbox[roadtrip]\" href=\"http:\/\/www.schoene-nachrichten.de\/wp-content\/uploads\/2009\/02\/090216_Landkreis_028.jpg\" target=\"_blank\"><img decoding=\"async\" src=\"http:\/\/www.schoene-nachrichten.de\/wp-content\/uploads\/2009\/02\/090216_Landkreis_028.thumbnail.jpg\" alt=\"090216_Landkreis_028.jpg\" width=\"265\" \/><\/a><\/p>\n<p><a title=\"Foto: Max Colin Heydenreich\" rel=\"lightbox[roadtrip]\" href=\"http:\/\/www.schoene-nachrichten.de\/wp-content\/uploads\/2009\/02\/090216_Landkreis_029.jpg\" target=\"_blank\"><img decoding=\"async\" src=\"http:\/\/www.schoene-nachrichten.de\/wp-content\/uploads\/2009\/02\/090216_Landkreis_029.thumbnail.jpg\" alt=\"090216_Landkreis_029.jpg\" width=\"265\" \/><\/a> <a title=\"Foto: Max Colin Heydenreich\" rel=\"lightbox[roadtrip]\" href=\"http:\/\/www.schoene-nachrichten.de\/wp-content\/uploads\/2009\/02\/090216_Landkreis_030.jpg\" target=\"_blank\"><img decoding=\"async\" src=\"http:\/\/www.schoene-nachrichten.de\/wp-content\/uploads\/2009\/02\/090216_Landkreis_030.thumbnail.jpg\" alt=\"090216_Landkreis_030.jpg\" width=\"265\" \/><\/a><\/p>\n<p><strong>248.000 Euro in Erweiterung investiert<\/strong><\/p>\n<p>F\u00fcr die Erweiterung der Ulstertalschule, die bereits Mitte 2007 Gegenstand von \u00dcberlegun-gen war und durch die Einf\u00fchrung des Ganztagsangebots unaufschiebbar wurde, hat der Landkreis Fulda insgesamt 248.000 Euro investiert. Im Erdgeschoss sind eine Mediothek, ein Stillarbeitsraum sowie eine Schulk\u00fcche entstanden. Im ersten Obergeschoss konnte ein zweiter Informatikraum geschaffen werden. Auch wurden in der Verwaltung sowie in verschiedenen Klassenr\u00e4umen EDV-Leitungen erweitert und neue PCs sowie eine Telefonanlage installiert.<\/p>\n<p><a title=\"Foto: Max Colin Heydenreich\" rel=\"lightbox[roadtrip]\" href=\"http:\/\/www.schoene-nachrichten.de\/wp-content\/uploads\/2009\/02\/090216_Landkreis_031.jpg\" target=\"_blank\"><img decoding=\"async\" src=\"http:\/\/www.schoene-nachrichten.de\/wp-content\/uploads\/2009\/02\/090216_Landkreis_031.thumbnail.jpg\" alt=\"090216_Landkreis_031.jpg\" width=\"265\" \/><\/a> <a title=\"Foto: Max Colin Heydenreich\" rel=\"lightbox[roadtrip]\" href=\"http:\/\/www.schoene-nachrichten.de\/wp-content\/uploads\/2009\/02\/090216_Landkreis_019.jpg\" target=\"_blank\"><img decoding=\"async\" src=\"http:\/\/www.schoene-nachrichten.de\/wp-content\/uploads\/2009\/02\/090216_Landkreis_019.thumbnail.jpg\" alt=\"090216_Landkreis_019.jpg\" width=\"265\" \/><\/a><\/p>\n<p><a title=\"Foto: Max Colin Heydenreich\" rel=\"lightbox[roadtrip]\" href=\"http:\/\/www.schoene-nachrichten.de\/wp-content\/uploads\/2009\/02\/090216_Landkreis_033.jpg\" target=\"_blank\"><img decoding=\"async\" src=\"http:\/\/www.schoene-nachrichten.de\/wp-content\/uploads\/2009\/02\/090216_Landkreis_033.thumbnail.jpg\" alt=\"090216_Landkreis_033.jpg\" width=\"265\" \/><\/a> <a title=\"Foto: Max Colin Heydenreich\" rel=\"lightbox[roadtrip]\" href=\"http:\/\/www.schoene-nachrichten.de\/wp-content\/uploads\/2009\/02\/090216_Landkreis_034.jpg\" target=\"_blank\"><img decoding=\"async\" src=\"http:\/\/www.schoene-nachrichten.de\/wp-content\/uploads\/2009\/02\/090216_Landkreis_034.thumbnail.jpg\" alt=\"090216_Landkreis_034.jpg\" width=\"265\" \/><\/a><\/p>\n<p>Schulleiter Mathias Dickhut bedankte sich beim Landkreis f\u00fcr die langj\u00e4hrige Unterst\u00fctzung des Schulstandorts und stellte fest, dass die Ulstertalschule nach Abschluss der Bauma\u00dfnahme noch sch\u00f6ner und attraktiver geworden sei. Leitender Schulamtsdirektor Martin Kremer sprach von einem weiteren Meilenstein in der Entwicklung der Ulstertalschule. Gerade als Gymnasium im l\u00e4ndlichen Raum verf\u00fcge die Schule nunmehr \u00fcber optimale Unterrichts- und Lernbedingungen und sei f\u00fcr die Herausforderungen des modernen Bildungswesens gut aufgestellt.<\/p>\n<p><a title=\"Foto: Max Colin Heydenreich\" rel=\"lightbox[roadtrip]\" href=\"http:\/\/www.schoene-nachrichten.de\/wp-content\/uploads\/2009\/02\/090216_Landkreis_035.jpg\" target=\"_blank\"><img decoding=\"async\" src=\"http:\/\/www.schoene-nachrichten.de\/wp-content\/uploads\/2009\/02\/090216_Landkreis_035.thumbnail.jpg\" alt=\"090216_Landkreis_035.jpg\" width=\"265\" \/><\/a> <a title=\"Foto: Max Colin Heydenreich\" rel=\"lightbox[roadtrip]\" href=\"http:\/\/www.schoene-nachrichten.de\/wp-content\/uploads\/2009\/02\/090216_Landkreis_021.jpg\" target=\"_blank\"><img decoding=\"async\" src=\"http:\/\/www.schoene-nachrichten.de\/wp-content\/uploads\/2009\/02\/090216_Landkreis_021.thumbnail.jpg\" alt=\"090216_Landkreis_021.jpg\" width=\"265\" \/><\/a><\/p>\n<p><a title=\"Foto: Max Colin Heydenreich\" rel=\"lightbox[roadtrip]\" href=\"http:\/\/www.schoene-nachrichten.de\/wp-content\/uploads\/2009\/02\/090216_Landkreis_037.jpg\" target=\"_blank\"><img decoding=\"async\" src=\"http:\/\/www.schoene-nachrichten.de\/wp-content\/uploads\/2009\/02\/090216_Landkreis_037.thumbnail.jpg\" alt=\"090216_Landkreis_037.jpg\" width=\"265\" \/><\/a> <a title=\"Foto: Max Colin Heydenreich\" rel=\"lightbox[roadtrip]\" href=\"http:\/\/www.schoene-nachrichten.de\/wp-content\/uploads\/2009\/02\/090216_Landkreis_068.jpg\" target=\"_blank\"><img decoding=\"async\" src=\"http:\/\/www.schoene-nachrichten.de\/wp-content\/uploads\/2009\/02\/090216_Landkreis_068.thumbnail.jpg\" alt=\"090216_Landkreis_068.jpg\" width=\"265\" \/><\/a><\/p>\n<p><strong>Kindern langen Schulweg ersparen<\/strong><\/p>\n<p>Die Gl\u00fcckw\u00fcnsche der drei Ulstertalgemeinden Hilders, Tann und Ehrenberg verband B\u00fcrgermeister Hubert Blum mit der Aufforderung, daf\u00fcr Sorge zu tragen, dass nach der vierten Grundschulklasse m\u00f6glichst viele Sch\u00fclerinnen und Sch\u00fcler den Weg in die Ulstertalschule finden w\u00fcrden. Auch Schulelternbeiratsvorsitzende Ingrid Wisotzki will sich f\u00fcr eine hohe \u00dcbergangsquote einsetzen, um den Sch\u00fclern in jungen Jahre lange Schulwege zu ersparen. Schulsprecherin Lisa Dorst freute sich \u00fcber die zus\u00e4tzlichen M\u00f6glichkeiten zum selbst\u00e4ndi-gen Lernen.<\/p>\n<p><a title=\"Foto: Max Colin Heydenreich\" rel=\"lightbox[roadtrip]\" href=\"http:\/\/www.schoene-nachrichten.de\/wp-content\/uploads\/2009\/02\/090216_Landkreis_039.jpg\" target=\"_blank\"><img decoding=\"async\" src=\"http:\/\/www.schoene-nachrichten.de\/wp-content\/uploads\/2009\/02\/090216_Landkreis_039.thumbnail.jpg\" alt=\"090216_Landkreis_039.jpg\" width=\"265\" \/><\/a> <a title=\"Foto: Max Colin Heydenreich\" rel=\"lightbox[roadtrip]\" href=\"http:\/\/www.schoene-nachrichten.de\/wp-content\/uploads\/2009\/02\/090216_Landkreis_040.jpg\" target=\"_blank\"><img decoding=\"async\" src=\"http:\/\/www.schoene-nachrichten.de\/wp-content\/uploads\/2009\/02\/090216_Landkreis_040.thumbnail.jpg\" alt=\"090216_Landkreis_040.jpg\" width=\"265\" \/><\/a><\/p>\n<p><a title=\"Foto: Max Colin Heydenreich\" rel=\"lightbox[roadtrip]\" href=\"http:\/\/www.schoene-nachrichten.de\/wp-content\/uploads\/2009\/02\/090216_Landkreis_041.jpg\" target=\"_blank\"><img decoding=\"async\" src=\"http:\/\/www.schoene-nachrichten.de\/wp-content\/uploads\/2009\/02\/090216_Landkreis_041.thumbnail.jpg\" alt=\"090216_Landkreis_041.jpg\" width=\"265\" \/><\/a> <a title=\"Foto: Max Colin Heydenreich\" rel=\"lightbox[roadtrip]\" href=\"http:\/\/www.schoene-nachrichten.de\/wp-content\/uploads\/2009\/02\/090216_Landkreis_042.jpg\" target=\"_blank\"><img decoding=\"async\" src=\"http:\/\/www.schoene-nachrichten.de\/wp-content\/uploads\/2009\/02\/090216_Landkreis_042.thumbnail.jpg\" alt=\"090216_Landkreis_042.jpg\" width=\"265\" \/><\/a><\/p>\n<p>Die kirchliche Weihe nahmen Pfarrer G\u00fcnter Wondrak und Pfarrerin Friedericke Quapp vor, die darum betete, dass in die neuen R\u00e4ume auch die Ehrfurcht vor Gott Einzug halten m\u00f6ge, damit \u201eWissen dem Leben dient\u201c. Die Feierstunde wurde von der Chor- und Rhythmusgruppe der Ulstertalschule unter Leitung von Axel Daniel musikalisch umrahmt, die Melodien aus dem Musical \u201eHair\u201c vortrug. Am Nachmittag bestand bei einem Schnuppertag f\u00fcr die vierten Klassen der benachbarten Grundschulen Gelegenheit, das Ganztagsangebot in Augenschein zu nehmen.<\/p>\n<p><a title=\"Foto: Max Colin Heydenreich\" rel=\"lightbox[roadtrip]\" href=\"http:\/\/www.schoene-nachrichten.de\/wp-content\/uploads\/2009\/02\/090216_Landkreis_043.jpg\" target=\"_blank\"><img decoding=\"async\" src=\"http:\/\/www.schoene-nachrichten.de\/wp-content\/uploads\/2009\/02\/090216_Landkreis_043.thumbnail.jpg\" alt=\"090216_Landkreis_043.jpg\" width=\"265\" \/><\/a> <a title=\"Foto: Max Colin Heydenreich\" rel=\"lightbox[roadtrip]\" href=\"http:\/\/www.schoene-nachrichten.de\/wp-content\/uploads\/2009\/02\/090216_Landkreis_044.jpg\" target=\"_blank\"><img decoding=\"async\" src=\"http:\/\/www.schoene-nachrichten.de\/wp-content\/uploads\/2009\/02\/090216_Landkreis_044.thumbnail.jpg\" alt=\"090216_Landkreis_044.jpg\" width=\"265\" \/><\/a><\/p>\n<p><a title=\"Foto: Max Colin Heydenreich\" rel=\"lightbox[roadtrip]\" href=\"http:\/\/www.schoene-nachrichten.de\/wp-content\/uploads\/2009\/02\/090216_Landkreis_045.jpg\" target=\"_blank\"><img decoding=\"async\" src=\"http:\/\/www.schoene-nachrichten.de\/wp-content\/uploads\/2009\/02\/090216_Landkreis_045.thumbnail.jpg\" alt=\"090216_Landkreis_045.jpg\" width=\"265\" \/><\/a> <a title=\"Foto: Max Colin Heydenreich\" rel=\"lightbox[roadtrip]\" href=\"http:\/\/www.schoene-nachrichten.de\/wp-content\/uploads\/2009\/02\/090216_Landkreis_046.jpg\" target=\"_blank\"><img decoding=\"async\" src=\"http:\/\/www.schoene-nachrichten.de\/wp-content\/uploads\/2009\/02\/090216_Landkreis_046.thumbnail.jpg\" alt=\"090216_Landkreis_046.jpg\" width=\"265\" \/><\/a><\/p>\n<p><a title=\"Foto: Max Colin Heydenreich\" rel=\"lightbox[roadtrip]\" href=\"http:\/\/www.schoene-nachrichten.de\/wp-content\/uploads\/2009\/02\/090216_Landkreis_032.jpg\" target=\"_blank\"><img decoding=\"async\" src=\"http:\/\/www.schoene-nachrichten.de\/wp-content\/uploads\/2009\/02\/090216_Landkreis_032.thumbnail.jpg\" alt=\"090216_Landkreis_032.jpg\" width=\"265\" \/><\/a> <a title=\"Foto: Max Colin Heydenreich\" rel=\"lightbox[roadtrip]\" href=\"http:\/\/www.schoene-nachrichten.de\/wp-content\/uploads\/2009\/02\/090216_Landkreis_048.jpg\" target=\"_blank\"><img decoding=\"async\" src=\"http:\/\/www.schoene-nachrichten.de\/wp-content\/uploads\/2009\/02\/090216_Landkreis_048.thumbnail.jpg\" alt=\"090216_Landkreis_048.jpg\" width=\"265\" \/><\/a><\/p>\n<p><a title=\"Foto: Max Colin Heydenreich\" rel=\"lightbox[roadtrip]\" href=\"http:\/\/www.schoene-nachrichten.de\/wp-content\/uploads\/2009\/02\/090216_Landkreis_047.jpg\" target=\"_blank\"><img decoding=\"async\" src=\"http:\/\/www.schoene-nachrichten.de\/wp-content\/uploads\/2009\/02\/090216_Landkreis_047.thumbnail.jpg\" alt=\"090216_Landkreis_047.jpg\" width=\"265\" \/><\/a> <a title=\"Foto: Max Colin Heydenreich\" rel=\"lightbox[roadtrip]\" href=\"http:\/\/www.schoene-nachrichten.de\/wp-content\/uploads\/2009\/02\/090216_Landkreis_050.jpg\" target=\"_blank\"><img decoding=\"async\" src=\"http:\/\/www.schoene-nachrichten.de\/wp-content\/uploads\/2009\/02\/090216_Landkreis_050.thumbnail.jpg\" alt=\"090216_Landkreis_050.jpg\" width=\"265\" \/><\/a><\/p>\n<p><a title=\"Foto: Max Colin Heydenreich\" rel=\"lightbox[roadtrip]\" href=\"http:\/\/www.schoene-nachrichten.de\/wp-content\/uploads\/2009\/02\/090216_Landkreis_051.jpg\" target=\"_blank\"><img decoding=\"async\" src=\"http:\/\/www.schoene-nachrichten.de\/wp-content\/uploads\/2009\/02\/090216_Landkreis_051.thumbnail.jpg\" alt=\"090216_Landkreis_051.jpg\" width=\"265\" \/><\/a> <a title=\"Foto: Max Colin Heydenreich\" rel=\"lightbox[roadtrip]\" href=\"http:\/\/www.schoene-nachrichten.de\/wp-content\/uploads\/2009\/02\/090216_Landkreis_052.jpg\" target=\"_blank\"><img decoding=\"async\" src=\"http:\/\/www.schoene-nachrichten.de\/wp-content\/uploads\/2009\/02\/090216_Landkreis_052.thumbnail.jpg\" alt=\"090216_Landkreis_052.jpg\" width=\"265\" \/><\/a><\/p>\n<p><a title=\"Foto: Max Colin Heydenreich\" rel=\"lightbox[roadtrip]\" href=\"http:\/\/www.schoene-nachrichten.de\/wp-content\/uploads\/2009\/02\/090216_Landkreis_053.jpg\" target=\"_blank\"><img decoding=\"async\" src=\"http:\/\/www.schoene-nachrichten.de\/wp-content\/uploads\/2009\/02\/090216_Landkreis_053.thumbnail.jpg\" alt=\"090216_Landkreis_053.jpg\" width=\"265\" \/><\/a> <a title=\"Foto: Max Colin Heydenreich\" rel=\"lightbox[roadtrip]\" href=\"http:\/\/www.schoene-nachrichten.de\/wp-content\/uploads\/2009\/02\/090216_Landkreis_054.jpg\" target=\"_blank\"><img decoding=\"async\" src=\"http:\/\/www.schoene-nachrichten.de\/wp-content\/uploads\/2009\/02\/090216_Landkreis_054.thumbnail.jpg\" alt=\"090216_Landkreis_054.jpg\" width=\"265\" \/><\/a><\/p>\n<p><a title=\"Foto: Max Colin Heydenreich\" rel=\"lightbox[roadtrip]\" href=\"http:\/\/www.schoene-nachrichten.de\/wp-content\/uploads\/2009\/02\/090216_Landkreis_055.jpg\" target=\"_blank\"><img decoding=\"async\" src=\"http:\/\/www.schoene-nachrichten.de\/wp-content\/uploads\/2009\/02\/090216_Landkreis_055.thumbnail.jpg\" alt=\"090216_Landkreis_055.jpg\" width=\"265\" \/><\/a> <a title=\"Foto: Max Colin Heydenreich\" rel=\"lightbox[roadtrip]\" href=\"http:\/\/www.schoene-nachrichten.de\/wp-content\/uploads\/2009\/02\/090216_Landkreis_056.jpg\" target=\"_blank\"><img decoding=\"async\" src=\"http:\/\/www.schoene-nachrichten.de\/wp-content\/uploads\/2009\/02\/090216_Landkreis_056.thumbnail.jpg\" alt=\"090216_Landkreis_056.jpg\" width=\"265\" \/><\/a><\/p>\n<p><a title=\"Foto: Max Colin Heydenreich\" rel=\"lightbox[roadtrip]\" href=\"http:\/\/www.schoene-nachrichten.de\/wp-content\/uploads\/2009\/02\/090216_Landkreis_057.jpg\" target=\"_blank\"><img decoding=\"async\" src=\"http:\/\/www.schoene-nachrichten.de\/wp-content\/uploads\/2009\/02\/090216_Landkreis_057.thumbnail.jpg\" alt=\"090216_Landkreis_057.jpg\" width=\"265\" \/><\/a> <a title=\"Foto: Max Colin Heydenreich\" rel=\"lightbox[roadtrip]\" href=\"http:\/\/www.schoene-nachrichten.de\/wp-content\/uploads\/2009\/02\/090216_Landkreis_058.jpg\" target=\"_blank\"><img decoding=\"async\" src=\"http:\/\/www.schoene-nachrichten.de\/wp-content\/uploads\/2009\/02\/090216_Landkreis_058.thumbnail.jpg\" alt=\"090216_Landkreis_058.jpg\" width=\"265\" \/><\/a><\/p>\n<p><a title=\"Foto: Max Colin Heydenreich\" rel=\"lightbox[roadtrip]\" href=\"http:\/\/www.schoene-nachrichten.de\/wp-content\/uploads\/2009\/02\/090216_Landkreis_059.jpg\" target=\"_blank\"><img decoding=\"async\" src=\"http:\/\/www.schoene-nachrichten.de\/wp-content\/uploads\/2009\/02\/090216_Landkreis_059.thumbnail.jpg\" alt=\"090216_Landkreis_059.jpg\" width=\"265\" \/><\/a> <a title=\"Foto: Max Colin Heydenreich\" rel=\"lightbox[roadtrip]\" href=\"http:\/\/www.schoene-nachrichten.de\/wp-content\/uploads\/2009\/02\/090216_Landkreis_060.jpg\" target=\"_blank\"><img decoding=\"async\" src=\"http:\/\/www.schoene-nachrichten.de\/wp-content\/uploads\/2009\/02\/090216_Landkreis_060.thumbnail.jpg\" alt=\"090216_Landkreis_060.jpg\" width=\"265\" \/><\/a><\/p>\n<p><a title=\"Foto: Max Colin Heydenreich\" rel=\"lightbox[roadtrip]\" href=\"http:\/\/www.schoene-nachrichten.de\/wp-content\/uploads\/2009\/02\/090216_Landkreis_019.jpg\" target=\"_blank\"><img decoding=\"async\" src=\"http:\/\/www.schoene-nachrichten.de\/wp-content\/uploads\/2009\/02\/090216_Landkreis_020.thumbnail.jpg\" alt=\"090216_Landkreis_020.jpg\" width=\"265\" \/><\/a> <a title=\"Foto: Max Colin Heydenreich\" rel=\"lightbox[roadtrip]\" href=\"http:\/\/www.schoene-nachrichten.de\/wp-content\/uploads\/2009\/02\/090216_Landkreis_062.jpg\" target=\"_blank\"><img decoding=\"async\" src=\"http:\/\/www.schoene-nachrichten.de\/wp-content\/uploads\/2009\/02\/090216_Landkreis_062.thumbnail.jpg\" alt=\"090216_Landkreis_062.jpg\" width=\"265\" \/><\/a><\/p>\n<p><a title=\"Foto: Max Colin Heydenreich\" rel=\"lightbox[roadtrip]\" href=\"http:\/\/www.schoene-nachrichten.de\/wp-content\/uploads\/2009\/02\/090216_Landkreis_063.jpg\" target=\"_blank\"><img decoding=\"async\" src=\"http:\/\/www.schoene-nachrichten.de\/wp-content\/uploads\/2009\/02\/090216_Landkreis_063.thumbnail.jpg\" alt=\"090216_Landkreis_063.jpg\" width=\"265\" \/><\/a> <a title=\"Foto: Max Colin Heydenreich\" rel=\"lightbox[roadtrip]\" href=\"http:\/\/www.schoene-nachrichten.de\/wp-content\/uploads\/2009\/02\/090216_Landkreis_064.jpg\" target=\"_blank\"><img decoding=\"async\" src=\"http:\/\/www.schoene-nachrichten.de\/wp-content\/uploads\/2009\/02\/090216_Landkreis_064.thumbnail.jpg\" alt=\"090216_Landkreis_064.jpg\" width=\"265\" \/><\/a><\/p>\n<p><a title=\"Foto: Max Colin Heydenreich\" rel=\"lightbox[roadtrip]\" href=\"http:\/\/www.schoene-nachrichten.de\/wp-content\/uploads\/2009\/02\/090216_Landkreis_065.jpg\" target=\"_blank\"><img decoding=\"async\" src=\"http:\/\/www.schoene-nachrichten.de\/wp-content\/uploads\/2009\/02\/090216_Landkreis_065.thumbnail.jpg\" alt=\"090216_Landkreis_065.jpg\" width=\"265\" \/><\/a> <a title=\"Foto: Max Colin Heydenreich\" rel=\"lightbox[roadtrip]\" href=\"http:\/\/www.schoene-nachrichten.de\/wp-content\/uploads\/2009\/02\/090216_Landkreis_066.jpg\" target=\"_blank\"><img decoding=\"async\" src=\"http:\/\/www.schoene-nachrichten.de\/wp-content\/uploads\/2009\/02\/090216_Landkreis_066.thumbnail.jpg\" alt=\"090216_Landkreis_066.jpg\" width=\"265\" \/><\/a><\/p>\n<p><a title=\"Foto: Max Colin Heydenreich\" rel=\"lightbox[roadtrip]\" href=\"http:\/\/www.schoene-nachrichten.de\/wp-content\/uploads\/2009\/02\/090216_Landkreis_067.jpg\" target=\"_blank\"><img decoding=\"async\" src=\"http:\/\/www.schoene-nachrichten.de\/wp-content\/uploads\/2009\/02\/090216_Landkreis_067.thumbnail.jpg\" alt=\"090216_Landkreis_067.jpg\" width=\"265\" \/><\/a> <a title=\"Foto: Max Colin Heydenreich\" rel=\"lightbox[roadtrip]\" href=\"http:\/\/www.schoene-nachrichten.de\/wp-content\/uploads\/2009\/02\/090216_Landkreis_049.jpg\" target=\"_blank\"><img decoding=\"async\" src=\"http:\/\/www.schoene-nachrichten.de\/wp-content\/uploads\/2009\/02\/090216_Landkreis_049.thumbnail.jpg\" alt=\"090216_Landkreis_049.jpg\" width=\"265\" \/><\/a><\/p>\n","protected":false},"excerpt":{"rendered":"<div class=\"tmnf_excerpt\"><p>Hilders. Der Landkreis Fulda werde sich weiterhin daf\u00fcr einsetzen, auch im l\u00e4ndlichen Raum ein qualifiziertes schulisches Angebot vorzuhalten. Diese Zusage gelte unabh\u00e4ngig von der Bereitstellung zus\u00e4tzlicher Bundes- und Landesmittel, wie dies im Zuge der Konjunk-turprogramme zur Bew\u00e4ltigung der Finanz- und Wirtschaftskrise geplant sei, erkl\u00e4rte Landrat Bernd Woide anl\u00e4sslich der offiziellen \u00dcbergabe von neuen R\u00e4umlichkeiten an &hellip;<\/p>\n<\/div>","protected":false},"author":1,"featured_media":0,"comment_status":"closed","ping_status":"closed","sticky":false,"template":"","format":"standard","meta":{"footnotes":""},"categories":[1,54,53,29,78],"tags":[],"class_list":["post-21389","post","type-post","status-publish","format-standard","hentry","category-startseite","category-bildergalerien","category-bildung","category-politik","category-topthema"],"_links":{"self":[{"href":"https:\/\/www.fuldaernachrichten.de\/index.php?rest_route=\/wp\/v2\/posts\/21389","targetHints":{"allow":["GET"]}}],"collection":[{"href":"https:\/\/www.fuldaernachrichten.de\/index.php?rest_route=\/wp\/v2\/posts"}],"about":[{"href":"https:\/\/www.fuldaernachrichten.de\/index.php?rest_route=\/wp\/v2\/types\/post"}],"author":[{"embeddable":true,"href":"https:\/\/www.fuldaernachrichten.de\/index.php?rest_route=\/wp\/v2\/users\/1"}],"replies":[{"embeddable":true,"href":"https:\/\/www.fuldaernachrichten.de\/index.php?rest_route=%2Fwp%2Fv2%2Fcomments&post=21389"}],"version-history":[{"count":6,"href":"https:\/\/www.fuldaernachrichten.de\/index.php?rest_route=\/wp\/v2\/posts\/21389\/revisions"}],"predecessor-version":[{"id":21504,"href":"https:\/\/www.fuldaernachrichten.de\/index.php?rest_route=\/wp\/v2\/posts\/21389\/revisions\/21504"}],"wp:attachment":[{"href":"https:\/\/www.fuldaernachrichten.de\/index.php?rest_route=%2Fwp%2Fv2%2Fmedia&parent=21389"}],"wp:term":[{"taxonomy":"category","embeddable":true,"href":"https:\/\/www.fuldaernachrichten.de\/index.php?rest_route=%2Fwp%2Fv2%2Fcategories&post=21389"},{"taxonomy":"post_tag","embeddable":true,"href":"https:\/\/www.fuldaernachrichten.de\/index.php?rest_route=%2Fwp%2Fv2%2Ftags&post=21389"}],"curies":[{"name":"wp","href":"https:\/\/api.w.org\/{rel}","templated":true}]}}