{"id":2098,"date":"2007-03-13T11:27:31","date_gmt":"2007-03-13T10:27:31","guid":{"rendered":"http:\/\/www.schoene-nachrichten.de\/?p=2098"},"modified":"2007-03-13T11:29:21","modified_gmt":"2007-03-13T10:29:21","slug":"14-hessenmeistertitel-fuer-fuldaer-kanuten","status":"publish","type":"post","link":"https:\/\/www.fuldaernachrichten.de\/?p=2098","title":{"rendered":"14 Hessenmeistertitel f\u00fcr Fuldaer Kanuten"},"content":{"rendered":"<p><strong>Sch\u00f6nes aus Fulda.<\/strong> Mit 14 von 23 m\u00f6glichen Hessenmeistertiteln sind die Domst\u00e4dter optimal in die neue Wettkampfsaison gestartet. Knapp 500 Starts an einem Wochenende, Kanuten aus \u00fcber 40 Vereinen und 6 Nationen \u2013\u00c2\u00a0 dieses Mammutprogramm hat der Kanu-Club-Fulda w\u00e4hrend der Fulda-Kanu-Rennen am vergangenen Wochenende \u00fcber die B\u00fchne gebracht.<\/p>\n<p><strong>Fotos (3):<\/strong> Max Colin Heydenreich<\/p>\n<p><a target=\"_blank\" href=\"http:\/\/www.schoene-nachrichten.de\/wp-content\/uploads\/2007\/03\/070311_kanu-2.jpg\" title=\"070311_kanu-2.jpg\"><img decoding=\"async\" src=\"http:\/\/www.schoene-nachrichten.de\/wp-content\/uploads\/2007\/03\/070311_kanu-2.thumbnail.jpg\" alt=\"070311_kanu-2.jpg\" \/><\/a>\u00c2\u00a0<a target=\"_blank\" href=\"http:\/\/www.schoene-nachrichten.de\/wp-content\/uploads\/2007\/03\/070311_kanu-1.jpg\" title=\"070311_kanu-1.jpg\"><img decoding=\"async\" src=\"http:\/\/www.schoene-nachrichten.de\/wp-content\/uploads\/2007\/03\/070311_kanu-1.thumbnail.jpg\" alt=\"070311_kanu-1.jpg\" \/><\/a>\u00c2\u00a0<a target=\"_blank\" href=\"http:\/\/www.schoene-nachrichten.de\/wp-content\/uploads\/2007\/03\/070311_kanu-3.jpg\" title=\"070311_kanu-3.jpg\"><img decoding=\"async\" src=\"http:\/\/www.schoene-nachrichten.de\/wp-content\/uploads\/2007\/03\/070311_kanu-3.thumbnail.jpg\" alt=\"070311_kanu-3.jpg\" \/><\/a><\/p>\n<p><strong>Mehr Fotos vom Kanu-Rennen sehen Sie <\/strong><a target=\"_blank\" href=\"http:\/\/www.schoene-nachrichten.de\/?p=2078#more-2078\">hier<\/a><strong>.<\/strong><\/p>\n<p><!--more-->Und quasi nebenbei haben sich die heimischen Sportler bei der Hessenmeisterschaft, die Samstag ausgetragen wurde, 14 von 23 m\u00f6glichen Hessenmeistertiteln gesichert. Damit war KCF wieder einmal erfolgreichster hessischer Verein.<br \/>\nAufgrund eines hohen Wasserstandes war die Fulda mit technischen Schwierigkeiten nur so gespickt. Schl\u00fcsselstellen wie die Johannesberger Br\u00fccke, den Herrenwinkel und die Bobbahn mussten gemeistert werden.<\/p>\n<p><strong>Medaillenflut f\u00fcr die Fuldaer Sportler<\/strong><\/p>\n<p>Und dies gelang den Fuldaern besonders gut: Sie konnten ihren Heimvorteil optimal aussch\u00f6pfen und holten eine wahre Medaillenflut ein.\u00c2\u00a0 Den Anfang machte Janina Piaskowski. Am Samstag sicherte sie sich den Hessenmeistertitel und musste sich im Gesamtklassement nur der Berlinerin Nadja Peuschel mit 5 Sekunden geschlagen geben. Doch diesen Spie\u00df drehte sie am darauffolgenden Tag\u00c2\u00a0um. Sie gewann das Rennen der weiblichen Jugend souver\u00e4n mit 15 Sekunden Vorsprung, sammelte somit wichtige Jugendranglisten- und Deutschlandcuppunkte und zeigte ihre Ambitionen f\u00fcr einen Startplatz bei der diesj\u00e4hrigen Juniorenweltmeisterschaft in den USA.<\/p>\n<p><strong>Juniorenfahrer Kaspar Zoth auf WM-Kurs<\/strong><\/p>\n<p>Ebenfalls f\u00fcr diese WM qualifizieren m\u00f6chte sich der Juniorenfahrer Kaspar Zoth. Und das machte er vor allem am Samstag bei der Hessenmeisterschaft deutlich: Dort belegte er im Gesamtklassement den hervorragenden dritten Rang. Nur geschlagen von zwei Fahrern aus der Schweiz und aus Tschechien. Somit sicherte er sich den Hessentitel. Auf der l\u00e4ngeren Sonntagsstrecke hatte er aufgrund einer noch nicht ganz auskurierten Krankheit dann kleinere Schw\u00e4chen, sicherte sich aber dennoch einen vierten Rang und war damit zweitbester deutscher Kanute.<\/p>\n<p><strong>Jugendfahrer Felix Stark erfolgreichster Fuldaer Kanute<\/strong>\u00c2\u00a0<\/p>\n<p>Erfolgreichster Fuldaer Kanute war der Jugendfahrer Felix Stark. Am Samstag wurde er mit nur einer Sekunde R\u00fcckstand zweiter, was zugleich auch den Gewinn des Hessenmeistertitel bedeutete. Au\u00dferdem holte er sich mit seinen Vereinskollegen Dominik Pietron und Maurice Koch den Titel in der Mannschaft. Und der n\u00e4chste Tag sollte noch erfolgreicher werden. Mit Wut im Bauch \u00fcber den um eine Sekunde verpatzen ersten Platz setzte Felix am Sonntag alles auf die Karte Sieg. Und diese stach. Mit 15 Sekunden Vorsprung deklassierte er die Konkurrenz und setzte ein gro\u00dfes Ausrufezeichen hinter seinen Leistungsstand.<\/p>\n<p><strong>Johannes Baumann schnellster Fuldaer Kanute<\/strong><\/p>\n<p>Schnellster Fuldaer Kanute war Johannes Baumann. Der sechste Gesamtrang bedeutete f\u00fcr ihn beim Samstagsrennen den Hessenmeistertitel. Und auch am n\u00e4chsten Wettkampftag konnte er noch eine Schippe zulegen und landete auf einem guten vierten Platz, mit nur einer Sekunde R\u00fcckstand auf das Siegerpodest.<\/p>\n<p>F\u00fcr die Perfekt abgelaufene Veranstaltung kam von allen Seiten gro\u00dfes Lob: \u201eEs ist genial. Der Wasserstand ist traumhaft, dazu das perfekte Wetter. Und auch die Organisation klappt wie immer reibungslos, das sind wir auch von Fulda nicht anders gewohnt. Besser geht es nicht\u201c, so der Bundestrainer G\u00fcnter Schr\u00f6ter.<\/p>\n<p><strong>Organisationschef Harald Piaskowski zufrieden<\/strong><\/p>\n<p>Auch Organisationschef Harald Piaskowski zeigte sich nach dem Rennen mit den Resultaten seiner Sch\u00fctzlinge sichtlich erleichtert: \u201eIch denke, dass wir gezeigt haben, dass wir fast optimal vorbereitet ins neue Wettkampfjahr gestartet sind. Immerhin haben wir bisher noch nicht sehr viel im intensiven Bereich trainiert haben. F\u00fcr dieses Training waren die Resultate super. Jetzt m\u00fcssen wir f\u00fcr die n\u00e4chsten<\/p>\n<p>Rennen, insbesondere das Ranglisten- und WM-Qualifikationsrennen in Monschau die Form weiter aufbauen um dort vielleicht noch weiter vorne mitmischen zu k\u00f6nnen. Und besonders wichtig ist, dass sich unsere Leistungstr\u00e4ger umgehend von ihren Erk\u00e4ltungen auskurieren. Hier hat es leider in den Wochen vor den Wettk\u00e4mpfen einige Ausf\u00e4lle gegeben. Und die Endt\u00e4uschung aufgrund der Platzierung stand vielen im Gesicht geschrieben.\u201c (David Piaskowski)<\/p>\n","protected":false},"excerpt":{"rendered":"<div class=\"tmnf_excerpt\"><p>Sch\u00f6nes aus Fulda. Mit 14 von 23 m\u00f6glichen Hessenmeistertiteln sind die Domst\u00e4dter optimal in die neue Wettkampfsaison gestartet. Knapp 500 Starts an einem Wochenende, Kanuten aus \u00fcber 40 Vereinen und 6 Nationen \u2013\u00c2\u00a0 dieses Mammutprogramm hat der Kanu-Club-Fulda w\u00e4hrend der Fulda-Kanu-Rennen am vergangenen Wochenende \u00fcber die B\u00fchne gebracht. Fotos (3): Max Colin Heydenreich \u00c2\u00a0\u00c2\u00a0 Mehr &hellip;<\/p>\n<\/div>","protected":false},"author":1,"featured_media":0,"comment_status":"closed","ping_status":"closed","sticky":false,"template":"","format":"standard","meta":{"footnotes":""},"categories":[1,46],"tags":[],"class_list":["post-2098","post","type-post","status-publish","format-standard","hentry","category-startseite","category-sport"],"_links":{"self":[{"href":"https:\/\/www.fuldaernachrichten.de\/index.php?rest_route=\/wp\/v2\/posts\/2098","targetHints":{"allow":["GET"]}}],"collection":[{"href":"https:\/\/www.fuldaernachrichten.de\/index.php?rest_route=\/wp\/v2\/posts"}],"about":[{"href":"https:\/\/www.fuldaernachrichten.de\/index.php?rest_route=\/wp\/v2\/types\/post"}],"author":[{"embeddable":true,"href":"https:\/\/www.fuldaernachrichten.de\/index.php?rest_route=\/wp\/v2\/users\/1"}],"replies":[{"embeddable":true,"href":"https:\/\/www.fuldaernachrichten.de\/index.php?rest_route=%2Fwp%2Fv2%2Fcomments&post=2098"}],"version-history":[{"count":0,"href":"https:\/\/www.fuldaernachrichten.de\/index.php?rest_route=\/wp\/v2\/posts\/2098\/revisions"}],"wp:attachment":[{"href":"https:\/\/www.fuldaernachrichten.de\/index.php?rest_route=%2Fwp%2Fv2%2Fmedia&parent=2098"}],"wp:term":[{"taxonomy":"category","embeddable":true,"href":"https:\/\/www.fuldaernachrichten.de\/index.php?rest_route=%2Fwp%2Fv2%2Fcategories&post=2098"},{"taxonomy":"post_tag","embeddable":true,"href":"https:\/\/www.fuldaernachrichten.de\/index.php?rest_route=%2Fwp%2Fv2%2Ftags&post=2098"}],"curies":[{"name":"wp","href":"https:\/\/api.w.org\/{rel}","templated":true}]}}