{"id":20974,"date":"2009-02-10T03:33:37","date_gmt":"2009-02-10T02:33:37","guid":{"rendered":"http:\/\/www.schoene-nachrichten.de\/?p=20974"},"modified":"2009-02-10T08:48:59","modified_gmt":"2009-02-10T07:48:59","slug":"das-tegut-3-zutaten-rezept-diese-woche-milchreis-mit-schattenmorellen","status":"publish","type":"post","link":"https:\/\/www.fuldaernachrichten.de\/?p=20974","title":{"rendered":"Das tegut&#8230; 3-Zutaten-Rezept: Diese Woche &#8220;Milchreis mit Schattenmorellen&#8221;"},"content":{"rendered":"<p><a href=\"http:\/\/www.schoene-nachrichten.de\/wp-content\/uploads\/2009\/02\/090209_tegut.jpg\"><img decoding=\"async\" class=\"alignnone size-medium wp-image-20976\" title=\"090209_tegut\" src=\"http:\/\/www.schoene-nachrichten.de\/wp-content\/uploads\/2009\/02\/090209_tegut.jpg\" alt=\"090209_tegut\" width=\"560\" srcset=\"https:\/\/www.fuldaernachrichten.de\/wp-content\/uploads\/2009\/02\/090209_tegut.jpg 592w, https:\/\/www.fuldaernachrichten.de\/wp-content\/uploads\/2009\/02\/090209_tegut-265x176.jpg 265w\" sizes=\"(max-width: 592px) 100vw, 592px\" \/><\/a><\/p>\n<p><strong>Serie.<\/strong> Das \u201e<a href=\"http:\/\/www.tegut.de\/ernaehrung\/1_2_3_zutaten_rezept.php\" target=\"_blank\">3-Zutaten-Rezept<\/a>\u201c liegt in den tegut\u00e2\u20ac\u00a6 M\u00e4rkten aus und es kommt \u2013 abgesehen von einigen Basiszutaten, die zur Grundausstattung einer K\u00fcche geh\u00f6ren sollten \u2013 allein mit drei Zutaten aus.<\/p>\n<p><strong>Diesen Grundvorrat setzt das <a href=\"http:\/\/www.tegut.de\/ernaehrung\/1_2_3_zutaten_rezept.php\" target=\"_blank\">3-Zutaten-Rezept<\/a> voraus und sollten in keiner K\u00fcche fehlen:<\/strong><\/p>\n<ul>\n<li>Salz, Pfeffer, Essig, \u00d6l<\/li>\n<li>Gem\u00fcsebr\u00fche<\/li>\n<li>Zucker<\/li>\n<li>Mehl<\/li>\n<li>Nudeln<\/li>\n<li>Reis<\/li>\n<li>Dosentomaten<\/li>\n<li>Zwiebeln<\/li>\n<li>Knoblauch<\/li>\n<li>Kartoffeln<\/li>\n<li>Milch<\/li>\n<li>Eier<\/li>\n<li>Butter<\/li>\n<\/ul>\n<p><strong>Rezeptdownload:\u00c2\u00a0<a href=\"http:\/\/www.schoene-nachrichten.de\/wp-content\/uploads\/2009\/02\/090209_tegut.pdf\">Milchreis mit Schattenmorellen<\/a><\/strong><\/p>\n","protected":false},"excerpt":{"rendered":"<div class=\"tmnf_excerpt\"><p>Serie. Das \u201e3-Zutaten-Rezept\u201c liegt in den tegut\u00e2\u20ac\u00a6 M\u00e4rkten aus und es kommt \u2013 abgesehen von einigen Basiszutaten, die zur Grundausstattung einer K\u00fcche geh\u00f6ren sollten \u2013 allein mit drei Zutaten aus. Diesen Grundvorrat setzt das 3-Zutaten-Rezept voraus und sollten in keiner K\u00fcche fehlen: Salz, Pfeffer, Essig, \u00d6l Gem\u00fcsebr\u00fche Zucker Mehl Nudeln Reis Dosentomaten Zwiebeln Knoblauch Kartoffeln &hellip;<\/p>\n<\/div>","protected":false},"author":1,"featured_media":0,"comment_status":"closed","ping_status":"closed","sticky":false,"template":"","format":"standard","meta":{"footnotes":""},"categories":[1,37,79,78],"tags":[],"class_list":["post-20974","post","type-post","status-publish","format-standard","hentry","category-startseite","category-essen-und-trinken","category-kino","category-topthema"],"_links":{"self":[{"href":"https:\/\/www.fuldaernachrichten.de\/index.php?rest_route=\/wp\/v2\/posts\/20974","targetHints":{"allow":["GET"]}}],"collection":[{"href":"https:\/\/www.fuldaernachrichten.de\/index.php?rest_route=\/wp\/v2\/posts"}],"about":[{"href":"https:\/\/www.fuldaernachrichten.de\/index.php?rest_route=\/wp\/v2\/types\/post"}],"author":[{"embeddable":true,"href":"https:\/\/www.fuldaernachrichten.de\/index.php?rest_route=\/wp\/v2\/users\/1"}],"replies":[{"embeddable":true,"href":"https:\/\/www.fuldaernachrichten.de\/index.php?rest_route=%2Fwp%2Fv2%2Fcomments&post=20974"}],"version-history":[{"count":6,"href":"https:\/\/www.fuldaernachrichten.de\/index.php?rest_route=\/wp\/v2\/posts\/20974\/revisions"}],"predecessor-version":[{"id":21006,"href":"https:\/\/www.fuldaernachrichten.de\/index.php?rest_route=\/wp\/v2\/posts\/20974\/revisions\/21006"}],"wp:attachment":[{"href":"https:\/\/www.fuldaernachrichten.de\/index.php?rest_route=%2Fwp%2Fv2%2Fmedia&parent=20974"}],"wp:term":[{"taxonomy":"category","embeddable":true,"href":"https:\/\/www.fuldaernachrichten.de\/index.php?rest_route=%2Fwp%2Fv2%2Fcategories&post=20974"},{"taxonomy":"post_tag","embeddable":true,"href":"https:\/\/www.fuldaernachrichten.de\/index.php?rest_route=%2Fwp%2Fv2%2Ftags&post=20974"}],"curies":[{"name":"wp","href":"https:\/\/api.w.org\/{rel}","templated":true}]}}