{"id":20866,"date":"2009-02-07T06:30:09","date_gmt":"2009-02-07T05:30:09","guid":{"rendered":"http:\/\/www.schoene-nachrichten.de\/?p=20866"},"modified":"2009-02-07T08:56:48","modified_gmt":"2009-02-07T07:56:48","slug":"neue-selbstverteidigungskurse-fuer-maedchen-starten-im-maerz","status":"publish","type":"post","link":"https:\/\/www.fuldaernachrichten.de\/?p=20866","title":{"rendered":"Neue Selbstverteidigungskurse f\u00fcr M\u00e4dchen starten im M\u00e4rz"},"content":{"rendered":"<p><strong>Vogelsbergkreis. <\/strong>&#8220;Es kommt nach wie vor f\u00fcr viele M\u00e4dchen darauf an, m\u00f6glichst fr\u00fchzeitig und konsequent Nein sagen zu lernen, um sich gegen Angriffe und Mobbing gezielt zur Wehr setzen zu k\u00f6nnen.&#8221; Dies sagt die Vogelsberger Gleichstellungsbeauftragte Sylke Emmermann, nachdem sie sich mit dem Jugendbildungswerk und der Jugendf\u00f6rderung auf die Fortf\u00fchrung der Selbstverteidigungsseminare in diesem Jahr verst\u00e4ndigt hat. Um p\u00e4dagogisch noch effektiver sein zu k\u00f6nnen, sind die Seminare &#8211; das erste beginnt am 6. M\u00e4rz &#8211; nun drei statt bisher zwei Tage lang. Emmermann begr\u00fc\u00dft das neue erweiterte p\u00e4dagogische Konzept.<!--more--><\/p>\n<p><strong>Rauer Ton und Mobbing treten immer h\u00e4ufiger auf<\/strong><\/p>\n<p>&#8220;Der Ton auf den Schulh\u00f6fen und in den Klassenzimmern ist nach wie vor oftmals ziemlich rau. Stress und Mobbing treten immer h\u00e4ufiger auf&#8221;, beklagt Sylke Emmermann. Viele Kinder und Jugendliche reagierten darauf zur\u00fcckhaltend und in sich gekehrt, z\u00f6gen sich sogar noch mehr in sich zur\u00fcck. &#8220;Viele lassen sich zuviel gefallen, was sie im Nachhinein noch lange besch\u00e4ftigt&#8221;, beklagt die Gleichstellungsbeauftragte, f\u00fcr die die Gewaltpr\u00e4vention ein Schwerpunktthema in ihrem Ressort ist.<\/p>\n<p>Seit 2005 bietet das Jugendbildungswerk in Kooperation mit der Jugendf\u00f6rderung daher Selbstbehauptungs- und Selbstverteidigungsseminare f\u00fcr M\u00e4dchen im Alter von neun bis 15 Jahren an. Die Seminare finden regen Zuspruch, so dass die Angebote im Laufe der Zeit auf insgesamt vier Veranstaltungen im Jahr ausgeweitet wurden.<\/p>\n<p><strong>Mein K\u00f6rper, mein Geist, meine Seele<\/strong><\/p>\n<p>W\u00e4hrend der Seminare lernen die Teilnehmerinnen durch eine intensive Auseinandersetzung mit der eigenen Person, auf sich selbst zu achten. Auf spielerische Art und Weise n\u00e4hern sie sich den Themen: mein K\u00f6rper, mein Geist, meine Seele &#8211; was ist mir wichtig zu sch\u00fctzen? Mit einigen Tipps und Tricks aus der Selbstbehauptung und Selbstverteidigung trainieren die M\u00e4dchen ein selbstsicheres Auftreten und anhand von Fallbeispielen werden Reaktions- und L\u00f6sungsm\u00f6glichkeiten ausprobiert.<\/p>\n<p>Aus der Reflektion des vergangenen Jahres waren die Fachleute im Jugendamt zu dem Ergebnis gekommen, die Seminare von zwei auf drei Tage zu verl\u00e4ngern. Die Seminare beginnen nun freitags um 17.30 Uhr und enden sonntags gegen 16 Uhr. Man habe in der Vergangenheit festgestellt, dass die M\u00e4dchen, die an den Seminaren teilnehmen, viele pers\u00f6nliche Erfahrungen einbringen, diese jedoch an zwei Tagen oftmals leider nur oberfl\u00e4chlich angesprochen werden konnten.<\/p>\n<p><strong>Praktische Tricks und Kniffe<\/strong><\/p>\n<p>In den dreit\u00e4gigen Seminaren bieten Jugendbildungswerk und Jugendf\u00f6rderung den Teilnehmerinnen einen Raum, in dem sie \u00fcber ihre Erlebnisse sprechen k\u00f6nnen, was oftmals schon ein erster Schritt ist, sich den \u00dcbergriffen anderer zur Wehr zu setzen. Dar\u00fcber hinaus werden w\u00e4hrend der Seminare Handlungsm\u00f6glichkeiten aufgezeigt, die die M\u00e4dchen zu Hause weiter trainieren k\u00f6nnen wie beispielsweise aufrechtes Gehen, lautstarkes Nein sagen sowie praktische Tricks, sich vor Angreifern zu sch\u00fctzen.<\/p>\n<p>Aufgrund der gro\u00dfen Nachfrage derer, die bereits in den vergangenen Jahren an einem Selbstbehauptungs- und Selbstverteidigungskurs des Jugendbildungswerkes teilgenommen haben, bietet das Vogelsberger Jugendamt auch 2009 wieder einen Aufbaukurs an. Hier soll bereits Gelerntes aufgefrischt und Neues dazu gelernt werden.<\/p>\n<p>Die Termine im Einzelnen: Der erste Kurs wendet sich an M\u00e4dchen im Alter von neun bis elf Jahren und findet vom 6. bis 8. M\u00e4rz statt. Vom 27. bis 29. M\u00e4rz sind M\u00e4dchen von elf bis 13 Jahre angesprochen, vom 30. Oktober bis 1. November M\u00e4dchen von 12 bis 14 Jahren (Aufbaukurs), vom 13. bis 15. November ist das Altersspektrum 13 bis 15 Jahre. Alle Veranstaltungen des Jugendbildungswerks finden im Kreisjugendheim in Wartenberg-Landenhausen statt.<\/p>\n<p>Anmeldungen bitte an: Jugendbildungswerk, Goldhelg 20, 36341Lauterbach. Informationen: Telefon 06641 \/ 977-440.<\/p>\n","protected":false},"excerpt":{"rendered":"<div class=\"tmnf_excerpt\"><p>Vogelsbergkreis. &#8220;Es kommt nach wie vor f\u00fcr viele M\u00e4dchen darauf an, m\u00f6glichst fr\u00fchzeitig und konsequent Nein sagen zu lernen, um sich gegen Angriffe und Mobbing gezielt zur Wehr setzen zu k\u00f6nnen.&#8221; Dies sagt die Vogelsberger Gleichstellungsbeauftragte Sylke Emmermann, nachdem sie sich mit dem Jugendbildungswerk und der Jugendf\u00f6rderung auf die Fortf\u00fchrung der Selbstverteidigungsseminare in diesem Jahr &hellip;<\/p>\n<\/div>","protected":false},"author":1,"featured_media":0,"comment_status":"closed","ping_status":"closed","sticky":false,"template":"","format":"standard","meta":{"footnotes":""},"categories":[1,72],"tags":[],"class_list":["post-20866","post","type-post","status-publish","format-standard","hentry","category-startseite","category-jugend"],"_links":{"self":[{"href":"https:\/\/www.fuldaernachrichten.de\/index.php?rest_route=\/wp\/v2\/posts\/20866","targetHints":{"allow":["GET"]}}],"collection":[{"href":"https:\/\/www.fuldaernachrichten.de\/index.php?rest_route=\/wp\/v2\/posts"}],"about":[{"href":"https:\/\/www.fuldaernachrichten.de\/index.php?rest_route=\/wp\/v2\/types\/post"}],"author":[{"embeddable":true,"href":"https:\/\/www.fuldaernachrichten.de\/index.php?rest_route=\/wp\/v2\/users\/1"}],"replies":[{"embeddable":true,"href":"https:\/\/www.fuldaernachrichten.de\/index.php?rest_route=%2Fwp%2Fv2%2Fcomments&post=20866"}],"version-history":[{"count":3,"href":"https:\/\/www.fuldaernachrichten.de\/index.php?rest_route=\/wp\/v2\/posts\/20866\/revisions"}],"predecessor-version":[{"id":20902,"href":"https:\/\/www.fuldaernachrichten.de\/index.php?rest_route=\/wp\/v2\/posts\/20866\/revisions\/20902"}],"wp:attachment":[{"href":"https:\/\/www.fuldaernachrichten.de\/index.php?rest_route=%2Fwp%2Fv2%2Fmedia&parent=20866"}],"wp:term":[{"taxonomy":"category","embeddable":true,"href":"https:\/\/www.fuldaernachrichten.de\/index.php?rest_route=%2Fwp%2Fv2%2Fcategories&post=20866"},{"taxonomy":"post_tag","embeddable":true,"href":"https:\/\/www.fuldaernachrichten.de\/index.php?rest_route=%2Fwp%2Fv2%2Ftags&post=20866"}],"curies":[{"name":"wp","href":"https:\/\/api.w.org\/{rel}","templated":true}]}}