{"id":20758,"date":"2009-02-05T07:56:56","date_gmt":"2009-02-05T06:56:56","guid":{"rendered":"http:\/\/www.schoene-nachrichten.de\/?p=20758"},"modified":"2009-02-05T08:00:57","modified_gmt":"2009-02-05T07:00:57","slug":"mit-dem-rad-um-die-welt-familie-kern-im-mehrgenerationenhaus-ueber-weltreise","status":"publish","type":"post","link":"https:\/\/www.fuldaernachrichten.de\/?p=20758","title":{"rendered":"Mit dem Rad um die Welt &#8211; Familie Kern spricht im Mehrgenerationenhaus \u00fcber Weltreise"},"content":{"rendered":"<p><a href=\"http:\/\/www.schoene-nachrichten.de\/wp-content\/uploads\/2009\/02\/in-den-kirgisischen-bergen.jpg\"><img fetchpriority=\"high\" decoding=\"async\" class=\"alignnone size-medium wp-image-20759\" title=\"in-den-kirgisischen-bergen\" src=\"http:\/\/www.schoene-nachrichten.de\/wp-content\/uploads\/2009\/02\/in-den-kirgisischen-bergen-265x353.jpg\" alt=\"in-den-kirgisischen-bergen\" hspace=\"5\" width=\"265\" height=\"353\" align=\"left\" srcset=\"https:\/\/www.fuldaernachrichten.de\/wp-content\/uploads\/2009\/02\/in-den-kirgisischen-bergen-265x353.jpg 265w, https:\/\/www.fuldaernachrichten.de\/wp-content\/uploads\/2009\/02\/in-den-kirgisischen-bergen.jpg 399w\" sizes=\"(max-width: 265px) 100vw, 265px\" \/><\/a>Fulda. Nach einem vollkommen ausverkauften Vortrag am 31. Januar im Mehrgenerationenhaus \u201eJosefsgarten\u201c gibt es nun eine zweite Chance f\u00fcr alle, die an diesem Abend nicht mehr eingelassen werden konnten. Auf erneute Einladung des ADFC-Kreisverbandes Fulda werden die beiden Sachsen Anke Go\u00dfe und Ronny Kern am 15. Februar um 18.00 Uhr ein weiteres Mal ihren atemberaubenden Diavortrag \u201ePapa wackle nicht! Mit Kind und R\u00e4dern um die Welt\u201c im Mehrgenerationenhaus \u201eJosefsgarten\u201c zeigen. Dabei berichten sie von ihrer unglaublichen Reise, die sie zusammen mit ihrem Sohn Bela unternommen haben. 2 \u00c2\u00bd Jahre lang waren sie mit R\u00e4dern und Kinderanh\u00e4nger unterwegs und erradelten dabei \u00fcber 30.000 Kilometer auf 4 Kontinenten.<!--more-->Im Vortrag ist zu erfahren, wie ihr Sohn, der zu Beginn der Reise gerade 16 Monate alt war, vollkommen unbeschwert zwischen den verschiedenen V\u00f6lkern aufwuchs. Authentisch und mit viel Humor beschreiben beide die intensiven Begegnungen mit den Menschen, die sie in vielen der 22 bereisten L\u00e4nder hatten aber auch die Schwierigkeiten einer solchen Reise mit Kleinkind.<\/p>\n<p>Schon bei ihrem ersten Vortrag im Januar zogen die beiden die Zuschauer mit ihrer fesselnden und emotionalen Vortragsweise in ihren Bann und es ist zu erwarten, dass es ihnen auch diesmal gelingen wird, dieses spannende Knistern zu erzeugen. F\u00fcr Reisefreudige voller Anregungen und f\u00fcr Eltern mit Fernweh als Ermutigung, ist dieser Vortrag keine der \u00fcblichen Multimedia-Shows, sondern l\u00e4dt zum Mitfiebern und Tr\u00e4umen ein.\u00c2\u00a0 Kartenpreis: 7 Euro, ADFC- Mitglieder: 6 Euro, Kinder:3 Euro Aufgrund der gro\u00dfen Nachfrage r\u00e4t der ADFC zu Kartenvorbestellungen unter der Nummer: 0661\/2009193 ab 19:00 Uhr.<\/p>\n","protected":false},"excerpt":{"rendered":"<div class=\"tmnf_excerpt\"><p>Fulda. Nach einem vollkommen ausverkauften Vortrag am 31. Januar im Mehrgenerationenhaus \u201eJosefsgarten\u201c gibt es nun eine zweite Chance f\u00fcr alle, die an diesem Abend nicht mehr eingelassen werden konnten. Auf erneute Einladung des ADFC-Kreisverbandes Fulda werden die beiden Sachsen Anke Go\u00dfe und Ronny Kern am 15. Februar um 18.00 Uhr ein weiteres Mal ihren atemberaubenden &hellip;<\/p>\n<\/div>","protected":false},"author":1,"featured_media":0,"comment_status":"closed","ping_status":"closed","sticky":false,"template":"","format":"standard","meta":{"footnotes":""},"categories":[1,72,52],"tags":[],"class_list":["post-20758","post","type-post","status-publish","format-standard","hentry","category-startseite","category-jugend","category-umwelt"],"_links":{"self":[{"href":"https:\/\/www.fuldaernachrichten.de\/index.php?rest_route=\/wp\/v2\/posts\/20758","targetHints":{"allow":["GET"]}}],"collection":[{"href":"https:\/\/www.fuldaernachrichten.de\/index.php?rest_route=\/wp\/v2\/posts"}],"about":[{"href":"https:\/\/www.fuldaernachrichten.de\/index.php?rest_route=\/wp\/v2\/types\/post"}],"author":[{"embeddable":true,"href":"https:\/\/www.fuldaernachrichten.de\/index.php?rest_route=\/wp\/v2\/users\/1"}],"replies":[{"embeddable":true,"href":"https:\/\/www.fuldaernachrichten.de\/index.php?rest_route=%2Fwp%2Fv2%2Fcomments&post=20758"}],"version-history":[{"count":3,"href":"https:\/\/www.fuldaernachrichten.de\/index.php?rest_route=\/wp\/v2\/posts\/20758\/revisions"}],"predecessor-version":[{"id":20772,"href":"https:\/\/www.fuldaernachrichten.de\/index.php?rest_route=\/wp\/v2\/posts\/20758\/revisions\/20772"}],"wp:attachment":[{"href":"https:\/\/www.fuldaernachrichten.de\/index.php?rest_route=%2Fwp%2Fv2%2Fmedia&parent=20758"}],"wp:term":[{"taxonomy":"category","embeddable":true,"href":"https:\/\/www.fuldaernachrichten.de\/index.php?rest_route=%2Fwp%2Fv2%2Fcategories&post=20758"},{"taxonomy":"post_tag","embeddable":true,"href":"https:\/\/www.fuldaernachrichten.de\/index.php?rest_route=%2Fwp%2Fv2%2Ftags&post=20758"}],"curies":[{"name":"wp","href":"https:\/\/api.w.org\/{rel}","templated":true}]}}