{"id":20749,"date":"2009-02-05T07:25:09","date_gmt":"2009-02-05T06:25:09","guid":{"rendered":"http:\/\/www.schoene-nachrichten.de\/?p=20749"},"modified":"2009-02-05T07:53:33","modified_gmt":"2009-02-05T06:53:33","slug":"landkreis-unterstuetzt-modernisierung-katholischer-jugendbildungsstaette","status":"publish","type":"post","link":"https:\/\/www.fuldaernachrichten.de\/?p=20749","title":{"rendered":"Landkreis unterst\u00fctzt Modernisierung katholischer Jugendbildungsst\u00e4tte"},"content":{"rendered":"<p><a href=\"http:\/\/www.schoene-nachrichten.de\/wp-content\/uploads\/2009\/02\/052-erweiterung-ludwig-wolker-haus1.jpg\"><img decoding=\"async\" class=\"alignnone size-medium wp-image-20750\" title=\"052-erweiterung-ludwig-wolker-haus1\" src=\"http:\/\/www.schoene-nachrichten.de\/wp-content\/uploads\/2009\/02\/052-erweiterung-ludwig-wolker-haus1-265x176.jpg\" alt=\"052-erweiterung-ludwig-wolker-haus1\" hspace=\"5\" width=\"265\" height=\"176\" align=\"left\" srcset=\"https:\/\/www.fuldaernachrichten.de\/wp-content\/uploads\/2009\/02\/052-erweiterung-ludwig-wolker-haus1-265x176.jpg 265w, https:\/\/www.fuldaernachrichten.de\/wp-content\/uploads\/2009\/02\/052-erweiterung-ludwig-wolker-haus1.jpg 592w\" sizes=\"(max-width: 265px) 100vw, 265px\" \/><\/a>Hofbieber-Kleinsassen. Der Landkreis Fulda unterst\u00fctzt das Jugendwerk St. Michael e.V. beim zweiten Bauabschnitt der Modernisierung, Sanierung und Erweiterung des Ludwig-Wolker-Hauses in Kleinsassen mit einem einmaligen Zuwendungsbetrag von 15.000 Euro. Die F\u00f6rderung erfolgt aus Mitteln des Kreisausgleichsstocks. Erster Kreisbeigeordneter Dr. Heiko Wingenfeld besuchte die katholische Jugendbildungsst\u00e4tte und \u00fcberreichte im Beisein von Hausleiterin Regine Gillmann einen Scheck an die Vorstandsmitglieder Frank Post und Werner Fechner.<!--more-->Die im Eigentum des bisch\u00f6flichen Jugendwerks befindliche Einrichtung feiert in 2009 ihr 50-j\u00e4hriges Bestehen. Als Jugendbildungsst\u00e4tte des Bistums Fulda steht das Haus allen Kinder und Jugendlichen aus dem Landkreis offen und erfreut sich auch \u00fcberregional eines regen Zuspruchs. In jedem Jahr finden mehr als 150 Veranstaltungen von und mit Kindern und Jugendlichen statt. Dabei reicht die Bandbreite von Seminaren zu p\u00e4dagogischen Fragestel-lungen, \u00fcber politische und \u00f6kologische Bildungsma\u00dfnahmen, bis hin zu Kinder- und Ju-gendfreizeiten.<\/p>\n<p>Das Ludwig-Wolker-Haus wird zumeist von Schulklassen und Jugendgruppen belegt, die ihr eigenes Programm gestalten. Auch bieten katholische Jugendverb\u00e4nde Kurse an. Hierzu geh\u00f6ren beispielsweise religi\u00f6se Orientierungstage. Des weiteren gibt es auf Seiten des Ju-gendwerks St. Michael Bestrebungen, in Zukunft verst\u00e4rkt Seminare und Referenten anzu-bieten, die mit der Belegung gebucht werden k\u00f6nnen. Diese \u00dcberlegungen sollen nach Ab-schluss der Umbau-, Erweiterungs- und Modernisierungsarbeiten gezielt in Angriff genom-men werden.<\/p>\n<p>Engagement freier Tr\u00e4ger unterst\u00fctzen<\/p>\n<p>Trotz einer bereits guten Auslastung verbindet sich mit der Bauma\u00dfnahme die Erwartung auf eine weitere Attraktivit\u00e4tssteigerung. So soll es k\u00fcnftig m\u00f6glich sein, drei Gruppen parallel unterzubringen und zu verk\u00f6stigen. Insgesamt betragen die Aufwendungen einschlie\u00dflich Inneneinrichtung rund eine Million Euro. Der erste Bauabschnitt wurde bereits abgeschlos-sen. Der zweite Bauabschnitt beinhaltet vor allem energetische Ma\u00dfnahmen im Haupthaus, die Erweiterung und Modernisierung des Speisetrakts sowie die Neugestaltung des Ein-gangsbereichs.<\/p>\n<p>An der Finanzierung des zweiten Bauabschnitts, der mit rund 410.000 Euro veranschlagt ist, beteiligen sich das Bistum Fulda mit 122.000 Euro und das Land Hessen mit 180.000 Euro. Au\u00dferdem gibt es 80.000 Euro von der Gl\u00fccksspirale. Auch Erster Kreisbeigeordneter Dr. Wingenfeld sprach sich nachdr\u00fccklich daf\u00fcr aus, das Engagement der freien Tr\u00e4ger im Be-reich der Jugendarbeit aus \u00f6ffentlichen Mitteln zu unterst\u00fctzen. Das Ludwig-Wolker-Haus m\u00fcsse in der Attraktivit\u00e4t weiter gesteigert werden, um die Einrichtung langfristig zukunftssi-cher zu machen.<\/p>\n","protected":false},"excerpt":{"rendered":"<div class=\"tmnf_excerpt\"><p>Hofbieber-Kleinsassen. Der Landkreis Fulda unterst\u00fctzt das Jugendwerk St. Michael e.V. beim zweiten Bauabschnitt der Modernisierung, Sanierung und Erweiterung des Ludwig-Wolker-Hauses in Kleinsassen mit einem einmaligen Zuwendungsbetrag von 15.000 Euro. Die F\u00f6rderung erfolgt aus Mitteln des Kreisausgleichsstocks. Erster Kreisbeigeordneter Dr. Heiko Wingenfeld besuchte die katholische Jugendbildungsst\u00e4tte und \u00fcberreichte im Beisein von Hausleiterin Regine Gillmann einen Scheck &hellip;<\/p>\n<\/div>","protected":false},"author":1,"featured_media":0,"comment_status":"closed","ping_status":"closed","sticky":false,"template":"","format":"standard","meta":{"footnotes":""},"categories":[1,72,50,29],"tags":[],"class_list":["post-20749","post","type-post","status-publish","format-standard","hentry","category-startseite","category-jugend","category-kirche","category-politik"],"_links":{"self":[{"href":"https:\/\/www.fuldaernachrichten.de\/index.php?rest_route=\/wp\/v2\/posts\/20749","targetHints":{"allow":["GET"]}}],"collection":[{"href":"https:\/\/www.fuldaernachrichten.de\/index.php?rest_route=\/wp\/v2\/posts"}],"about":[{"href":"https:\/\/www.fuldaernachrichten.de\/index.php?rest_route=\/wp\/v2\/types\/post"}],"author":[{"embeddable":true,"href":"https:\/\/www.fuldaernachrichten.de\/index.php?rest_route=\/wp\/v2\/users\/1"}],"replies":[{"embeddable":true,"href":"https:\/\/www.fuldaernachrichten.de\/index.php?rest_route=%2Fwp%2Fv2%2Fcomments&post=20749"}],"version-history":[{"count":2,"href":"https:\/\/www.fuldaernachrichten.de\/index.php?rest_route=\/wp\/v2\/posts\/20749\/revisions"}],"predecessor-version":[{"id":20763,"href":"https:\/\/www.fuldaernachrichten.de\/index.php?rest_route=\/wp\/v2\/posts\/20749\/revisions\/20763"}],"wp:attachment":[{"href":"https:\/\/www.fuldaernachrichten.de\/index.php?rest_route=%2Fwp%2Fv2%2Fmedia&parent=20749"}],"wp:term":[{"taxonomy":"category","embeddable":true,"href":"https:\/\/www.fuldaernachrichten.de\/index.php?rest_route=%2Fwp%2Fv2%2Fcategories&post=20749"},{"taxonomy":"post_tag","embeddable":true,"href":"https:\/\/www.fuldaernachrichten.de\/index.php?rest_route=%2Fwp%2Fv2%2Ftags&post=20749"}],"curies":[{"name":"wp","href":"https:\/\/api.w.org\/{rel}","templated":true}]}}