{"id":20717,"date":"2009-02-04T07:09:32","date_gmt":"2009-02-04T06:09:32","guid":{"rendered":"http:\/\/www.schoene-nachrichten.de\/?p=20717"},"modified":"2009-02-04T07:48:19","modified_gmt":"2009-02-04T06:48:19","slug":"bedarfsgerechtes-angebot-an-betreuungsplaetzen-fuer-unter-dreijaehrige-kinder-schaffen","status":"publish","type":"post","link":"https:\/\/www.fuldaernachrichten.de\/?p=20717","title":{"rendered":"Bedarfsgerechtes Angebot an Betreuungspl\u00e4tzen f\u00fcr unter dreij\u00e4hrige Kinder schaffen"},"content":{"rendered":"<p><strong>Fulda. <\/strong>Der bedarfsgerechte Ausbau der Kinderbetreuung im Landkreis Fulda befindet sich weiterhin auf einem guten Weg. Dem Landkreis wurden f\u00fcr 2009 aus dem Investitionsprogramm des Bundes 1,31 Millionen Euro in Aussicht gestellt. Damit sollen zus\u00e4tzliche Betreuungspl\u00e4tze f\u00fcr unter dreij\u00e4hrige Kinder in Einrichtungen sowie in der Tagespflege geschaffen werden. Der Kreisausschuss hat jetzt eine Priorit\u00e4tenliste f\u00fcr den ersten Teil der in diesem Jahr vorgesehenen Ma\u00dfnahmen beschlossen.<!--more--><\/p>\n<p><strong>Nachhaltige Verbesserung<\/strong><\/p>\n<p>Mit der Bereitstellung der Bundesmittel werde ein weiterer Beitrag zur nachhaltigen Verbesserung der Betreuungssituation auch im Landkreis Fulda geleistet, so Erster Kreisbeigeordneter Dr. Heiko Wingenfeld. Insbesondere die Tr\u00e4ger von Kindertageseinrichtungen w\u00fcrden dadurch in die Lage versetzt, in Neu-, Erweiterungs- und Umbauma\u00dfnahmen sowie in die Einrichtung und Ausstattung zu investieren. \u201eDer Bund sendet ein klares Signal in Richtung von mehr Kinder- und Familienfreundlichkeit.\u201c<\/p>\n<p><strong>Bis 2013 bundesweit 750.000 Betreuungspl\u00e4tze<\/strong><\/p>\n<p>Insgesamt stellt der Bund von 2008 bis 2013 vier Milliarden Euro bereit, um die Zahl der Betreuungspl\u00e4tze f\u00fcr unter dreij\u00e4hrige Kinder zu verdreifachen. Bis zum Jahr 2013 sollen so 750.000 Pl\u00e4tze entstehen. Dies bedeutet, dass bis zu diesem Zeitpunkt f\u00fcr jedes dritte Kind ein Platz in einer Kindertagesst\u00e4tte oder bei einer Tagespflegeperson zur Verf\u00fcgung stehen soll. Ab 1. August 2013 haben alle Kinder ab dem vollendeten ersten Lebensjahr einen Rechtsanspruch auf einen Betreuungsplatz.<\/p>\n<p>Die F\u00f6rderrichtlinien sehen Zusch\u00fcsse f\u00fcr bauliche und sachliche Investitionen vor. Zuwendungsempf\u00e4nger sind Landkreis und Stadt Fulda. Diese leiten die Mittel an die Tr\u00e4ger von Kindertagesst\u00e4tten und Tagespflegepersonen weiter. Bei Bauvorhaben betragen die Zusch\u00fcsse bis zu 4.000 bzw. 14.500 Euro pro Betreuungsplatz. Bei Renovierungsma\u00dfnahmen in der Kindertagespflege sind es bis zu 1.500 Euro. Die Ausstattung wird sowohl in Einrichtungen als auch bei Pflegepersonen mit bis zu 500 Euro pro Platz unterst\u00fctzt.<\/p>\n<p><strong>Kindertagesst\u00e4tten in Hofbieber und Hilders erweitert<\/strong><\/p>\n<p>Nach Angaben des Ersten Kreisbeigeordneten Dr. Heiko Wingenfeld h\u00e4tten auch f\u00fcr dieses Jahr verschiedene Gemeinden, sonstige Tr\u00e4ger von Betreuungseinrichtungen sowie Tagespflegepersonen F\u00f6rderantr\u00e4ge gestellt. Diese seien vom zust\u00e4ndigen Fachdienst des Landkreises Fulda bef\u00fcrwortet worden und w\u00fcrden nach der Beschlussfassung im Kreisausschuss weitergeleitet. Danach sollten im so genannten ersten Antragslauf zw\u00f6lf Ma\u00dfnahmen mit insgesamt 1,12 Millionen Euro gef\u00f6rdert werden.<\/p>\n<p>Die meisten F\u00f6rdermittel entfallen mit jeweils 435.000 Euro auf umfangreiche Bauma\u00dfnahmen in Hofbieber und Hilders. Durch die Erweiterung von bestehenden Einrichtungen sollen jeweils 30 Pl\u00e4tze in Krippen- bzw. alters\u00fcbergreifenden Gruppen entstehen. Um einen Anbau geht es auch beim Kindergarten in W\u00fcstensachsen, der um eine alters\u00fcbergreifende Gruppe mit f\u00fcnf Pl\u00e4tzen erweitert wird. Im evangelischen Gemeindehaus in Gersfeld sind f\u00fcr eine alters\u00fcbergreifende Gruppe zw\u00f6lf Pl\u00e4tze vorgesehen.<\/p>\n<p>Des weiteren sollen die Dachgeschosse der Kinderg\u00e4rten in Gro\u00dfenmoor und Burghaun ausgebaut werden, um Platz f\u00fcr jeweils zehn Betreuungspl\u00e4tze zu schaffen. Zwei zus\u00e4tzliche Pl\u00e4tze sind beim Kindergarten in Simmershausen geplant. Neben dem eigentlichen baulichen Teil werden an allen genannten Orten Ausstattungsma\u00dfnahmen mit einem geringeren Betrag gef\u00f6rdert. Dies gilt ebenso f\u00fcr den Verein Gr\u00fcnschn\u00e4bel in Weyhers, der im \u00f6rtlichen Kindergarten eine Kindergrippe mit sieben Pl\u00e4tzen einrichten will.<\/p>\n<p><strong>Kinderbetreuung wichtige gesellschaftliche Leistung<\/strong><\/p>\n<p>Erfreut zeigt sich der Erste Kreisbeigeordnete \u00fcber die zunehmenden F\u00f6rderantr\u00e4ge von Tagespflegepersonen, die eine tragende S\u00e4ule der Kinderbetreuung im Landkreis Fulda seien. Dr. Wingenfeld: \u201eGemeinsam mit Kommunen, Kirchengemeinden, freien Tr\u00e4gern und Tagespflegepersonen wollen wir ein bedarfsgerechtes Angebot an Betreuungspl\u00e4tzen schaffen.\u201c In einem zweiten Antragslauf k\u00f6nnten weitere Vorhaben angemeldet werden, um die f\u00fcr 2009 vorgesehenen Mittel vollst\u00e4ndig auszusch\u00f6pfen.<\/p>\n<p>Der Ausbau von Betreuungspl\u00e4tzen f\u00fcr unter Dreij\u00e4hrige bedeute keine Geringsch\u00e4tzung f\u00fcr Eltern, die ihre Kinder bis zur Vollendung des dritten Lebensjahres zu Hause betreuten, betont der Erste Kreisbeigeordnete. \u201eAlle, die Kinder betreuen und versorgen, verdienen Anerkennung, weil sie eine wichtige gesellschaftliche Leistung erbringen.\u201c Es gebe unterschiedliche Lebensentw\u00fcrfe, um Familie und Beruf miteinander zu vereinbaren. Ziel m\u00fcsse es sein, den Eltern echte Wahlfreiheit zu erm\u00f6glichen.<\/p>\n","protected":false},"excerpt":{"rendered":"<div class=\"tmnf_excerpt\"><p>Fulda. Der bedarfsgerechte Ausbau der Kinderbetreuung im Landkreis Fulda befindet sich weiterhin auf einem guten Weg. Dem Landkreis wurden f\u00fcr 2009 aus dem Investitionsprogramm des Bundes 1,31 Millionen Euro in Aussicht gestellt. Damit sollen zus\u00e4tzliche Betreuungspl\u00e4tze f\u00fcr unter dreij\u00e4hrige Kinder in Einrichtungen sowie in der Tagespflege geschaffen werden. Der Kreisausschuss hat jetzt eine Priorit\u00e4tenliste f\u00fcr &hellip;<\/p>\n<\/div>","protected":false},"author":1,"featured_media":0,"comment_status":"closed","ping_status":"closed","sticky":false,"template":"","format":"standard","meta":{"footnotes":""},"categories":[1,72,29],"tags":[],"class_list":["post-20717","post","type-post","status-publish","format-standard","hentry","category-startseite","category-jugend","category-politik"],"_links":{"self":[{"href":"https:\/\/www.fuldaernachrichten.de\/index.php?rest_route=\/wp\/v2\/posts\/20717","targetHints":{"allow":["GET"]}}],"collection":[{"href":"https:\/\/www.fuldaernachrichten.de\/index.php?rest_route=\/wp\/v2\/posts"}],"about":[{"href":"https:\/\/www.fuldaernachrichten.de\/index.php?rest_route=\/wp\/v2\/types\/post"}],"author":[{"embeddable":true,"href":"https:\/\/www.fuldaernachrichten.de\/index.php?rest_route=\/wp\/v2\/users\/1"}],"replies":[{"embeddable":true,"href":"https:\/\/www.fuldaernachrichten.de\/index.php?rest_route=%2Fwp%2Fv2%2Fcomments&post=20717"}],"version-history":[{"count":3,"href":"https:\/\/www.fuldaernachrichten.de\/index.php?rest_route=\/wp\/v2\/posts\/20717\/revisions"}],"predecessor-version":[{"id":20728,"href":"https:\/\/www.fuldaernachrichten.de\/index.php?rest_route=\/wp\/v2\/posts\/20717\/revisions\/20728"}],"wp:attachment":[{"href":"https:\/\/www.fuldaernachrichten.de\/index.php?rest_route=%2Fwp%2Fv2%2Fmedia&parent=20717"}],"wp:term":[{"taxonomy":"category","embeddable":true,"href":"https:\/\/www.fuldaernachrichten.de\/index.php?rest_route=%2Fwp%2Fv2%2Fcategories&post=20717"},{"taxonomy":"post_tag","embeddable":true,"href":"https:\/\/www.fuldaernachrichten.de\/index.php?rest_route=%2Fwp%2Fv2%2Ftags&post=20717"}],"curies":[{"name":"wp","href":"https:\/\/api.w.org\/{rel}","templated":true}]}}