{"id":20712,"date":"2009-02-04T07:04:06","date_gmt":"2009-02-04T06:04:06","guid":{"rendered":"http:\/\/www.schoene-nachrichten.de\/?p=20712"},"modified":"2009-02-04T10:18:32","modified_gmt":"2009-02-04T09:18:32","slug":"medienpaedagogisches-angebot-kinderkino-mehr-wieder-auf-tournee-6","status":"publish","type":"post","link":"https:\/\/www.fuldaernachrichten.de\/?p=20712","title":{"rendered":"Medienp\u00e4dagogisches Angebot \u201eKinderKino + mehr\u201c  wieder auf Tournee"},"content":{"rendered":"<p><strong>Fulda. <\/strong>Das medienp\u00e4dagogische Angebot \u201eKinderKino + mehr\u201c des Jugendbildungswerks der Stadt Fulda geht in der kommenden Woche ab Montag, den 9. Februar wieder auf Tournee durch ausgew\u00e4hlte Stadtgebiete und Stadtteile. Auf dem Programm steht ein spannender Krimi f\u00fcr Kinder ab 6 Jahren. Die Gro\u00dfmutter des 10-j\u00e4hrigen Alex wird Opfer eines Einbruchs und verliert dabei ihre kompletten Ersparnisse. Sie verzichtet auf eine Anzeige, weil sie bef\u00fcrchtet, dass sie in ein Altenheim muss, weil sie nicht mehr in der Lage ist, auf sich aufzupassen. Die Einbrecher wiederum setzen Alex unter Druck, weil sie annehmen, dass er sie wiedererkennen k\u00f6nnte. Erst mit Hilfe seiner Gro\u00dfmutter schafft er es, sich gegen die Erpresser zu wehren.<!--more--><\/p>\n<p><strong>Aktivit\u00e4ten rund um den Film<\/strong><\/p>\n<p>Nach der Vorf\u00fchrung gibt es angeleitete Aktivit\u00e4ten rund um den Film. Die Kinder k\u00f6nnen bei Theater-, Bastel- und Spielaktionen selbst aktiv und kreativ werden, um sich auf ihre Weise mit dem Gesehenen auseinander zu setzen.<\/p>\n<p><strong>Das mobile Kinderkino ist zu Gast:<\/strong><br \/>\nMontag, 09.02.2009<br \/>\nPropst-Conrad-von-Mengersen-Schule in Johannesberg<br \/>\nDienstag, 10.02.2009<br \/>\nGrundschule in Haimbach<br \/>\nMittwoch, 11.02.2009<br \/>\nB\u00fcrgerhaus Edelzell<br \/>\nDonnerstag, 12.02.2009<br \/>\nB\u00fcrgerhaus Grillenburg in Lehnerz<br \/>\nFreitag, 13.02.2009<br \/>\nMarquardschule im Nordend<br \/>\nMontag, 16.02.2009<br \/>\nAdolf-von-Dalberg-Schule in der Innenstadt<br \/>\nDienstag, 17.02.2009<br \/>\nBonhoeffer Kirchengemeinde in Ziehers Nord<\/p>\n<p>Veranstaltungszeitraum ist jeweils von 15.00 bis 18.00 Uhr, der Einlass beginnt um 14.45 Uhr. Genauere Informationen erteilt Ulli Greb unter Tel. 0661\/1021990.<\/p>\n","protected":false},"excerpt":{"rendered":"<div class=\"tmnf_excerpt\"><p>Fulda. Das medienp\u00e4dagogische Angebot \u201eKinderKino + mehr\u201c des Jugendbildungswerks der Stadt Fulda geht in der kommenden Woche ab Montag, den 9. Februar wieder auf Tournee durch ausgew\u00e4hlte Stadtgebiete und Stadtteile. Auf dem Programm steht ein spannender Krimi f\u00fcr Kinder ab 6 Jahren. Die Gro\u00dfmutter des 10-j\u00e4hrigen Alex wird Opfer eines Einbruchs und verliert dabei ihre &hellip;<\/p>\n<\/div>","protected":false},"author":1,"featured_media":0,"comment_status":"closed","ping_status":"closed","sticky":false,"template":"","format":"standard","meta":{"footnotes":""},"categories":[1,72],"tags":[],"class_list":["post-20712","post","type-post","status-publish","format-standard","hentry","category-startseite","category-jugend"],"_links":{"self":[{"href":"https:\/\/www.fuldaernachrichten.de\/index.php?rest_route=\/wp\/v2\/posts\/20712","targetHints":{"allow":["GET"]}}],"collection":[{"href":"https:\/\/www.fuldaernachrichten.de\/index.php?rest_route=\/wp\/v2\/posts"}],"about":[{"href":"https:\/\/www.fuldaernachrichten.de\/index.php?rest_route=\/wp\/v2\/types\/post"}],"author":[{"embeddable":true,"href":"https:\/\/www.fuldaernachrichten.de\/index.php?rest_route=\/wp\/v2\/users\/1"}],"replies":[{"embeddable":true,"href":"https:\/\/www.fuldaernachrichten.de\/index.php?rest_route=%2Fwp%2Fv2%2Fcomments&post=20712"}],"version-history":[{"count":4,"href":"https:\/\/www.fuldaernachrichten.de\/index.php?rest_route=\/wp\/v2\/posts\/20712\/revisions"}],"predecessor-version":[{"id":20739,"href":"https:\/\/www.fuldaernachrichten.de\/index.php?rest_route=\/wp\/v2\/posts\/20712\/revisions\/20739"}],"wp:attachment":[{"href":"https:\/\/www.fuldaernachrichten.de\/index.php?rest_route=%2Fwp%2Fv2%2Fmedia&parent=20712"}],"wp:term":[{"taxonomy":"category","embeddable":true,"href":"https:\/\/www.fuldaernachrichten.de\/index.php?rest_route=%2Fwp%2Fv2%2Fcategories&post=20712"},{"taxonomy":"post_tag","embeddable":true,"href":"https:\/\/www.fuldaernachrichten.de\/index.php?rest_route=%2Fwp%2Fv2%2Ftags&post=20712"}],"curies":[{"name":"wp","href":"https:\/\/api.w.org\/{rel}","templated":true}]}}