{"id":20628,"date":"2009-02-03T06:15:13","date_gmt":"2009-02-03T05:15:13","guid":{"rendered":"http:\/\/www.schoene-nachrichten.de\/?p=20628"},"modified":"2009-02-03T00:06:25","modified_gmt":"2009-02-02T23:06:25","slug":"zuschuss-fuer-natur-und-waldkindergarten-in-kirchhasel","status":"publish","type":"post","link":"https:\/\/www.fuldaernachrichten.de\/?p=20628","title":{"rendered":"Zuschuss f\u00fcr Natur- und Waldkindergarten in Kirchhasel"},"content":{"rendered":"<p><strong>H\u00fcnfeld-Kirchhasel. <\/strong>Zum 1. September 2008 hat der Natur- und Waldkindergarten in Kirchhasel seinen Betrieb aufgenommen. Nach Langenbieber handelt es sich um die zweite Einrichtung dieser Art im Landkreis Fulda, die unter tatkr\u00e4ftiger Mithilfe von Mitglieder des Tr\u00e4gervereins Kindertagesst\u00e4tte Kirchhasel mit Natur- und Waldkindergarten e.V. entstanden ist. Das hohe Ma\u00df an ehrenamtlichem Engagement war f\u00fcr den Kreisausschuss Veranlassung, dem Tr\u00e4gerverein aus der Ehrenamtstiftung des Landkreises Fulda einen einmaligen Zuschuss von 2.500 Euro zur Finanzierung der Einrichtung zu gew\u00e4hren.<!--more--><\/p>\n<p><strong>Engagierter Einsatz der Eltern<\/strong><\/p>\n<p>Der Vorschlag kam vom Ersten Kreisbeigeordneten Dr. Heiko Wingenfeld, der darauf hinwies, dass ohne dieses ehrenamtliche Engagement die Natur- und Waldkindergartengruppe in Kirchhasel kaum h\u00e4tte eingerichtet werden k\u00f6nnen. \u201eDie Eltern haben nicht nur gefordert, sondern selbst mit Hand angelegt, um ein p\u00e4dagogisches Konzept, das eine Bereicherung f\u00fcr die Kindergartenlandschaft in der Region darstellt, Wirklichkeit werden zu lassen.\u201c So mussten das Grundst\u00fcck f\u00fcr die Kindergartengruppe und ein angrenzendes Waldgrundst\u00fcck hergerichtet sowie ein Bauwagen beschafft und komplett renoviert werden.<\/p>\n<p>Der Jugend- und Familiendezernent des Landkreises Fulda unterstrich den hohen Stellenwert des Umweltgedankens f\u00fcr ein ganzheitliches Verst\u00e4ndnis von Erziehung und Bildung. Waldkinderg\u00e4rten seien eine M\u00f6glichkeit, Natur in jungen Jahren gemeinsam mit Gleichaltrigen intensiv zu erleben. Ganz abgesehen von den positiven Auswirkungen auf das physische und psychische Wohlbefinden k\u00f6nne dies pr\u00e4gend f\u00fcr das ganze weite Leben sein. Dr. Wingenfeld: \u201eDie Kinder werden angeleitet, der Sch\u00f6pfung mit Respekt und R\u00fccksichtnahme zu begegnen und in \u00f6kologischen Zusammenh\u00e4ngen zu denken.\u201c<\/p>\n","protected":false},"excerpt":{"rendered":"<div class=\"tmnf_excerpt\"><p>H\u00fcnfeld-Kirchhasel. Zum 1. September 2008 hat der Natur- und Waldkindergarten in Kirchhasel seinen Betrieb aufgenommen. Nach Langenbieber handelt es sich um die zweite Einrichtung dieser Art im Landkreis Fulda, die unter tatkr\u00e4ftiger Mithilfe von Mitglieder des Tr\u00e4gervereins Kindertagesst\u00e4tte Kirchhasel mit Natur- und Waldkindergarten e.V. entstanden ist. Das hohe Ma\u00df an ehrenamtlichem Engagement war f\u00fcr den &hellip;<\/p>\n<\/div>","protected":false},"author":1,"featured_media":0,"comment_status":"closed","ping_status":"closed","sticky":false,"template":"","format":"standard","meta":{"footnotes":""},"categories":[1,72,29],"tags":[],"class_list":["post-20628","post","type-post","status-publish","format-standard","hentry","category-startseite","category-jugend","category-politik"],"_links":{"self":[{"href":"https:\/\/www.fuldaernachrichten.de\/index.php?rest_route=\/wp\/v2\/posts\/20628","targetHints":{"allow":["GET"]}}],"collection":[{"href":"https:\/\/www.fuldaernachrichten.de\/index.php?rest_route=\/wp\/v2\/posts"}],"about":[{"href":"https:\/\/www.fuldaernachrichten.de\/index.php?rest_route=\/wp\/v2\/types\/post"}],"author":[{"embeddable":true,"href":"https:\/\/www.fuldaernachrichten.de\/index.php?rest_route=\/wp\/v2\/users\/1"}],"replies":[{"embeddable":true,"href":"https:\/\/www.fuldaernachrichten.de\/index.php?rest_route=%2Fwp%2Fv2%2Fcomments&post=20628"}],"version-history":[{"count":3,"href":"https:\/\/www.fuldaernachrichten.de\/index.php?rest_route=\/wp\/v2\/posts\/20628\/revisions"}],"predecessor-version":[{"id":20650,"href":"https:\/\/www.fuldaernachrichten.de\/index.php?rest_route=\/wp\/v2\/posts\/20628\/revisions\/20650"}],"wp:attachment":[{"href":"https:\/\/www.fuldaernachrichten.de\/index.php?rest_route=%2Fwp%2Fv2%2Fmedia&parent=20628"}],"wp:term":[{"taxonomy":"category","embeddable":true,"href":"https:\/\/www.fuldaernachrichten.de\/index.php?rest_route=%2Fwp%2Fv2%2Fcategories&post=20628"},{"taxonomy":"post_tag","embeddable":true,"href":"https:\/\/www.fuldaernachrichten.de\/index.php?rest_route=%2Fwp%2Fv2%2Ftags&post=20628"}],"curies":[{"name":"wp","href":"https:\/\/api.w.org\/{rel}","templated":true}]}}