{"id":2062,"date":"2007-03-10T04:22:03","date_gmt":"2007-03-10T03:22:03","guid":{"rendered":"http:\/\/www.schoene-nachrichten.de\/?p=2062"},"modified":"2007-03-10T04:24:55","modified_gmt":"2007-03-10T03:24:55","slug":"update-schlaganfall-hoersaalveranstaltung-am-klinikum","status":"publish","type":"post","link":"https:\/\/www.fuldaernachrichten.de\/?p=2062","title":{"rendered":"&#8220;Update Schlaganfall&#8221; &#8211; H\u00f6rsaalveranstaltung am Klinikum"},"content":{"rendered":"<p><strong>Termin.<\/strong> Der erste Vorsitzende der Deutschen Schlaganfallgesellschaft, Prof. Dr. med. Martin Grond, referiert am Mittwoch, dem 28. M\u00e4rz, von 17.00 bis 20.00 Uhr im Rahmen der H\u00f6rsaalveranstaltung \u201eUpdate Schlaganfall\u201c im Klinikum Fulda. Diese\u00c2\u00a0Fortbildungsveranstaltung wird von der Klinik f\u00fcr Neurologie, Direktor Prof. Dr. med. Andreas Jacobs, in Zusammenarbeit mit der Deutschen Schlaganfallgesellschaft veranstaltet. Es werden die neuesten Entwicklungen zur Sekund\u00e4rprophylaxe beim isch\u00e4mischen Schlaganfall dargestellt und\u00c2\u00a0Einblicke in die Aktivit\u00e4ten des Schlaganfallzentrums des Klinikums Fulda gew\u00e4hrt.<\/p>\n","protected":false},"excerpt":{"rendered":"<div class=\"tmnf_excerpt\"><p>Termin. Der erste Vorsitzende der Deutschen Schlaganfallgesellschaft, Prof. Dr. med. Martin Grond, referiert am Mittwoch, dem 28. M\u00e4rz, von 17.00 bis 20.00 Uhr im Rahmen der H\u00f6rsaalveranstaltung \u201eUpdate Schlaganfall\u201c im Klinikum Fulda. Diese\u00c2\u00a0Fortbildungsveranstaltung wird von der Klinik f\u00fcr Neurologie, Direktor Prof. Dr. med. Andreas Jacobs, in Zusammenarbeit mit der Deutschen Schlaganfallgesellschaft veranstaltet. Es werden die &hellip;<\/p>\n<\/div>","protected":false},"author":1,"featured_media":0,"comment_status":"closed","ping_status":"closed","sticky":false,"template":"","format":"standard","meta":{"footnotes":""},"categories":[1,51],"tags":[],"class_list":["post-2062","post","type-post","status-publish","format-standard","hentry","category-startseite","category-medizin"],"_links":{"self":[{"href":"https:\/\/www.fuldaernachrichten.de\/index.php?rest_route=\/wp\/v2\/posts\/2062","targetHints":{"allow":["GET"]}}],"collection":[{"href":"https:\/\/www.fuldaernachrichten.de\/index.php?rest_route=\/wp\/v2\/posts"}],"about":[{"href":"https:\/\/www.fuldaernachrichten.de\/index.php?rest_route=\/wp\/v2\/types\/post"}],"author":[{"embeddable":true,"href":"https:\/\/www.fuldaernachrichten.de\/index.php?rest_route=\/wp\/v2\/users\/1"}],"replies":[{"embeddable":true,"href":"https:\/\/www.fuldaernachrichten.de\/index.php?rest_route=%2Fwp%2Fv2%2Fcomments&post=2062"}],"version-history":[{"count":0,"href":"https:\/\/www.fuldaernachrichten.de\/index.php?rest_route=\/wp\/v2\/posts\/2062\/revisions"}],"wp:attachment":[{"href":"https:\/\/www.fuldaernachrichten.de\/index.php?rest_route=%2Fwp%2Fv2%2Fmedia&parent=2062"}],"wp:term":[{"taxonomy":"category","embeddable":true,"href":"https:\/\/www.fuldaernachrichten.de\/index.php?rest_route=%2Fwp%2Fv2%2Fcategories&post=2062"},{"taxonomy":"post_tag","embeddable":true,"href":"https:\/\/www.fuldaernachrichten.de\/index.php?rest_route=%2Fwp%2Fv2%2Ftags&post=2062"}],"curies":[{"name":"wp","href":"https:\/\/api.w.org\/{rel}","templated":true}]}}