{"id":206,"date":"2006-12-01T17:48:01","date_gmt":"2006-12-01T16:48:01","guid":{"rendered":"http:\/\/www.schoene-nachrichten.de\/?p=206"},"modified":"2006-12-01T17:53:47","modified_gmt":"2006-12-01T16:53:47","slug":"fuldaer-weihnachtsmarkt-punktlich-um-1700-uhr-eroffnet","status":"publish","type":"post","link":"https:\/\/www.fuldaernachrichten.de\/?p=206","title":{"rendered":"Fuldaer Weihnachtsmarkt p\u00fcnktlich um 17.00 Uhr er\u00f6ffnet"},"content":{"rendered":"<p><strong>Sch\u00f6nes aus Fulda.<\/strong> Heute wurde der Fuldaer Weihnachtsmarkt p\u00fcnktlich um 17.00 Uhr durch Oberb\u00fcrgermeister Gerhard M\u00f6ller er\u00f6ffnet. \u201eDie Besucher erwartet ein umfangreiches vorweihnachtliches Programm und liebevoll geschm\u00fcckte St\u00e4nde, die zum Verweilen einladen\u201c, so der OB.\u00c2\u00a0Die\u00c2\u00a0echten\u00c2\u00a0Gl\u00fchweinfans st\u00fcrmten trotz wenig winterlicher Temperaturen die St\u00e4nde, und genossen die ersten Momente in vorweihnachtlicher Stimmung.<\/p>\n<p>\u00c2\u00a0<\/p>\n<p><a title=\"Sch\u00f6ne Nachrichten - Foto: Max Colin Heydenreich\" href=\"http:\/\/www.schoene-nachrichten.de\/wp-content\/uploads\/2006\/12\/061201_dsc_0041.jpg\" target=\"_blank\"><img decoding=\"async\" id=\"image210\" height=\"85\" alt=\"061201_dsc_0041.jpg\" src=\"http:\/\/www.schoene-nachrichten.de\/wp-content\/uploads\/2006\/12\/061201_dsc_0041.thumbnail.jpg\" \/><\/a>\u00c2\u00a0<a title=\"Sch\u00f6ne Nachrichten - Foto: Max Colin Heydenreich\" href=\"http:\/\/www.schoene-nachrichten.de\/wp-content\/uploads\/2006\/12\/061201_dsc_0038.jpg\" target=\"_blank\"><img decoding=\"async\" id=\"image209\" height=\"85\" alt=\"061201_dsc_0038.jpg\" src=\"http:\/\/www.schoene-nachrichten.de\/wp-content\/uploads\/2006\/12\/061201_dsc_0038.thumbnail.jpg\" \/><\/a><\/p>\n<p><a title=\"Sch\u00f6ne Nachrichten - Foto: Max Colin Heydenreich\" href=\"http:\/\/www.schoene-nachrichten.de\/wp-content\/uploads\/2006\/12\/061201_dsc_0010.jpg\" target=\"_blank\"><img decoding=\"async\" id=\"image208\" height=\"85\" alt=\"061201_dsc_0010.jpg\" src=\"http:\/\/www.schoene-nachrichten.de\/wp-content\/uploads\/2006\/12\/061201_dsc_0010.thumbnail.jpg\" \/><\/a>\u00c2\u00a0<a title=\"Sch\u00f6ne Nachrichten - Foto: Max Colin Heydenreich\" href=\"http:\/\/www.schoene-nachrichten.de\/wp-content\/uploads\/2006\/12\/061201_dsc_0049.jpg\" target=\"_blank\"><img decoding=\"async\" id=\"image211\" height=\"85\" alt=\"061201_dsc_0049.jpg\" src=\"http:\/\/www.schoene-nachrichten.de\/wp-content\/uploads\/2006\/12\/061201_dsc_0049.thumbnail.jpg\" \/><\/a><\/p>\n<p>\u00c2\u00a0<!--more--><\/p>\n<p><strong>Sonderausstellung<\/strong><\/p>\n<p>Das Vonderau Museum l\u00e4dt w\u00e4hrend der Adventszeit zur Besichtigung einer Zucker-Ausstellung ein. Die private Sammlung von Pfarrer Peter Sachs aus Schlitz pr\u00e4sentiert eine kleine Kulturgeschichte des Zuckers und zeigt die Entwicklung der Werbung auf Zucker, mit Zucker und f\u00fcr Zucker der letzten Jahrzehnte.<\/p>\n<p>\u00c2\u00a0<\/p>\n<p>Ein Eisbildhauer wird am 9. Dezember sein handwerkliches und k\u00fcnstlerisches K\u00f6nnen direkt auf dem Markt demonstrieren und das Bonifatiusdenkmal sowie einen Engel aus Eis entstehen lassen.<\/p>\n<p>\u00c2\u00a0<\/p>\n<p><a title=\"Sch\u00f6ne Nachrichten - Foto: Max Colin Heydenreich\" href=\"http:\/\/www.schoene-nachrichten.de\/wp-content\/uploads\/2006\/12\/061201_dsc_0017.jpg\" target=\"_blank\"><img decoding=\"async\" id=\"image213\" height=\"85\" alt=\"061201_dsc_0017.jpg\" src=\"http:\/\/www.schoene-nachrichten.de\/wp-content\/uploads\/2006\/12\/061201_dsc_0017.thumbnail.jpg\" \/><\/a>\u00c2\u00a0<a title=\"Sch\u00f6ne Nachrichten - Foto: Max Colin Heydenreich\" href=\"http:\/\/www.schoene-nachrichten.de\/wp-content\/uploads\/2006\/12\/061201_dsc_0012.jpg\" target=\"_blank\"><img decoding=\"async\" id=\"image212\" height=\"85\" alt=\"061201_dsc_0012.jpg\" src=\"http:\/\/www.schoene-nachrichten.de\/wp-content\/uploads\/2006\/12\/061201_dsc_0012.thumbnail.jpg\" \/><\/a><\/p>\n<p>\u00c2\u00a0<\/p>\n<p><strong>Kinder-Betreuung<\/strong><\/p>\n<p>An allen vier Adventssamstagen wird im Kinder- und Jugendtreff Zitronemannsg\u00e4sschen ein Betreuungsprogramm f\u00fcr Kinder angeboten. Fachkundige Betreuerinnen und Betreuer besch\u00e4ftigen die Kleinen mit Bastelarbeiten und Spielen, solange ihre Eltern die Weihnachtsgeschenke einkaufen k\u00f6nnen. Pro Kind und angefangener Stunde wird eine Kostenbeteiligung von 1 Euro erhoben. Der City Marketing Fulda e. V. erstattet einen Teil dieser Kosten: Die Eltern erhalten pro betreutem Kind ein CITYTICKET im Wert von 1 Euro. Dieses Ticket kann als Wertgutschein in allen angeschlossenen Betrieben (sichtbar durch Aush\u00e4nge in den Gesch\u00e4ften) eingel\u00f6st werden. Am 02.12.2006 wird die Spielberatung Fulda \u2013 zus\u00e4tzlich zur Kinderbetreuung \u2013 aktuelle Brettspiele vorstellen, damit die Auswahl f\u00fcr Weihnachten leichter f\u00e4llt.<\/p>\n<p>\u00c2\u00a0<\/p>\n<p><strong>Kinder-Programm<\/strong><\/p>\n<p>Im Vonderau Museum wird Frau Hoys, eine Handwerkersfrau aus der Barockzeit, den Kindern w\u00e4hrend einer F\u00fchrung von den fr\u00fcheren Weihnachtsbr\u00e4uchen und \u2013gepflogenheiten berichten. Bei einem Erz\u00e4hlrundgang im Fuldaer Stadtschloss erfahren die Kinder, wie die F\u00fcrst\u00e4bte und deren Bedienstete im 18. Jahrhundert im Stadtschloss gelebt haben. Informationen und Buchungen: Tourismus- und Kongressmanagement der Stadt Fulda, Tel.: 0661\/102-1812.<\/p>\n<p>\u00c2\u00a0<\/p>\n<p><a title=\"Sch\u00f6ne Nachrichten - Foto: Max Colin Heydenreich\" href=\"http:\/\/www.schoene-nachrichten.de\/wp-content\/uploads\/2006\/12\/061201_dsc_0009.jpg\" target=\"_blank\"><img decoding=\"async\" id=\"image214\" height=\"85\" alt=\"061201_dsc_0009.jpg\" src=\"http:\/\/www.schoene-nachrichten.de\/wp-content\/uploads\/2006\/12\/061201_dsc_0009.thumbnail.jpg\" \/><\/a>\u00c2\u00a0<a title=\"Sch\u00f6ne Nachrichten - Foto: Max Colin Heydenreich\" href=\"http:\/\/www.schoene-nachrichten.de\/wp-content\/uploads\/2006\/12\/061201_dsc_0006.jpg\" target=\"_blank\"><img decoding=\"async\" id=\"image215\" height=\"85\" alt=\"061201_dsc_0006.jpg\" src=\"http:\/\/www.schoene-nachrichten.de\/wp-content\/uploads\/2006\/12\/061201_dsc_0006.thumbnail.jpg\" \/><\/a><\/p>\n<p>\u00c2\u00a0<\/p>\n<p><strong>Kulturelles Rahmenprogramm<\/strong><\/p>\n<p>Der Weihnachtsmarkt wird erg\u00e4nzt durch ein t\u00e4glich wechselndes umfangreiches kulturelles Rahmenprogramm. Das Spektrum reicht z. B. von den traditionellen Fuldaer Turmbl\u00e4sern \u00fcber Orgel-Matineen, Konzerte von Stefanie Hertel &#038; Stefan Mross bis hin zum Gospel-Konzert. Dem von der Stadt Fulda zusammengestellten Weihnachtsmarktprogramm sind alle Veranstaltungen zu entnehmen. Das Programm ist sowohl im Tourismus- und Kongressmanagement als auch im B\u00fcrgerb\u00fcro der Stadt Fulda erh\u00e4ltlich.<\/p>\n<p>\u00c2\u00a0<\/p>\n<p><strong>Kostenfreies Parken an den Adventssamstagen<\/strong><\/p>\n<p>Die Stadt Fulda bietet an den vier Adventssamstagen wieder kostenfreies Parken in den Parkh\u00e4usern Richthalle, Ochsenwiese und Rosengarten sowie auf den Parkpl\u00e4tzen Ochsenwiese und Weimarer Stra\u00dfe an.<\/p>\n<p>\u00c2\u00a0<\/p>\n<p><strong>\u00d6ffnungszeiten des Weihnachtsmarktes:<\/strong><\/p>\n<p>01. &#8211; 22. Dezember 2006<br \/>\nMontag &#8211; Samstag: 11.00 &#8211; 20.00 Uhr<br \/>\nSonntag: 12.30 &#8211; 19.00 Uhr<\/p>\n<p>\u00c2\u00a0<\/p>\n","protected":false},"excerpt":{"rendered":"<div class=\"tmnf_excerpt\"><p>Sch\u00f6nes aus Fulda. Heute wurde der Fuldaer Weihnachtsmarkt p\u00fcnktlich um 17.00 Uhr durch Oberb\u00fcrgermeister Gerhard M\u00f6ller er\u00f6ffnet. \u201eDie Besucher erwartet ein umfangreiches vorweihnachtliches Programm und liebevoll geschm\u00fcckte St\u00e4nde, die zum Verweilen einladen\u201c, so der OB.\u00c2\u00a0Die\u00c2\u00a0echten\u00c2\u00a0Gl\u00fchweinfans st\u00fcrmten trotz wenig winterlicher Temperaturen die St\u00e4nde, und genossen die ersten Momente in vorweihnachtlicher Stimmung. \u00c2\u00a0 \u00c2\u00a0 \u00c2\u00a0 \u00c2\u00a0<\/p>\n<\/div>","protected":false},"author":1,"featured_media":0,"comment_status":"closed","ping_status":"closed","sticky":false,"template":"","format":"standard","meta":{"footnotes":""},"categories":[1],"tags":[],"class_list":["post-206","post","type-post","status-publish","format-standard","hentry","category-startseite"],"_links":{"self":[{"href":"https:\/\/www.fuldaernachrichten.de\/index.php?rest_route=\/wp\/v2\/posts\/206","targetHints":{"allow":["GET"]}}],"collection":[{"href":"https:\/\/www.fuldaernachrichten.de\/index.php?rest_route=\/wp\/v2\/posts"}],"about":[{"href":"https:\/\/www.fuldaernachrichten.de\/index.php?rest_route=\/wp\/v2\/types\/post"}],"author":[{"embeddable":true,"href":"https:\/\/www.fuldaernachrichten.de\/index.php?rest_route=\/wp\/v2\/users\/1"}],"replies":[{"embeddable":true,"href":"https:\/\/www.fuldaernachrichten.de\/index.php?rest_route=%2Fwp%2Fv2%2Fcomments&post=206"}],"version-history":[{"count":0,"href":"https:\/\/www.fuldaernachrichten.de\/index.php?rest_route=\/wp\/v2\/posts\/206\/revisions"}],"wp:attachment":[{"href":"https:\/\/www.fuldaernachrichten.de\/index.php?rest_route=%2Fwp%2Fv2%2Fmedia&parent=206"}],"wp:term":[{"taxonomy":"category","embeddable":true,"href":"https:\/\/www.fuldaernachrichten.de\/index.php?rest_route=%2Fwp%2Fv2%2Fcategories&post=206"},{"taxonomy":"post_tag","embeddable":true,"href":"https:\/\/www.fuldaernachrichten.de\/index.php?rest_route=%2Fwp%2Fv2%2Ftags&post=206"}],"curies":[{"name":"wp","href":"https:\/\/api.w.org\/{rel}","templated":true}]}}