{"id":2057,"date":"2007-03-10T00:05:48","date_gmt":"2007-03-09T23:05:48","guid":{"rendered":"http:\/\/www.schoene-nachrichten.de\/?p=2057"},"modified":"2007-03-10T00:12:13","modified_gmt":"2007-03-09T23:12:13","slug":"neues-internetportal-fuer-jugendliche-im-landkreis-fd","status":"publish","type":"post","link":"https:\/\/www.fuldaernachrichten.de\/?p=2057","title":{"rendered":"Neues Internetportal f\u00fcr Jugendliche im Landkreis FD"},"content":{"rendered":"<p><strong>Sch\u00f6nes aus Fulda.<\/strong> Unter <a target=\"_blank\" href=\"http:\/\/www.fd-jugend.de\/\">http:\/\/www.fd-jugend.de\/<\/a>\u00c2\u00a0findet man seit neuestem ein Internetportal f\u00fcr Jugendliche im Landkreis Fulda. Erster Kreisbeigeordnete Dr. Heiko Wingenfeld hat das Internetportal an der Wernher-von-Braun-Schule in Neuhof offiziell vorgestellt. Mit dabei waren Sch\u00fclerinnen und Sch\u00fcler der Klasse 8d, der\u00c2\u00a0p\u00e4dagogischen Leiter der Schule, Wolfgang Zoth, sowie Fachbereichsleiter Hans Herrmann.<\/p>\n<p><a target=\"_blank\" href=\"http:\/\/www.schoene-nachrichten.de\/wp-content\/uploads\/2007\/03\/070309-internet2.jpg\" title=\"Foto: Landkreis Fulda\"><img decoding=\"async\" src=\"http:\/\/www.schoene-nachrichten.de\/wp-content\/uploads\/2007\/03\/070309-internet2.thumbnail.jpg\" alt=\"070309-internet2.jpg\" \/><\/a>\u00c2\u00a0<a target=\"_blank\" href=\"http:\/\/www.schoene-nachrichten.de\/wp-content\/uploads\/2007\/03\/070309-internet.jpg\" title=\"Foto: Landkreis Fulda\"><img decoding=\"async\" src=\"http:\/\/www.schoene-nachrichten.de\/wp-content\/uploads\/2007\/03\/070309-internet.thumbnail.jpg\" alt=\"070309-internet.jpg\" \/><\/a><\/p>\n<p><!--more-->Das neue Internetportal informiert \u00fcber Themen, die f\u00fcr Jugendliche von Interesse sein k\u00f6nnen. Aber auch Eltern, Lehrer und sonstige Erwachsene wie beispielsweise Vereinsvertreter k\u00f6nnen sich angesprochen f\u00fchlen. Behandelt werden unter anderem die Bereiche Ferienfreizeiten, au\u00dferschulische Bildung, Jugendberufshilfe, Jugendleitercard, internationale Jugendbegegnungen, Hilfsangebote f\u00fcr Jugendliche und Kontakte. Das Portal wurde von Stefan Will und Irmi Warmuth entwickelt. Beide sind p\u00e4dagogische Mitarbeiter am Fachbereich Jugend, Familie und Sport der Kreisverwaltung.<\/p>\n","protected":false},"excerpt":{"rendered":"<div class=\"tmnf_excerpt\"><p>Sch\u00f6nes aus Fulda. Unter http:\/\/www.fd-jugend.de\/\u00c2\u00a0findet man seit neuestem ein Internetportal f\u00fcr Jugendliche im Landkreis Fulda. Erster Kreisbeigeordnete Dr. Heiko Wingenfeld hat das Internetportal an der Wernher-von-Braun-Schule in Neuhof offiziell vorgestellt. Mit dabei waren Sch\u00fclerinnen und Sch\u00fcler der Klasse 8d, der\u00c2\u00a0p\u00e4dagogischen Leiter der Schule, Wolfgang Zoth, sowie Fachbereichsleiter Hans Herrmann. \u00c2\u00a0<\/p>\n<\/div>","protected":false},"author":1,"featured_media":0,"comment_status":"closed","ping_status":"closed","sticky":false,"template":"","format":"standard","meta":{"footnotes":""},"categories":[1,53,44],"tags":[],"class_list":["post-2057","post","type-post","status-publish","format-standard","hentry","category-startseite","category-bildung","category-kultur"],"_links":{"self":[{"href":"https:\/\/www.fuldaernachrichten.de\/index.php?rest_route=\/wp\/v2\/posts\/2057","targetHints":{"allow":["GET"]}}],"collection":[{"href":"https:\/\/www.fuldaernachrichten.de\/index.php?rest_route=\/wp\/v2\/posts"}],"about":[{"href":"https:\/\/www.fuldaernachrichten.de\/index.php?rest_route=\/wp\/v2\/types\/post"}],"author":[{"embeddable":true,"href":"https:\/\/www.fuldaernachrichten.de\/index.php?rest_route=\/wp\/v2\/users\/1"}],"replies":[{"embeddable":true,"href":"https:\/\/www.fuldaernachrichten.de\/index.php?rest_route=%2Fwp%2Fv2%2Fcomments&post=2057"}],"version-history":[{"count":0,"href":"https:\/\/www.fuldaernachrichten.de\/index.php?rest_route=\/wp\/v2\/posts\/2057\/revisions"}],"wp:attachment":[{"href":"https:\/\/www.fuldaernachrichten.de\/index.php?rest_route=%2Fwp%2Fv2%2Fmedia&parent=2057"}],"wp:term":[{"taxonomy":"category","embeddable":true,"href":"https:\/\/www.fuldaernachrichten.de\/index.php?rest_route=%2Fwp%2Fv2%2Fcategories&post=2057"},{"taxonomy":"post_tag","embeddable":true,"href":"https:\/\/www.fuldaernachrichten.de\/index.php?rest_route=%2Fwp%2Fv2%2Ftags&post=2057"}],"curies":[{"name":"wp","href":"https:\/\/api.w.org\/{rel}","templated":true}]}}