{"id":2053,"date":"2007-03-09T19:54:48","date_gmt":"2007-03-09T18:54:48","guid":{"rendered":"http:\/\/www.schoene-nachrichten.de\/?p=2053"},"modified":"2007-03-09T19:54:48","modified_gmt":"2007-03-09T18:54:48","slug":"burghauner-spd-sagt-danke-500-besucher-bei-krokusfest","status":"publish","type":"post","link":"https:\/\/www.fuldaernachrichten.de\/?p=2053","title":{"rendered":"Burghauner SPD sagt Danke &#8211; 500 Besucher bei Krokusfest"},"content":{"rendered":"<p><strong>Sch\u00f6nes aus Burghaun.<\/strong> Sch\u00f6ner h\u00e4tte des Krokusfest, das am vergangenen Sonntag in Burghaun stattfand,\u00c2\u00a0wohl nicht sein k\u00f6nnen. Herrlicher Sonnenschein, pr\u00e4chtig bl\u00fchende Krokusse und 500 Besucher &#8211; die SPD-Burghaun\u00c2\u00a0ist zufrieden und sagt den G\u00e4sten &#8220;Danke&#8221;. Auch die SPD-Landtagsabgeordnete Sabine Waschke, die\u00c2\u00a0nach Burghaun gekommen war, sei sichtlich beeindruckt gewesen von den vielen Besuchern, schreibt die SPD Burghaun. Nur am Kuchenb\u00fcffet gab&#8217;s lange Gesichter: Die s\u00fc\u00dfen Teile waren n\u00e4mlich so schnell ausverkauft, das mancher Gast das Nachsehen hatte.<\/p>\n<p><a target=\"_blank\" href=\"http:\/\/www.schoene-nachrichten.de\/wp-content\/uploads\/2007\/03\/070309-krokus3.jpg\" title=\"Bild: SPD Burghaun\"><img decoding=\"async\" src=\"http:\/\/www.schoene-nachrichten.de\/wp-content\/uploads\/2007\/03\/070309-krokus3.thumbnail.jpg\" alt=\"070309-krokus3.jpg\" \/><\/a>\u00c2\u00a0<a target=\"_blank\" href=\"http:\/\/www.schoene-nachrichten.de\/wp-content\/uploads\/2007\/03\/070309-krokus2.jpg\" title=\"Bild: SPD Burghaun\"><img decoding=\"async\" src=\"http:\/\/www.schoene-nachrichten.de\/wp-content\/uploads\/2007\/03\/070309-krokus2.thumbnail.jpg\" alt=\"070309-krokus2.jpg\" \/><\/a>\u00c2\u00a0<a target=\"_blank\" href=\"http:\/\/www.schoene-nachrichten.de\/wp-content\/uploads\/2007\/03\/070309-krokus1.jpg\" title=\"Bild: SPD Burghaun\"><img decoding=\"async\" src=\"http:\/\/www.schoene-nachrichten.de\/wp-content\/uploads\/2007\/03\/070309-krokus1.thumbnail.jpg\" alt=\"070309-krokus1.jpg\" \/><\/a><br \/>\n\u00c2\u00a0<\/p>\n","protected":false},"excerpt":{"rendered":"<div class=\"tmnf_excerpt\"><p>Sch\u00f6nes aus Burghaun. Sch\u00f6ner h\u00e4tte des Krokusfest, das am vergangenen Sonntag in Burghaun stattfand,\u00c2\u00a0wohl nicht sein k\u00f6nnen. Herrlicher Sonnenschein, pr\u00e4chtig bl\u00fchende Krokusse und 500 Besucher &#8211; die SPD-Burghaun\u00c2\u00a0ist zufrieden und sagt den G\u00e4sten &#8220;Danke&#8221;. Auch die SPD-Landtagsabgeordnete Sabine Waschke, die\u00c2\u00a0nach Burghaun gekommen war, sei sichtlich beeindruckt gewesen von den vielen Besuchern, schreibt die SPD Burghaun. &hellip;<\/p>\n<\/div>","protected":false},"author":1,"featured_media":0,"comment_status":"closed","ping_status":"closed","sticky":false,"template":"","format":"standard","meta":{"footnotes":""},"categories":[1,44,29],"tags":[],"class_list":["post-2053","post","type-post","status-publish","format-standard","hentry","category-startseite","category-kultur","category-politik"],"_links":{"self":[{"href":"https:\/\/www.fuldaernachrichten.de\/index.php?rest_route=\/wp\/v2\/posts\/2053","targetHints":{"allow":["GET"]}}],"collection":[{"href":"https:\/\/www.fuldaernachrichten.de\/index.php?rest_route=\/wp\/v2\/posts"}],"about":[{"href":"https:\/\/www.fuldaernachrichten.de\/index.php?rest_route=\/wp\/v2\/types\/post"}],"author":[{"embeddable":true,"href":"https:\/\/www.fuldaernachrichten.de\/index.php?rest_route=\/wp\/v2\/users\/1"}],"replies":[{"embeddable":true,"href":"https:\/\/www.fuldaernachrichten.de\/index.php?rest_route=%2Fwp%2Fv2%2Fcomments&post=2053"}],"version-history":[{"count":0,"href":"https:\/\/www.fuldaernachrichten.de\/index.php?rest_route=\/wp\/v2\/posts\/2053\/revisions"}],"wp:attachment":[{"href":"https:\/\/www.fuldaernachrichten.de\/index.php?rest_route=%2Fwp%2Fv2%2Fmedia&parent=2053"}],"wp:term":[{"taxonomy":"category","embeddable":true,"href":"https:\/\/www.fuldaernachrichten.de\/index.php?rest_route=%2Fwp%2Fv2%2Fcategories&post=2053"},{"taxonomy":"post_tag","embeddable":true,"href":"https:\/\/www.fuldaernachrichten.de\/index.php?rest_route=%2Fwp%2Fv2%2Ftags&post=2053"}],"curies":[{"name":"wp","href":"https:\/\/api.w.org\/{rel}","templated":true}]}}