{"id":20510,"date":"2009-02-01T07:28:32","date_gmt":"2009-02-01T06:28:32","guid":{"rendered":"http:\/\/www.schoene-nachrichten.de\/?p=20510"},"modified":"2009-01-31T09:46:34","modified_gmt":"2009-01-31T08:46:34","slug":"produzenten-direktvermarkter-und-gastronomen-treffen-sich-in-meiningen","status":"publish","type":"post","link":"https:\/\/www.fuldaernachrichten.de\/?p=20510","title":{"rendered":"Produzenten, Direktvermarkter und Gastronomen treffen sich in Meiningen"},"content":{"rendered":"<p><strong>Meiningen. <\/strong>Erneut l\u00e4dt die Regionale Arbeitsgemeinschaft (ARGE) Rh\u00f6n zu einem Treffen zwischen Produzenten, Direktvermarktern und Gastronomen ein. Es findet am kommenden Donnerstag, 5. Februar, um 18 Uhr im Restaurant Schloss-Stuben in Meiningen, Schlossplatz 1, statt. Alle Produzenten, Direktvermarkter und Gastronomen der Region Meiningen und dar\u00fcber hinaus sind dazu herzlich eingeladen.<!--more--><\/p>\n<p><strong>Motto \u201eRh\u00f6ner Genusstour\u201c<\/strong><\/p>\n<p>Nach den Treffen in Dermbach, Birx und Bad Salzungen ist die Veranstaltung in Meiningen bereits die vierte, die innerhalb des Gastronomieprojekts der ARGE Rh\u00f6n f\u00fcr den Th\u00fcringer Teil der Rh\u00f6n unter dem Motto \u201eRh\u00f6ner Genusstour\u201c stattfindet. Das Projekt verfolgt das Ziel, in Zukunft wesentlich mehr regionale Waren in der Gastronomie anzubieten, um so einerseits der regionalen Landwirtschaft eine Zukunftsperspektive zu geben als auch den Tourismus in der Rh\u00f6n und den angrenzenden Bereichen zu stabilisieren. \u201eDie Produzenten und Gastronomen sollen sich bei diesem Treffen kennen lernen, miteinander ins Gespr\u00e4ch kommen und so Kooperationen kn\u00fcpfen\u201c, erkl\u00e4rt der Gesch\u00e4ftsf\u00fchrer der ARGE Rh\u00f6n, Ewald Kl\u00fcber.<\/p>\n<p>Am 5. Februar werden zun\u00e4chst die Mitarbeiter des Projektteams das Gastronomieprojekt der ARGE Rh\u00f6n den Anwesenden erl\u00e4utern und \u00fcber Projektschritte und Inhalte mit Terminen informieren. Im Anschluss daran gibt es ein Buffett, das haupts\u00e4chlich aus regionalen Produkten zubereitet wird. \u201eKommunikation ist wichtig, aber am besten kann man sich von der Qualit\u00e4t der vorhandenen regionalen Produkte \u00fcberzeugen, wenn man sie selbst probiert\u201c, meint Kl\u00fcber dazu. Auch eine Pr\u00e4sentation der eigenen Produkte ist m\u00f6glich. Daher l\u00e4dt er im Namen des Projektteams alle Gastronomen, Produzenten und Direktvermarkter ein, an dem Treffen im Restaurant Schloss-Stuben in Meiningen teilzunehmen. Wer Interesse daran hat, kann sich noch kurzfristig anmelden bei Brigitte Vorndran, Telefon (0 97 72) 4 56; Fax (0 97 72) 12 95 oder sich an Martina Kl\u00fcber, Telefon (03 69 67) 7 79 27 oder Fax (03 69 67) 7 59 52 wenden.<\/p>\n","protected":false},"excerpt":{"rendered":"<div class=\"tmnf_excerpt\"><p>Meiningen. Erneut l\u00e4dt die Regionale Arbeitsgemeinschaft (ARGE) Rh\u00f6n zu einem Treffen zwischen Produzenten, Direktvermarktern und Gastronomen ein. Es findet am kommenden Donnerstag, 5. Februar, um 18 Uhr im Restaurant Schloss-Stuben in Meiningen, Schlossplatz 1, statt. Alle Produzenten, Direktvermarkter und Gastronomen der Region Meiningen und dar\u00fcber hinaus sind dazu herzlich eingeladen.<\/p>\n<\/div>","protected":false},"author":1,"featured_media":0,"comment_status":"closed","ping_status":"closed","sticky":false,"template":"","format":"standard","meta":{"footnotes":""},"categories":[1,37,29],"tags":[],"class_list":["post-20510","post","type-post","status-publish","format-standard","hentry","category-startseite","category-essen-und-trinken","category-politik"],"_links":{"self":[{"href":"https:\/\/www.fuldaernachrichten.de\/index.php?rest_route=\/wp\/v2\/posts\/20510","targetHints":{"allow":["GET"]}}],"collection":[{"href":"https:\/\/www.fuldaernachrichten.de\/index.php?rest_route=\/wp\/v2\/posts"}],"about":[{"href":"https:\/\/www.fuldaernachrichten.de\/index.php?rest_route=\/wp\/v2\/types\/post"}],"author":[{"embeddable":true,"href":"https:\/\/www.fuldaernachrichten.de\/index.php?rest_route=\/wp\/v2\/users\/1"}],"replies":[{"embeddable":true,"href":"https:\/\/www.fuldaernachrichten.de\/index.php?rest_route=%2Fwp%2Fv2%2Fcomments&post=20510"}],"version-history":[{"count":3,"href":"https:\/\/www.fuldaernachrichten.de\/index.php?rest_route=\/wp\/v2\/posts\/20510\/revisions"}],"predecessor-version":[{"id":20530,"href":"https:\/\/www.fuldaernachrichten.de\/index.php?rest_route=\/wp\/v2\/posts\/20510\/revisions\/20530"}],"wp:attachment":[{"href":"https:\/\/www.fuldaernachrichten.de\/index.php?rest_route=%2Fwp%2Fv2%2Fmedia&parent=20510"}],"wp:term":[{"taxonomy":"category","embeddable":true,"href":"https:\/\/www.fuldaernachrichten.de\/index.php?rest_route=%2Fwp%2Fv2%2Fcategories&post=20510"},{"taxonomy":"post_tag","embeddable":true,"href":"https:\/\/www.fuldaernachrichten.de\/index.php?rest_route=%2Fwp%2Fv2%2Ftags&post=20510"}],"curies":[{"name":"wp","href":"https:\/\/api.w.org\/{rel}","templated":true}]}}