{"id":20474,"date":"2009-01-30T08:11:29","date_gmt":"2009-01-30T07:11:29","guid":{"rendered":"http:\/\/www.schoene-nachrichten.de\/?p=20474"},"modified":"2009-01-30T08:46:59","modified_gmt":"2009-01-30T07:46:59","slug":"beratungsstelle-fuer-frauen-aus-dem-islamischen-kulturkreis-feiert-15-jaehriges-bestehen","status":"publish","type":"post","link":"https:\/\/www.fuldaernachrichten.de\/?p=20474","title":{"rendered":"Beratungsstelle f\u00fcr Frauen aus dem islamischen Kulturkreis feiert 15-j\u00e4hriges Bestehen"},"content":{"rendered":"<p><strong><a href=\"http:\/\/www.schoene-nachrichten.de\/wp-content\/uploads\/2009\/01\/kulturkreis-islamischer-frauen.jpg\"><img decoding=\"async\" class=\"alignnone size-medium wp-image-20475\" title=\"kulturkreis-islamischer-frauen\" src=\"http:\/\/www.schoene-nachrichten.de\/wp-content\/uploads\/2009\/01\/kulturkreis-islamischer-frauen-265x179.jpg\" alt=\"kulturkreis-islamischer-frauen\" hspace=\"5\" width=\"265\" height=\"179\" align=\"left\" srcset=\"https:\/\/www.fuldaernachrichten.de\/wp-content\/uploads\/2009\/01\/kulturkreis-islamischer-frauen-265x179.jpg 265w, https:\/\/www.fuldaernachrichten.de\/wp-content\/uploads\/2009\/01\/kulturkreis-islamischer-frauen.jpg 592w\" sizes=\"(max-width: 265px) 100vw, 265px\" \/><\/a>Fulda.<\/strong> In ganz Deutschland wird derzeit die Frage diskutiert, wie man Menschen ausl\u00e4ndischer Herkunft besser integrieren kann. Die von der Stadt Fulda gef\u00f6rderte Beratungsstelle der Arbeiterwohlfahrt f\u00fcr Frauen aus dem islamischen Kulturkreis leistet in Fulda bereits seit 15 Jahren einen handfesten Beitrag dazu.<\/p>\n<p>Das Angebot wendet sich ausschlie\u00dflich an Frauen und setzt damit an einer Schl\u00fcsselposition in den Familien an. Tats\u00e4chlich kommen viele M\u00fctter in die Beratungsstelle, die Probleme mit ihren Kindern haben oder sich \u00fcberfordert f\u00fchlen von der Vielzahl an f\u00fcr sie unbekannten Anforderungen, die das deutsche Bildungswesen und die Gesellschaft mit ihren fremden Gewohnheiten ihnen abverlangt. Die Beratungsstelle hilft, indem sie aufkl\u00e4rt und den Frauen Tipps gibt, wie man sich z.B. auf einem Elternabend verh\u00e4lt oder welches die passende Erziehungsmethode im Spannungsfeld zwischen ihrer unserer Kultur sein k\u00f6nnte.<!--more--><\/p>\n<p>Auch ganz praktische Fragen, wie z.B. welche Leistungen einem im deutschen Gesundheitssystem zustehen oder welches Amt wof\u00fcr zust\u00e4ndig ist, werden von der Beratungsstelle gekl\u00e4rt. Manchmal geht Sarah Fleckenstein, die Leiterin der Beratungsstelle, mit den Frauen zu den entsprechenden Beh\u00f6rden oder sie hilft Formulare auszuf\u00fcllen.<\/p>\n<p>Dabei gilt es als erstes das Sprachproblem zu \u00fcberwinden. Zwar spricht Sarah Fleckenstein, die die Beratungsstelle in der AWO mit aufgebaut hat und seit 15 Jahren leitet, drei verschiedene Sprachen, doch kann sie nicht alle Sprachen abdecken, die die Frauen sprechen, die zu ihr kommen und die zum gr\u00f6\u00dften Teil aus der T\u00fcrkei, Afghanistan und dem Iran, aber auch aus Pakistan, Indonesien, Peru und Spanien stammen. Deutschkurse zu vermitteln geh\u00f6rt also zu den zentralen Aufgaben der Beratungsstelle.<\/p>\n<p>Bildung, Beratung, Kulturarbeit, das bietet die Beratungsstelle den ca. 35 Frauen, die mit ihren eigenen und famili\u00e4ren Problemen derzeit immer wieder Rat und Hilfe hier suchen. Der Bedarf ist gro\u00df und w\u00e4chst st\u00e4ndig. \u201eAuch die 2. und 3. Generation der Einwanderer braucht uns noch und dann ziehen ja auch immer wieder neue Frauen nach,\u201c so Sarah Fleckenstein, die sich auch im Pr\u00e4ventionsrat und auf der Frauenwoche Fulda engagiert.<\/p>\n<p>Warum die Frauen das Angebot der AWO gern in Anspruch nehmen, h\u00e4ngt einerseits damit zusammen, dass die AWO weder konfessionell noch parteilich gebunden ist und damit f\u00fcr die islamischen Frauen eine Hemmschwelle wegf\u00e4llt, zum anderen finden sie in Sarah Fleckenstein eine Beraterin, die ihre Probleme gut nachvollziehen kann und ihre Schwierigkeiten versteht. Sie ist eine Frau und sie stammt selbst aus dem Iran. Es ist aber auch der respektvolle Umgang miteinander und die Tatsache, dass sie in der Langebr\u00fcckenstra\u00dfe immer offene T\u00fcren vorfinden, die die Frauen Vertrauen fassen l\u00e4sst. \u201eErkl\u00e4ren, aufkl\u00e4ren, unterst\u00fctzen, vermitteln und ihnen ihre Kultur lassen,\u201c fasst Fleckenstein die Maximen der Beratungsstelle zusammen.<\/p>\n<p>Nicht zuletzt ist es auch einfach die M\u00f6glichkeit, andere Frauen in \u00e4hnlichen Situationen zu treffen, die oft hilfreich wirkt und die Einsamkeit mildert, unter der viele Frauen hier leiden. Die Beratungsstelle wird dabei f\u00fcr viele zum Ersatz f\u00fcr die Gro\u00dffamilie, die ihnen fehlt, eine Gro\u00dffamilie, in der man auch Feste zusammen feiert. So ist es auch kein Wunder, dass der Tisch im Sitzungszimmer der AWO an diesem Freitag \u00fcppig beladen ist mit exotischen Speisen, die alle von den Frauen selbst gemacht und zu der 15-Jahr Feier beigesteuert wurden.<\/p>\n<p>Auf die Frage, was sich in den letzten 15 Jahren ver\u00e4ndert habe, antwortet Edith Becker, die Gesch\u00e4ftsf\u00fchrerin der AWO: \u201eIntegrationsbem\u00fchungen sind heute ein politisches Thema geworden, das fast t\u00e4glich in den Medien diskutiert wird, daher ist jetzt Vieles m\u00f6glich, was es vor 15 Jahren noch nicht gab,\u201c und Sarah Fleckenstein erg\u00e4nzt: \u201eAuf der anderen Seite sind auch die Frauen etwas aufgekl\u00e4rter geworden. Das bedeutet jedoch nicht, dass sie weniger Beratung n\u00f6tig haben. Im Gegenteil der Bedarf w\u00e4chst und im Grunde sind wir an unseren Kapazit\u00e4tsgrenzen angekommen.\u201c<br \/>\nF\u00fcr die Zukunft w\u00fcnscht sich die Leiterin daher vor allem, dass die Beratungsstelle weiter politische und nat\u00fcrlich auch finanzielle Unterst\u00fctzung findet und daher ein verl\u00e4sslicher Anker und ein sicherer Hafen f\u00fcr die Frauen bleiben kann.<\/p>\n<p>N\u00e4here Infos zur Beratungsstelle f\u00fcr Frauen aus dem islamischen Kulturkreis gibt es in der Gesch\u00e4ftsstelle der AWO Fulda, in der Langebr\u00fcckenstra\u00dfe 14, telefonisch unter: 0661 \u2013 480 045-0, Ansprechpartnerin ist Sarah Fleckenstein, Email: info@awo-fulda.de, Langebr\u00fcckenstra\u00dfe 14, oder im Internet: www.awo-fulda.de.<\/p>\n","protected":false},"excerpt":{"rendered":"<div class=\"tmnf_excerpt\"><p>Fulda. In ganz Deutschland wird derzeit die Frage diskutiert, wie man Menschen ausl\u00e4ndischer Herkunft besser integrieren kann. Die von der Stadt Fulda gef\u00f6rderte Beratungsstelle der Arbeiterwohlfahrt f\u00fcr Frauen aus dem islamischen Kulturkreis leistet in Fulda bereits seit 15 Jahren einen handfesten Beitrag dazu. Das Angebot wendet sich ausschlie\u00dflich an Frauen und setzt damit an einer &hellip;<\/p>\n<\/div>","protected":false},"author":1,"featured_media":0,"comment_status":"closed","ping_status":"closed","sticky":false,"template":"","format":"standard","meta":{"footnotes":""},"categories":[1,72,44],"tags":[],"class_list":["post-20474","post","type-post","status-publish","format-standard","hentry","category-startseite","category-jugend","category-kultur"],"_links":{"self":[{"href":"https:\/\/www.fuldaernachrichten.de\/index.php?rest_route=\/wp\/v2\/posts\/20474","targetHints":{"allow":["GET"]}}],"collection":[{"href":"https:\/\/www.fuldaernachrichten.de\/index.php?rest_route=\/wp\/v2\/posts"}],"about":[{"href":"https:\/\/www.fuldaernachrichten.de\/index.php?rest_route=\/wp\/v2\/types\/post"}],"author":[{"embeddable":true,"href":"https:\/\/www.fuldaernachrichten.de\/index.php?rest_route=\/wp\/v2\/users\/1"}],"replies":[{"embeddable":true,"href":"https:\/\/www.fuldaernachrichten.de\/index.php?rest_route=%2Fwp%2Fv2%2Fcomments&post=20474"}],"version-history":[{"count":2,"href":"https:\/\/www.fuldaernachrichten.de\/index.php?rest_route=\/wp\/v2\/posts\/20474\/revisions"}],"predecessor-version":[{"id":20485,"href":"https:\/\/www.fuldaernachrichten.de\/index.php?rest_route=\/wp\/v2\/posts\/20474\/revisions\/20485"}],"wp:attachment":[{"href":"https:\/\/www.fuldaernachrichten.de\/index.php?rest_route=%2Fwp%2Fv2%2Fmedia&parent=20474"}],"wp:term":[{"taxonomy":"category","embeddable":true,"href":"https:\/\/www.fuldaernachrichten.de\/index.php?rest_route=%2Fwp%2Fv2%2Fcategories&post=20474"},{"taxonomy":"post_tag","embeddable":true,"href":"https:\/\/www.fuldaernachrichten.de\/index.php?rest_route=%2Fwp%2Fv2%2Ftags&post=20474"}],"curies":[{"name":"wp","href":"https:\/\/api.w.org\/{rel}","templated":true}]}}