{"id":2045,"date":"2007-03-09T00:40:05","date_gmt":"2007-03-08T23:40:05","guid":{"rendered":"http:\/\/www.schoene-nachrichten.de\/?p=2045"},"modified":"2007-03-09T00:41:01","modified_gmt":"2007-03-08T23:41:01","slug":"kunstausstellung-im-groenhoff-haus","status":"publish","type":"post","link":"https:\/\/www.fuldaernachrichten.de\/?p=2045","title":{"rendered":"Kunstausstellung im Groenhoff-Haus"},"content":{"rendered":"<p><strong>Sch\u00f6nes aus der Rh\u00f6n.<\/strong> Gem\u00e4lde, Keramiken, Bronzeskulpturen und Holzbildhauerkunst\u00c2\u00a0pr\u00e4sentiert der Verein \u201eMalerdorf Kleinsassen e.V.\u201c von M\u00e4rz bis Ende April im UNESCO-Informationszentrum des Groenhoff-Hauses auf der Wasserkuppe. Insgesamt 14 K\u00fcnstler stellen dort aus. Zur Vernissage hatte der Landkreis Fulda, Biosph\u00e4renreservat Rh\u00f6n und der 1. Vorsitzende des Vereins, Gerhard Trapp, eingeladen. Er\u00f6ffnet wurde die Ausstellung von der Dietershausener K\u00fcnstlerin Hiltrud Storch und Martin Kremer, Biosph\u00e4renreservat Rh\u00f6n.<\/p>\n<p><a target=\"_blank\" href=\"http:\/\/www.schoene-nachrichten.de\/wp-content\/uploads\/2007\/03\/030708-ausstellung.jpg\" title=\"Foto: Biosph\u00e4renreservat Rh\u00f6n\"><img decoding=\"async\" src=\"http:\/\/www.schoene-nachrichten.de\/wp-content\/uploads\/2007\/03\/030708-ausstellung.thumbnail.jpg\" alt=\"030708-ausstellung.jpg\" \/><\/a><\/p>\n<p><!--more-->Gezeigt werden Landschaftsbilder aber auch Stillleben und Pflanzenportraits. Radierungen, Zeichnungen, Aquarelle, Drucke und Pappmacheearbeiten sowie ein k\u00fcnstlerisches Foto vom Stellberg runden die Bildgalerie ab. Erg\u00e4nzt werden die Gem\u00e4lde durch ausgefallene Keramikarbeiten von Bernadette Wrana, die keltische Tonkunst pr\u00e4sentiert. In Vitrinen angeordnet findet der Besucher Beispiele f\u00fcr Bronzearbeiten des Langenleitner K\u00fcnstlers Herbert Holzheimer. Auch eine Reihe von Holzbildhauerarbeiten, die den b\u00e4uerlichen Alltag beschreiben, sind zu sehen.<\/p>\n<p>Kirchlich religi\u00f6se Arbeiten pr\u00e4sentiert der Holzbildhauermeister Johannes Kl\u00fcber aus Hofbieber. Beeindruckend ist seine, zum Elisabethenjahr entstandene Darstellung der Hl. Elisabeth mit Bettler. \u00dcberaus markant aber auch eine in Eichenholz gefertigte Stele, die die Dreifaltigkeit mit Vater, Sohn und heiligem Geist zum Thema hat.<\/p>\n<p>Des Weiteren stellen aus: Ulrike Bauer, Ursula Breitung, Josef Diegelmann, Johannes Ens, Oskar Hartmann, Monika Kl\u00fcber-Ott, Ellen Kresky, Alfred Kr\u00f6nung, Karin Reichardt, Lothar Reichardt und Hiltrud Storch. Martin Kremer dankte den K\u00fcnstlern f\u00fcr ihr Engagement und die Bereitschaft, ihre Werke im Groenhoff-Haus zu zeigen und hofft auf reges Interesse. Im Regionalladen k\u00f6nnen die Kunstwerke auch erworben werden.<\/p>\n","protected":false},"excerpt":{"rendered":"<div class=\"tmnf_excerpt\"><p>Sch\u00f6nes aus der Rh\u00f6n. Gem\u00e4lde, Keramiken, Bronzeskulpturen und Holzbildhauerkunst\u00c2\u00a0pr\u00e4sentiert der Verein \u201eMalerdorf Kleinsassen e.V.\u201c von M\u00e4rz bis Ende April im UNESCO-Informationszentrum des Groenhoff-Hauses auf der Wasserkuppe. Insgesamt 14 K\u00fcnstler stellen dort aus. Zur Vernissage hatte der Landkreis Fulda, Biosph\u00e4renreservat Rh\u00f6n und der 1. Vorsitzende des Vereins, Gerhard Trapp, eingeladen. Er\u00f6ffnet wurde die Ausstellung von der &hellip;<\/p>\n<\/div>","protected":false},"author":1,"featured_media":0,"comment_status":"closed","ping_status":"closed","sticky":false,"template":"","format":"standard","meta":{"footnotes":""},"categories":[1,44],"tags":[],"class_list":["post-2045","post","type-post","status-publish","format-standard","hentry","category-startseite","category-kultur"],"_links":{"self":[{"href":"https:\/\/www.fuldaernachrichten.de\/index.php?rest_route=\/wp\/v2\/posts\/2045","targetHints":{"allow":["GET"]}}],"collection":[{"href":"https:\/\/www.fuldaernachrichten.de\/index.php?rest_route=\/wp\/v2\/posts"}],"about":[{"href":"https:\/\/www.fuldaernachrichten.de\/index.php?rest_route=\/wp\/v2\/types\/post"}],"author":[{"embeddable":true,"href":"https:\/\/www.fuldaernachrichten.de\/index.php?rest_route=\/wp\/v2\/users\/1"}],"replies":[{"embeddable":true,"href":"https:\/\/www.fuldaernachrichten.de\/index.php?rest_route=%2Fwp%2Fv2%2Fcomments&post=2045"}],"version-history":[{"count":0,"href":"https:\/\/www.fuldaernachrichten.de\/index.php?rest_route=\/wp\/v2\/posts\/2045\/revisions"}],"wp:attachment":[{"href":"https:\/\/www.fuldaernachrichten.de\/index.php?rest_route=%2Fwp%2Fv2%2Fmedia&parent=2045"}],"wp:term":[{"taxonomy":"category","embeddable":true,"href":"https:\/\/www.fuldaernachrichten.de\/index.php?rest_route=%2Fwp%2Fv2%2Fcategories&post=2045"},{"taxonomy":"post_tag","embeddable":true,"href":"https:\/\/www.fuldaernachrichten.de\/index.php?rest_route=%2Fwp%2Fv2%2Ftags&post=2045"}],"curies":[{"name":"wp","href":"https:\/\/api.w.org\/{rel}","templated":true}]}}