{"id":20405,"date":"2009-01-29T00:19:47","date_gmt":"2009-01-28T23:19:47","guid":{"rendered":"http:\/\/www.schoene-nachrichten.de\/?p=20405"},"modified":"2009-01-29T12:26:13","modified_gmt":"2009-01-29T11:26:13","slug":"anmeldestart-fuer-ferienprogramm-2009-des-landkreises-fulda-urlaub-ohne-eltern-aber-mit-freunden-erfahrenen-betreuern-und-ganz-viel-spass","status":"publish","type":"post","link":"https:\/\/www.fuldaernachrichten.de\/?p=20405","title":{"rendered":"Anmeldestart f\u00fcr Ferienprogramm 2009 des Landkreises Fulda &#8211; Urlaub ohne Eltern, aber mit Freunden, erfahrenen Betreuern und ganz viel Spa\u00df"},"content":{"rendered":"<p><a title=\"Foto: Max Colin Heydenreich\" rel=\"lightbox[roadtrip]\" href=\"http:\/\/www.schoene-nachrichten.de\/wp-content\/uploads\/2009\/01\/090129_Ferien_001.jpg\" target=\"_blank\"><img decoding=\"async\" src=\"http:\/\/www.schoene-nachrichten.de\/wp-content\/uploads\/2009\/01\/090129_Ferien_001.jpg\" alt=\"090129_Ferien_001.jpg\" width=\"560\" \/><\/a><\/p>\n<p><strong>Fulda.<\/strong> Der gro\u00dfe Andrang am Samstagmorgen vor dem Kreishaus sprach f\u00fcr sich: das Interesse an den Ferienfreizeiten des Landkreises Fulda ist ungebrochen. Zahlreiche M\u00fctter und V\u00e4ter, aber auch Kinder und Jugendliche waren gekommen, um beim offiziellen Anmeldestart dabei zu sein und sich einen der begehrten Pl\u00e4tze in den Ferienfreizeiten des Landkreises zu sichern. Voller Vorfreude reihten sich die Anwesenden in die Schlange der Wartenden ein.<\/p>\n<p><strong>Fotos (13): <\/strong>Max Colin Heydenreich<\/p>\n<p><a title=\"Foto: Max Colin Heydenreich\" rel=\"lightbox[roadtrip]\" href=\"http:\/\/www.schoene-nachrichten.de\/wp-content\/uploads\/2009\/01\/090129_Ferien_003.jpg\" target=\"_blank\"><img decoding=\"async\" src=\"http:\/\/www.schoene-nachrichten.de\/wp-content\/uploads\/2009\/01\/090129_Ferien_003.thumbnail.jpg\" alt=\"090129_Ferien_003.jpg\" width=\"265\" \/><\/a> <a title=\"Foto: Max Colin Heydenreich\" rel=\"lightbox[roadtrip]\" href=\"http:\/\/www.schoene-nachrichten.de\/wp-content\/uploads\/2009\/01\/090129_Ferien_004.jpg\" target=\"_blank\"><img decoding=\"async\" src=\"http:\/\/www.schoene-nachrichten.de\/wp-content\/uploads\/2009\/01\/090129_Ferien_004.thumbnail.jpg\" alt=\"090129_Ferien_004.jpg\" width=\"265\" \/><\/a><\/p>\n<p><!--more--><\/p>\n<p>\u201eIch war in den vergangenen Jahren schon bei mehreren Freizeiten dabei und es hat bisher immer sehr viel Spa\u00df gemacht\u201c, erz\u00e4hlte ein zw\u00f6lfj\u00e4hriger Junge, der sich auch in diesem Jahr einen Urlaub ohne Eltern nicht entgehen lassen will. Das Gruppenerlebnis, die vielen tollen Programmpunkte und vor allem das Meer locken viele Kinder und Jugendliche. \u201eAm meisten freue ich mich auf das Wasser\u201c, war dann auch das meistgeh\u00f6rte Statement zum kommenden Urlaub. Kein Wunder, denn fast alle Urlaubsziele versprechen Sommer, Sonne und Strand satt. Ob am D\u00fcmmersee, in Kroatien, in Italien, am Wolfgangsee, an der Ostsee, am Kochelsee oder im Baywatch-Camp \u2013 die kleinen und gro\u00dfen Wasserratten werden in den unterschiedlichen Freizeiten ganz sicher auf ihre Kosten kommen.<\/p>\n<p><a title=\"Foto: Max Colin Heydenreich\" rel=\"lightbox[roadtrip]\" href=\"http:\/\/www.schoene-nachrichten.de\/wp-content\/uploads\/2009\/01\/090129_Ferien_007.jpg\" target=\"_blank\"><img decoding=\"async\" src=\"http:\/\/www.schoene-nachrichten.de\/wp-content\/uploads\/2009\/01\/090129_Ferien_007.thumbnail.jpg\" alt=\"090129_Ferien_007.jpg\" width=\"265\" \/><\/a> <a title=\"Foto: Max Colin Heydenreich\" rel=\"lightbox[roadtrip]\" href=\"http:\/\/www.schoene-nachrichten.de\/wp-content\/uploads\/2009\/01\/090129_Ferien_008.jpg\" target=\"_blank\"><img decoding=\"async\" src=\"http:\/\/www.schoene-nachrichten.de\/wp-content\/uploads\/2009\/01\/090129_Ferien_008.thumbnail.jpg\" alt=\"090129_Ferien_008.jpg\" width=\"265\" \/><\/a><\/p>\n<p><strong>\u201eWir fanden es bisher immer toll\u201c<\/strong><\/p>\n<p>Ein Gro\u00dfteil der Teilnehmerinnen und Teilnehmer nimmt nicht zum ersten Mal am Ferienprogramm des Landkreises Fulda teil. Die gute Betreuung, die abwechslungsreichen Ziele und die tollen Programmpunkte machen viele Kinder zu Wiederholungst\u00e4tern. \u201eMeine Freunde und ich sind schon oft mit dem Landkreis weggefahren und fanden es bisher immer toll\u201c, fasste eine Dreizehnj\u00e4hrige ihre Erfahrungen zusammen. Und auch die Eltern stehen dem selbst\u00e4ndigen Verreisen ihrer Spr\u00f6sslinge positiv gegen\u00fcber.<\/p>\n<p><a title=\"Foto: Max Colin Heydenreich\" rel=\"lightbox[roadtrip]\" href=\"http:\/\/www.schoene-nachrichten.de\/wp-content\/uploads\/2009\/01\/090129_Ferien_011.jpg\" target=\"_blank\"><img decoding=\"async\" src=\"http:\/\/www.schoene-nachrichten.de\/wp-content\/uploads\/2009\/01\/090129_Ferien_011.thumbnail.jpg\" alt=\"090129_Ferien_011.jpg\" width=\"265\" \/><\/a> <a title=\"Foto: Max Colin Heydenreich\" rel=\"lightbox[roadtrip]\" href=\"http:\/\/www.schoene-nachrichten.de\/wp-content\/uploads\/2009\/01\/090129_Ferien_012.jpg\" target=\"_blank\"><img decoding=\"async\" src=\"http:\/\/www.schoene-nachrichten.de\/wp-content\/uploads\/2009\/01\/090129_Ferien_012.thumbnail.jpg\" alt=\"090129_Ferien_012.jpg\" width=\"265\" \/><\/a><\/p>\n<p>\u201eDie Kinder werden so langsam fl\u00fcgge und da bieten sich die Ferienfreizeiten des Landkreises einfach an\u201c, berichtete ein Vater, dessen Sohn mit Freunden nach Kroatien fahren will. \u201eEs entstehen immer gute Freundschaften und das Gruppenerlebnis f\u00f6rdert die Entwicklung\u201c, fasste eine Mutter von drei Kindern ihre bisherigen Erlebnisse zusammen. Und auch wenn das eine oder andere Elternteil dem Urlaub der Spr\u00f6sslinge mit gemischten Gef\u00fchlen entgegen sieht, waren sich die Eltern gleichzeitig auch sicher, dass es \u201eden Kindern gut tut, wenn sie mal etwas Neues kennen lernen\u201c.<\/p>\n<p><a title=\"Foto: Max Colin Heydenreich\" rel=\"lightbox[roadtrip]\" href=\"http:\/\/www.schoene-nachrichten.de\/wp-content\/uploads\/2009\/01\/090129_Ferien_005.jpg\" target=\"_blank\"><img decoding=\"async\" src=\"http:\/\/www.schoene-nachrichten.de\/wp-content\/uploads\/2009\/01\/090129_Ferien_005.thumbnail.jpg\" alt=\"090129_Ferien_005.jpg\" width=\"265\" \/><\/a> <a title=\"Foto: Max Colin Heydenreich\" rel=\"lightbox[roadtrip]\" href=\"http:\/\/www.schoene-nachrichten.de\/wp-content\/uploads\/2009\/01\/090129_Ferien_006.jpg\" target=\"_blank\"><img decoding=\"async\" src=\"http:\/\/www.schoene-nachrichten.de\/wp-content\/uploads\/2009\/01\/090129_Ferien_006.thumbnail.jpg\" alt=\"090129_Ferien_006.jpg\" width=\"265\" \/><\/a><\/p>\n<p>Mit den Ferienfreizeiten vertraute Eltern konnten die Umstehenden schnell beruhigen, denn \u201ebisher lief alles immer problemlos\u201c, wie eine Mutter best\u00e4tigen konnte. \u201eMeine Kinder waren von der Betreuung sehr angetan\u201c, erz\u00e4hlte eine andere Mutter, die ihre zwei Kinder zum wiederholten Mal mit einem erfahrenen Betreuerteam des Landkreises Fulda verreisen l\u00e4sst.<\/p>\n<p><strong>Ausgabe von Wartemarken bew\u00e4hrt sich<\/strong><\/p>\n<p>Obwohl einige Interessenten teilweise schon Stunden vor Anmeldebeginn vor dem Kreishaus warteten, war die Stimmung unter den Wartenden gut. Mit Kaffee, Gespr\u00e4chen und sogar B\u00fcchern wurde die Wartezeit verk\u00fcrzt. \u201eSeit es die Wartemarken gibt, l\u00e4uft die Anmeldung viel entspannter ab\u201c, lie\u00df sich eine Mutter vernehmen. Und dieses Bild best\u00e4tigte sich, als p\u00fcnktlich um neun Uhr die ersten Wartemarken ausgegeben wurden.<\/p>\n<p><a title=\"Foto: Max Colin Heydenreich\" rel=\"lightbox[roadtrip]\" href=\"http:\/\/www.schoene-nachrichten.de\/wp-content\/uploads\/2009\/01\/090129_Ferien_002.jpg\" target=\"_blank\"><img decoding=\"async\" src=\"http:\/\/www.schoene-nachrichten.de\/wp-content\/uploads\/2009\/01\/090129_Ferien_002.thumbnail.jpg\" alt=\"090129_Ferien_002.jpg\" width=\"265\" \/><\/a> <a title=\"Foto: Max Colin Heydenreich\" rel=\"lightbox[roadtrip]\" href=\"http:\/\/www.schoene-nachrichten.de\/wp-content\/uploads\/2009\/01\/090129_Ferien_009.jpg\" target=\"_blank\"><img decoding=\"async\" src=\"http:\/\/www.schoene-nachrichten.de\/wp-content\/uploads\/2009\/01\/090129_Ferien_009.thumbnail.jpg\" alt=\"090129_Ferien_009.jpg\" width=\"265\" \/><\/a><\/p>\n<p>Auf diesen wurde die Uhrzeit notiert, zu der die Marke in Empfang genommen wurde. Das Ausf\u00fcllen der Anmeldung kann dann innerhalb der n\u00e4chsten Woche ganz in Ruhe erfolgen. Doch obwohl die Anmeldungen auch zu Hause ausgef\u00fcllt und zusammen mit der Marke an die Kreisverwaltung geschickt werden k\u00f6nnen, entschieden sich viele, die Anmeldungen gleich vor Ort auszuf\u00fcllen und abzugeben. Zeitgleich zur Ausgabe der Wartemarken wurde auch die Anmeldung per Fax freigegeben, die dann parallel zur Anmeldung vor Ort lief.<\/p>\n<p>Etwa eine halbe Stunde nachdem die Ausgabe der Wartemarken begonnen hatte, waren alle Interessenten vor Ort versorgt. Mit zufriedenen Gesichtern machten sich die Eltern und Kinder auf den Heimweg und dabei wurde dann erwartungsfroh \u00fcber den bevorstehenden Urlaub gesprochen, dem viele Kinder am Samstagmorgen mit der Anmeldung ein ganzes St\u00fcck n\u00e4her ger\u00fcckt waren.<\/p>\n<p><a title=\"Foto: Max Colin Heydenreich\" rel=\"lightbox[roadtrip]\" href=\"http:\/\/www.schoene-nachrichten.de\/wp-content\/uploads\/2009\/01\/090129_Ferien_013.jpg\" target=\"_blank\"><img decoding=\"async\" src=\"http:\/\/www.schoene-nachrichten.de\/wp-content\/uploads\/2009\/01\/090129_Ferien_013.thumbnail.jpg\" alt=\"090129_Ferien_013.jpg\" width=\"265\" \/><\/a> <a title=\"Foto: Max Colin Heydenreich\" rel=\"lightbox[roadtrip]\" href=\"http:\/\/www.schoene-nachrichten.de\/wp-content\/uploads\/2009\/01\/090129_Ferien_010.jpg\" target=\"_blank\"><img decoding=\"async\" src=\"http:\/\/www.schoene-nachrichten.de\/wp-content\/uploads\/2009\/01\/090129_Ferien_010.thumbnail.jpg\" alt=\"090129_Ferien_010.jpg\" width=\"265\" \/><\/a><\/p>\n","protected":false},"excerpt":{"rendered":"<div class=\"tmnf_excerpt\"><p>Fulda. Der gro\u00dfe Andrang am Samstagmorgen vor dem Kreishaus sprach f\u00fcr sich: das Interesse an den Ferienfreizeiten des Landkreises Fulda ist ungebrochen. Zahlreiche M\u00fctter und V\u00e4ter, aber auch Kinder und Jugendliche waren gekommen, um beim offiziellen Anmeldestart dabei zu sein und sich einen der begehrten Pl\u00e4tze in den Ferienfreizeiten des Landkreises zu sichern. Voller Vorfreude &hellip;<\/p>\n<\/div>","protected":false},"author":1,"featured_media":0,"comment_status":"closed","ping_status":"closed","sticky":false,"template":"","format":"standard","meta":{"footnotes":""},"categories":[1,72,29,78],"tags":[],"class_list":["post-20405","post","type-post","status-publish","format-standard","hentry","category-startseite","category-jugend","category-politik","category-topthema"],"_links":{"self":[{"href":"https:\/\/www.fuldaernachrichten.de\/index.php?rest_route=\/wp\/v2\/posts\/20405","targetHints":{"allow":["GET"]}}],"collection":[{"href":"https:\/\/www.fuldaernachrichten.de\/index.php?rest_route=\/wp\/v2\/posts"}],"about":[{"href":"https:\/\/www.fuldaernachrichten.de\/index.php?rest_route=\/wp\/v2\/types\/post"}],"author":[{"embeddable":true,"href":"https:\/\/www.fuldaernachrichten.de\/index.php?rest_route=\/wp\/v2\/users\/1"}],"replies":[{"embeddable":true,"href":"https:\/\/www.fuldaernachrichten.de\/index.php?rest_route=%2Fwp%2Fv2%2Fcomments&post=20405"}],"version-history":[{"count":4,"href":"https:\/\/www.fuldaernachrichten.de\/index.php?rest_route=\/wp\/v2\/posts\/20405\/revisions"}],"predecessor-version":[{"id":20409,"href":"https:\/\/www.fuldaernachrichten.de\/index.php?rest_route=\/wp\/v2\/posts\/20405\/revisions\/20409"}],"wp:attachment":[{"href":"https:\/\/www.fuldaernachrichten.de\/index.php?rest_route=%2Fwp%2Fv2%2Fmedia&parent=20405"}],"wp:term":[{"taxonomy":"category","embeddable":true,"href":"https:\/\/www.fuldaernachrichten.de\/index.php?rest_route=%2Fwp%2Fv2%2Fcategories&post=20405"},{"taxonomy":"post_tag","embeddable":true,"href":"https:\/\/www.fuldaernachrichten.de\/index.php?rest_route=%2Fwp%2Fv2%2Ftags&post=20405"}],"curies":[{"name":"wp","href":"https:\/\/api.w.org\/{rel}","templated":true}]}}