{"id":2030,"date":"2007-03-08T01:20:10","date_gmt":"2007-03-08T00:20:10","guid":{"rendered":"http:\/\/www.schoene-nachrichten.de\/?p=2030"},"modified":"2007-03-08T01:30:36","modified_gmt":"2007-03-08T00:30:36","slug":"geburtenplus-am-klinikum-fulda","status":"publish","type":"post","link":"https:\/\/www.fuldaernachrichten.de\/?p=2030","title":{"rendered":"Geburtenplus am Klinikum Fulda"},"content":{"rendered":"<p><strong>Sch\u00f6nes aus Fulda.<\/strong> Einer aktuellen Studie zufolge sinkt in Hessen die Zahl der Geburten. Das Klinikum Fulda hingegen verzeichnet in den letzten Jahren einen Anstieg. W\u00e4hrend die Zahl der Geburten an den anderen heimischen Krankenh\u00e4usern um zusammen 8,5 Prozent abnahm, hat das Klinikum nach eigenen Angaben 1,1 Prozent zugelegt. Die Verantwortlichen werten dies als Vertrauensbeweis.<\/p>\n<p><!--more-->Seit einigen Jahren werden regelm\u00e4\u00dfig zu Jahresbeginn methodisch seri\u00f6se Statistiken \u00fcber die Geburtenzahlen der hessischen\u00c2\u00a0 Krankenh\u00e4user vorgelegt. Die f\u00fcr den Zeitraum 2001 bis 2006 erfassten Zahlen zeigen, dass im Bundesland Hessen die Zahl der Geburten um immerhin 6,85 Prozent gesunken ist. Im Unterschied zu diesem allgemeinen Trend verzeichnete das Klinikum Fulda in 2006 mit 1.406 Geburten eine leichte Steigerung der Zahlen. Das Klinikum Fulda hat sich damit gegen den Trend entwickelt.<\/p>\n<p>\u201eMit unserem Plus liegen wir deutlich \u00fcber dem Landesdurchschnitt\u201c, freut sich der Direktor der Frauenklinik, Prof. Dr. med. Ludwig Sp\u00e4tling. \u201eDas zeigt, dass die erheblichen Anstrengungen und Investitionen an der Frauenklinik von den M\u00fcttern und V\u00e4tern\u00c2\u00a0 als Steigerung der Qualit\u00e4t wahrgenommen werden.\u201c<\/p>\n<p>Durch umfangreiche Renovierungen und Umgestaltungen\u00c2\u00a0seien Komfort und Ambiente an der Frauenklinik in den vergangenen Jahren deutlich verbessert worden. Unter anderem wurden die Kreiss\u00e4le erneuert und auf den Stationen gibt es ein Fr\u00fchst\u00fccks- und Abendbrot-B\u00fcfett. Aber auch auf der emotionalen Ebene habe sich die Frauenklinik weiterentwickelt.<\/p>\n<p>\u201eDie Frauen haben bei uns gr\u00f6\u00dftm\u00f6gliche Freiheit, die Umst\u00e4nde ihrer Geburt und des Miteinanders mit dem Neugeborenen selbst zu bestimmen\u201c, erl\u00e4utert Prof. Sp\u00e4tling. \u201eEine Geburt ist f\u00fcr uns ein ganz nat\u00fcrlicher Vorgang. Die Hochleistungsmedizin bleibt sozusagen hinter dem Vorhang. Aber sie ist da, wenn man sie braucht \u2013 und das gibt den jungen Eltern ein Gef\u00fchl der Sicherheit.\u201c<\/p>\n<p>Zusammen mit der Klinik f\u00fcr Kinder- und Jugendmedizin bildet die Frauenklinik das \u201ePerinatalzentrum\u201c \u2013 eine optimale, fachliche Verkn\u00fcpfung \u00e4rztlicher und pflegerischer Kompetenz. Im Falle einer Fr\u00fchgeburt oder wenn das Neugeborene medizinischer Hilfe bedarf, kann diese innerhalb k\u00fcrzester Zeit erfolgen. Zwei Universit\u00e4tsprofessoren (Prof. Sp\u00e4tling sowie Prof. Dr. med. Reinald Repp, Direktor der Kinderklinik) garantieren ein gleichbleibend hohes Niveau. \u00c2\u00a0\u00c2\u00a0<\/p>\n","protected":false},"excerpt":{"rendered":"<div class=\"tmnf_excerpt\"><p>Sch\u00f6nes aus Fulda. Einer aktuellen Studie zufolge sinkt in Hessen die Zahl der Geburten. Das Klinikum Fulda hingegen verzeichnet in den letzten Jahren einen Anstieg. W\u00e4hrend die Zahl der Geburten an den anderen heimischen Krankenh\u00e4usern um zusammen 8,5 Prozent abnahm, hat das Klinikum nach eigenen Angaben 1,1 Prozent zugelegt. Die Verantwortlichen werten dies als Vertrauensbeweis.<\/p>\n<\/div>","protected":false},"author":1,"featured_media":0,"comment_status":"closed","ping_status":"closed","sticky":false,"template":"","format":"standard","meta":{"footnotes":""},"categories":[1,51],"tags":[],"class_list":["post-2030","post","type-post","status-publish","format-standard","hentry","category-startseite","category-medizin"],"_links":{"self":[{"href":"https:\/\/www.fuldaernachrichten.de\/index.php?rest_route=\/wp\/v2\/posts\/2030","targetHints":{"allow":["GET"]}}],"collection":[{"href":"https:\/\/www.fuldaernachrichten.de\/index.php?rest_route=\/wp\/v2\/posts"}],"about":[{"href":"https:\/\/www.fuldaernachrichten.de\/index.php?rest_route=\/wp\/v2\/types\/post"}],"author":[{"embeddable":true,"href":"https:\/\/www.fuldaernachrichten.de\/index.php?rest_route=\/wp\/v2\/users\/1"}],"replies":[{"embeddable":true,"href":"https:\/\/www.fuldaernachrichten.de\/index.php?rest_route=%2Fwp%2Fv2%2Fcomments&post=2030"}],"version-history":[{"count":0,"href":"https:\/\/www.fuldaernachrichten.de\/index.php?rest_route=\/wp\/v2\/posts\/2030\/revisions"}],"wp:attachment":[{"href":"https:\/\/www.fuldaernachrichten.de\/index.php?rest_route=%2Fwp%2Fv2%2Fmedia&parent=2030"}],"wp:term":[{"taxonomy":"category","embeddable":true,"href":"https:\/\/www.fuldaernachrichten.de\/index.php?rest_route=%2Fwp%2Fv2%2Fcategories&post=2030"},{"taxonomy":"post_tag","embeddable":true,"href":"https:\/\/www.fuldaernachrichten.de\/index.php?rest_route=%2Fwp%2Fv2%2Ftags&post=2030"}],"curies":[{"name":"wp","href":"https:\/\/api.w.org\/{rel}","templated":true}]}}