{"id":2026,"date":"2007-03-08T00:13:00","date_gmt":"2007-03-07T23:13:00","guid":{"rendered":"http:\/\/www.schoene-nachrichten.de\/?p=2026"},"modified":"2007-03-08T00:19:36","modified_gmt":"2007-03-07T23:19:36","slug":"darmkrebs-monat-maerz-tag-der-offenen-tuer-am-hjk","status":"publish","type":"post","link":"https:\/\/www.fuldaernachrichten.de\/?p=2026","title":{"rendered":"&#8220;Darmkrebs-Monat M\u00e4rz&#8221; &#8211; Tag der offenen T\u00fcr am HJK"},"content":{"rendered":"<p><strong>Termin.<\/strong> Im\u00c2\u00a0 Darmkrebs-Monat M\u00e4rz l\u00e4dt das Herz-Jesu-Krankenhaus zu einem Tag der offenen T\u00fcr ein. Am Samstag, dem 24. M\u00e4rz, k\u00f6nnen sich Besucher zwischen 11.00 und 16.00 Uhr \u00fcber Darmkrebsvorsorge informieren. Ein Schwerpunkt wird die Vorstellung des neuen Darmkrebs-Vorsorgetests sein. Mit dem Test soll es m\u00f6glich sein, ohne den Nachweis von Blut im Stuhl, Darmpolypen oder Darmtumoren zu erkennen. Die Veranstaltung wird von der Abteilung f\u00fcr Allgemein- und Viszeralchirurgie unter der Leitung von Chef\u00e4rztin PD Dr. Carolin Tonus durchgef\u00fchrt.<\/p>\n","protected":false},"excerpt":{"rendered":"<div class=\"tmnf_excerpt\"><p>Termin. Im\u00c2\u00a0 Darmkrebs-Monat M\u00e4rz l\u00e4dt das Herz-Jesu-Krankenhaus zu einem Tag der offenen T\u00fcr ein. Am Samstag, dem 24. M\u00e4rz, k\u00f6nnen sich Besucher zwischen 11.00 und 16.00 Uhr \u00fcber Darmkrebsvorsorge informieren. Ein Schwerpunkt wird die Vorstellung des neuen Darmkrebs-Vorsorgetests sein. Mit dem Test soll es m\u00f6glich sein, ohne den Nachweis von Blut im Stuhl, Darmpolypen oder &hellip;<\/p>\n<\/div>","protected":false},"author":1,"featured_media":0,"comment_status":"closed","ping_status":"closed","sticky":false,"template":"","format":"standard","meta":{"footnotes":""},"categories":[1,51],"tags":[],"class_list":["post-2026","post","type-post","status-publish","format-standard","hentry","category-startseite","category-medizin"],"_links":{"self":[{"href":"https:\/\/www.fuldaernachrichten.de\/index.php?rest_route=\/wp\/v2\/posts\/2026","targetHints":{"allow":["GET"]}}],"collection":[{"href":"https:\/\/www.fuldaernachrichten.de\/index.php?rest_route=\/wp\/v2\/posts"}],"about":[{"href":"https:\/\/www.fuldaernachrichten.de\/index.php?rest_route=\/wp\/v2\/types\/post"}],"author":[{"embeddable":true,"href":"https:\/\/www.fuldaernachrichten.de\/index.php?rest_route=\/wp\/v2\/users\/1"}],"replies":[{"embeddable":true,"href":"https:\/\/www.fuldaernachrichten.de\/index.php?rest_route=%2Fwp%2Fv2%2Fcomments&post=2026"}],"version-history":[{"count":0,"href":"https:\/\/www.fuldaernachrichten.de\/index.php?rest_route=\/wp\/v2\/posts\/2026\/revisions"}],"wp:attachment":[{"href":"https:\/\/www.fuldaernachrichten.de\/index.php?rest_route=%2Fwp%2Fv2%2Fmedia&parent=2026"}],"wp:term":[{"taxonomy":"category","embeddable":true,"href":"https:\/\/www.fuldaernachrichten.de\/index.php?rest_route=%2Fwp%2Fv2%2Fcategories&post=2026"},{"taxonomy":"post_tag","embeddable":true,"href":"https:\/\/www.fuldaernachrichten.de\/index.php?rest_route=%2Fwp%2Fv2%2Ftags&post=2026"}],"curies":[{"name":"wp","href":"https:\/\/api.w.org\/{rel}","templated":true}]}}