{"id":2022,"date":"2007-03-07T17:15:45","date_gmt":"2007-03-07T16:15:45","guid":{"rendered":"http:\/\/www.schoene-nachrichten.de\/?p=2022"},"modified":"2007-03-07T17:18:10","modified_gmt":"2007-03-07T16:18:10","slug":"zuse-hotel-legt-erstmals-jahresprogramm-a-z-vor","status":"publish","type":"post","link":"https:\/\/www.fuldaernachrichten.de\/?p=2022","title":{"rendered":"Zuse Hotel legt erstmals Jahresprogramm \u201eA &#8211; Z\u201c vor"},"content":{"rendered":"<p><strong>Sch\u00f6nes aus H\u00fcnfeld.<\/strong> Unter dem Titel \u201eVon A \u2013 Z\u201c pr\u00e4sentiert das\u00c2\u00a0Konrad Zuse Hotel\u00c2\u00a0 in H\u00fcnfeld erstmals das Jahresprogramm 2007. Dabei reicht das Angebot von verschiedenen Arrangements f\u00fcr ausw\u00e4rtige \u00dcbernachtungsg\u00e4ste, \u00fcber Koch-, Cocktail- und Dekorationskursen bis hin zu Vortr\u00e4gen und F\u00fchrungen.<\/p>\n<p><a target=\"_blank\" href=\"http:\/\/www.schoene-nachrichten.de\/wp-content\/uploads\/2007\/03\/070307-zuse.jpg\" title=\"Foto: Zuse-Hotel\"><img decoding=\"async\" src=\"http:\/\/www.schoene-nachrichten.de\/wp-content\/uploads\/2007\/03\/070307-zuse.thumbnail.jpg\" alt=\"070307-zuse.jpg\" \/><\/a><\/p>\n<p><!--more-->\u201eEin tolles Produkt\u201c, schw\u00e4rmt Steffi Heilig, Mitglied der Gesch\u00e4ftsleitung \u201ein unseren Veranstaltungskalender A &#8211; Z haben wir unterschiedliche Programme zusammengestellt; es ist f\u00fcr jeden etwas dabei.\u201c<\/p>\n<p>H\u00fcnfeld und die Umgebung mit seinen Attraktionen seien ebenso mit einbezogen, wie Veranstaltungen mit einigen bekannten Pers\u00f6nlichkeiten, z.B. Dr. Harald Schmid, der einer der besten 400m H\u00fcrdenl\u00e4ufer der Welt war, oder Prof. Dr. Horst Zuse, Sohn des Computer-Erfinders Konrad Zuse. Aber auch ein spezielles Programm zur Deutsch-deutschen Geschichte wurde kreiert.\u00c2\u00a0\u00c2\u00a0<\/p>\n<p>\u201eEiner der H\u00f6hepunkte wird unsere Silvester-Party mit leckerem Buffet und Livemusik von dem Musik-Duo Migo und Silke sein\u201c, berichtet Hotelleiterin Katja Rupscheit. Zudem seien neue Single- und Erlebnis-Kochkurse als Erg\u00e4nzung zu den M\u00e4nner-Kochkursen geplant.<\/p>\n<p>Der Veranstaltungskalender \u201eA \u2013 Z\u201c liegt im KONRAD ZUSE HOTEL (Josefstra\u00dfe 1 \u2013 36088 H\u00fcnfeld) aus oder ist auch auf der neuen Homepage vom Hotel unter: <a target=\"_blank\" href=\"http:\/\/www.konrad-zuse-hotel.de\/\">http:\/\/www.konrad-zuse-hotel.de\/<\/a> anzufordern bzw. nachzulesen.<\/p>\n<p>Zum Bild: Strahlende Gesichter bei Hotelleiterin Katja Rupscheit (li.), K\u00fcchenchef Andreas Rau und Empfangschefin Jessica Knauff mit dem Veranstaltungskalender 2007 \u201eA \u2013 Z\u201c im Konrad Zuse Hotel in H\u00fcnfeld.<br \/>\n\u00c2\u00a0<br \/>\n\u00c2\u00a0<\/p>\n","protected":false},"excerpt":{"rendered":"<div class=\"tmnf_excerpt\"><p>Sch\u00f6nes aus H\u00fcnfeld. Unter dem Titel \u201eVon A \u2013 Z\u201c pr\u00e4sentiert das\u00c2\u00a0Konrad Zuse Hotel\u00c2\u00a0 in H\u00fcnfeld erstmals das Jahresprogramm 2007. Dabei reicht das Angebot von verschiedenen Arrangements f\u00fcr ausw\u00e4rtige \u00dcbernachtungsg\u00e4ste, \u00fcber Koch-, Cocktail- und Dekorationskursen bis hin zu Vortr\u00e4gen und F\u00fchrungen.<\/p>\n<\/div>","protected":false},"author":1,"featured_media":0,"comment_status":"closed","ping_status":"closed","sticky":false,"template":"","format":"standard","meta":{"footnotes":""},"categories":[1,44],"tags":[],"class_list":["post-2022","post","type-post","status-publish","format-standard","hentry","category-startseite","category-kultur"],"_links":{"self":[{"href":"https:\/\/www.fuldaernachrichten.de\/index.php?rest_route=\/wp\/v2\/posts\/2022","targetHints":{"allow":["GET"]}}],"collection":[{"href":"https:\/\/www.fuldaernachrichten.de\/index.php?rest_route=\/wp\/v2\/posts"}],"about":[{"href":"https:\/\/www.fuldaernachrichten.de\/index.php?rest_route=\/wp\/v2\/types\/post"}],"author":[{"embeddable":true,"href":"https:\/\/www.fuldaernachrichten.de\/index.php?rest_route=\/wp\/v2\/users\/1"}],"replies":[{"embeddable":true,"href":"https:\/\/www.fuldaernachrichten.de\/index.php?rest_route=%2Fwp%2Fv2%2Fcomments&post=2022"}],"version-history":[{"count":0,"href":"https:\/\/www.fuldaernachrichten.de\/index.php?rest_route=\/wp\/v2\/posts\/2022\/revisions"}],"wp:attachment":[{"href":"https:\/\/www.fuldaernachrichten.de\/index.php?rest_route=%2Fwp%2Fv2%2Fmedia&parent=2022"}],"wp:term":[{"taxonomy":"category","embeddable":true,"href":"https:\/\/www.fuldaernachrichten.de\/index.php?rest_route=%2Fwp%2Fv2%2Fcategories&post=2022"},{"taxonomy":"post_tag","embeddable":true,"href":"https:\/\/www.fuldaernachrichten.de\/index.php?rest_route=%2Fwp%2Fv2%2Ftags&post=2022"}],"curies":[{"name":"wp","href":"https:\/\/api.w.org\/{rel}","templated":true}]}}