{"id":20116,"date":"2009-01-27T00:27:05","date_gmt":"2009-01-26T23:27:05","guid":{"rendered":"http:\/\/www.schoene-nachrichten.de\/?p=20116"},"modified":"2009-01-27T08:36:29","modified_gmt":"2009-01-27T07:36:29","slug":"6000-euro-fuer-die-wohngemeinschaft-franziskus-des-antoniusheims","status":"publish","type":"post","link":"https:\/\/www.fuldaernachrichten.de\/?p=20116","title":{"rendered":"6.000 Euro f\u00fcr die Wohngemeinschaft \u201eFranziskus\u201c des Antoniusheims"},"content":{"rendered":"<p><a title=\"Foto: Max Colin Heydenreich\" rel=\"lightbox[roadtrip]\" href=\"http:\/\/www.schoene-nachrichten.de\/wp-content\/uploads\/2009\/01\/090127_AHeim_019.jpg\" target=\"_blank\"><img decoding=\"async\" src=\"http:\/\/www.schoene-nachrichten.de\/wp-content\/uploads\/2009\/01\/090127_AHeim_019.jpg\" alt=\"090127_AHeim_019.jpg\" width=\"560\" \/><\/a><\/p>\n<p><strong>Fulda.<\/strong> \u00dcber eine Spende in  H\u00f6he  von 6.000 Euro kann sich die Wohngemeinschaft \u201eFranziskus\u201c freuen. G\u00fcnther Hohmann, Inhaber der Firma Baudekoration Hohmann GmbH, hat im Jahre 2008 statt an seine Kunden Weihnachtspr\u00e4sente zu verteilen, sich dazu entschlossen das St. Antoniusheim mit einer Spende zu bedenken. Es kam die beachtliche Summe von 6.000 Euro zustande. G\u00fcnter Hohmann entschied sich, die Wohngemeinschaft \u201eFranziskus\u201c mit diesem Geld zu beschenken. Dar\u00fcber freuen sich die Bewohner sehr. Sie haben auch schon genaue Pl\u00e4ne was sie mit dem Geld machen wollen. Schon seit l\u00e4ngerem hegen Sie den Wunsch, ihren Garten mit einem gro\u00dfen Pavillion zu  bereichern. Leider fehlte bis jetzt das Geld dazu. Dieser Wunsch geht jetzt, dank der Firma Hohmann, endlich in Erf\u00fcllung.<\/p>\n<p><strong>Fotos (21):<\/strong> Max Colin Heydenreich<\/p>\n<p><a title=\"Foto: Max Colin Heydenreich\" rel=\"lightbox[roadtrip]\" href=\"http:\/\/www.schoene-nachrichten.de\/wp-content\/uploads\/2009\/01\/090127_AHeim_005.jpg\" target=\"_blank\"><img decoding=\"async\" src=\"http:\/\/www.schoene-nachrichten.de\/wp-content\/uploads\/2009\/01\/090127_AHeim_005.thumbnail.jpg\" alt=\"090127_AHeim_005.jpg\" width=\"265\" \/><\/a> <a title=\"Foto: Max Colin Heydenreich\" rel=\"lightbox[roadtrip]\" href=\"http:\/\/www.schoene-nachrichten.de\/wp-content\/uploads\/2009\/01\/090127_AHeim_012.jpg\" target=\"_blank\"><img decoding=\"async\" src=\"http:\/\/www.schoene-nachrichten.de\/wp-content\/uploads\/2009\/01\/090127_AHeim_012.thumbnail.jpg\" alt=\"090127_AHeim_012.jpg\" width=\"265\" \/><\/a><\/p>\n<p><a title=\"Foto: Max Colin Heydenreich\" rel=\"lightbox[roadtrip]\" href=\"http:\/\/www.schoene-nachrichten.de\/wp-content\/uploads\/2009\/01\/090127_AHeim_007.jpg\" target=\"_blank\"><img decoding=\"async\" src=\"http:\/\/www.schoene-nachrichten.de\/wp-content\/uploads\/2009\/01\/090127_AHeim_007.thumbnail.jpg\" alt=\"090127_AHeim_007.jpg\" width=\"265\" \/><\/a> <a title=\"Foto: Max Colin Heydenreich\" rel=\"lightbox[roadtrip]\" href=\"http:\/\/www.schoene-nachrichten.de\/wp-content\/uploads\/2009\/01\/090127_AHeim_008.jpg\" target=\"_blank\"><img decoding=\"async\" src=\"http:\/\/www.schoene-nachrichten.de\/wp-content\/uploads\/2009\/01\/090127_AHeim_008.thumbnail.jpg\" alt=\"090127_AHeim_008.jpg\" width=\"265\" \/><\/a><\/p>\n<p><!--more--><\/p>\n<p>&#8220;Zur Einweihung des Pavillions&#8221;, verspricht Rainer Sippel, Gesch\u00e4ftsf\u00fchrer des Antoniusheims, &#8220;werden wir die Firma Hohmann einladen und einen gem\u00fctlichen Grillabend miteinander verbringen. Wir danken der Firma Hohmann, f\u00fcr ihr wiederholtes Soziales Engagement und freuen uns solch verbundene Partner zu haben.&#8221;<\/p>\n<p><a title=\"Foto: Max Colin Heydenreich\" rel=\"lightbox[roadtrip]\" href=\"http:\/\/www.schoene-nachrichten.de\/wp-content\/uploads\/2009\/01\/090127_AHeim_018.jpg\" target=\"_blank\"><img decoding=\"async\" src=\"http:\/\/www.schoene-nachrichten.de\/wp-content\/uploads\/2009\/01\/090127_AHeim_018.thumbnail.jpg\" alt=\"090127_AHeim_018.jpg\" width=\"265\" \/><\/a> <a title=\"Foto: Max Colin Heydenreich\" rel=\"lightbox[roadtrip]\" href=\"http:\/\/www.schoene-nachrichten.de\/wp-content\/uploads\/2009\/01\/090127_AHeim_016.jpg\" target=\"_blank\"><img decoding=\"async\" src=\"http:\/\/www.schoene-nachrichten.de\/wp-content\/uploads\/2009\/01\/090127_AHeim_016.thumbnail.jpg\" alt=\"090127_AHeim_016.jpg\" width=\"265\" \/><\/a><\/p>\n<p>F\u00fcr die gro\u00dfz\u00fcgige Spende danken auch  Stefan Alt, Rainer Gernet, Egon Heinz, Udo Heinz, Jonny Huff, Helmut Lipp, Anneliese Mantes, Ursula Mitschker, Raimund P\u00f6rtner, Gerhard Rosemann, J\u00f6rg Sadowski, Karl-Heinz Thomeier,  Paul Trettau, Sebastian Vogler, Michael Wiegand, Frank Wiesner, Horst Zehe sowie die Leiterin Margit Grassel von der Wohngemeinschaft \u201eFranziskus\u201c.<\/p>\n<p><a title=\"Foto: Max Colin Heydenreich\" rel=\"lightbox[roadtrip]\" href=\"http:\/\/www.schoene-nachrichten.de\/wp-content\/uploads\/2009\/01\/090127_AHeim_001.jpg\" target=\"_blank\"><img decoding=\"async\" src=\"http:\/\/www.schoene-nachrichten.de\/wp-content\/uploads\/2009\/01\/090127_AHeim_001.thumbnail.jpg\" alt=\"090127_AHeim_001.jpg\" width=\"265\" \/><\/a> <a title=\"Foto: Max Colin Heydenreich\" rel=\"lightbox[roadtrip]\" href=\"http:\/\/www.schoene-nachrichten.de\/wp-content\/uploads\/2009\/01\/090127_AHeim_002.jpg\" target=\"_blank\"><img decoding=\"async\" src=\"http:\/\/www.schoene-nachrichten.de\/wp-content\/uploads\/2009\/01\/090127_AHeim_002.thumbnail.jpg\" alt=\"090127_AHeim_002.jpg\" width=\"265\" \/><\/a><\/p>\n<p><a title=\"Foto: Max Colin Heydenreich\" rel=\"lightbox[roadtrip]\" href=\"http:\/\/www.schoene-nachrichten.de\/wp-content\/uploads\/2009\/01\/090127_AHeim_003.jpg\" target=\"_blank\"><img decoding=\"async\" src=\"http:\/\/www.schoene-nachrichten.de\/wp-content\/uploads\/2009\/01\/090127_AHeim_003.thumbnail.jpg\" alt=\"090127_AHeim_003.jpg\" width=\"265\" \/><\/a> <a title=\"Foto: Max Colin Heydenreich\" rel=\"lightbox[roadtrip]\" href=\"http:\/\/www.schoene-nachrichten.de\/wp-content\/uploads\/2009\/01\/090127_AHeim_004.jpg\" target=\"_blank\"><img decoding=\"async\" src=\"http:\/\/www.schoene-nachrichten.de\/wp-content\/uploads\/2009\/01\/090127_AHeim_004.thumbnail.jpg\" alt=\"090127_AHeim_004.jpg\" width=\"265\" \/><\/a><\/p>\n<p><a title=\"Foto: Max Colin Heydenreich\" rel=\"lightbox[roadtrip]\" href=\"http:\/\/www.schoene-nachrichten.de\/wp-content\/uploads\/2009\/01\/090127_AHeim_006.jpg\" target=\"_blank\"><img decoding=\"async\" src=\"http:\/\/www.schoene-nachrichten.de\/wp-content\/uploads\/2009\/01\/090127_AHeim_006.thumbnail.jpg\" alt=\"090127_AHeim_006.jpg\" width=\"265\" \/><\/a> <a title=\"Foto: Max Colin Heydenreich\" rel=\"lightbox[roadtrip]\" href=\"http:\/\/www.schoene-nachrichten.de\/wp-content\/uploads\/2009\/01\/090127_AHeim_011.jpg\" target=\"_blank\"><img decoding=\"async\" src=\"http:\/\/www.schoene-nachrichten.de\/wp-content\/uploads\/2009\/01\/090127_AHeim_011.thumbnail.jpg\" alt=\"090127_AHeim_011.jpg\" width=\"265\" \/><\/a><\/p>\n<p><a title=\"Foto: Max Colin Heydenreich\" rel=\"lightbox[roadtrip]\" href=\"http:\/\/www.schoene-nachrichten.de\/wp-content\/uploads\/2009\/01\/090127_AHeim_009.jpg\" target=\"_blank\"><img decoding=\"async\" src=\"http:\/\/www.schoene-nachrichten.de\/wp-content\/uploads\/2009\/01\/090127_AHeim_009.thumbnail.jpg\" alt=\"090127_AHeim_009.jpg\" width=\"265\" \/><\/a> <a title=\"Foto: Max Colin Heydenreich\" rel=\"lightbox[roadtrip]\" href=\"http:\/\/www.schoene-nachrichten.de\/wp-content\/uploads\/2009\/01\/090127_AHeim_010.jpg\" target=\"_blank\"><img decoding=\"async\" src=\"http:\/\/www.schoene-nachrichten.de\/wp-content\/uploads\/2009\/01\/090127_AHeim_010.thumbnail.jpg\" alt=\"090127_AHeim_010.jpg\" width=\"265\" \/><\/a><\/p>\n<p><a title=\"Foto: Max Colin Heydenreich\" rel=\"lightbox[roadtrip]\" href=\"http:\/\/www.schoene-nachrichten.de\/wp-content\/uploads\/2009\/01\/090127_AHeim_013.jpg\" target=\"_blank\"><img decoding=\"async\" src=\"http:\/\/www.schoene-nachrichten.de\/wp-content\/uploads\/2009\/01\/090127_AHeim_013.thumbnail.jpg\" alt=\"090127_AHeim_013.jpg\" width=\"265\" \/><\/a> <a title=\"Foto: Max Colin Heydenreich\" rel=\"lightbox[roadtrip]\" href=\"http:\/\/www.schoene-nachrichten.de\/wp-content\/uploads\/2009\/01\/090127_AHeim_014.jpg\" target=\"_blank\"><img decoding=\"async\" src=\"http:\/\/www.schoene-nachrichten.de\/wp-content\/uploads\/2009\/01\/090127_AHeim_014.thumbnail.jpg\" alt=\"090127_AHeim_014.jpg\" width=\"265\" \/><\/a><\/p>\n<p><a title=\"Foto: Max Colin Heydenreich\" rel=\"lightbox[roadtrip]\" href=\"http:\/\/www.schoene-nachrichten.de\/wp-content\/uploads\/2009\/01\/090127_AHeim_015.jpg\" target=\"_blank\"><img decoding=\"async\" src=\"http:\/\/www.schoene-nachrichten.de\/wp-content\/uploads\/2009\/01\/090127_AHeim_015.thumbnail.jpg\" alt=\"090127_AHeim_015.jpg\" width=\"265\" \/><\/a> <a title=\"Foto: Max Colin Heydenreich\" rel=\"lightbox[roadtrip]\" href=\"http:\/\/www.schoene-nachrichten.de\/wp-content\/uploads\/2009\/01\/090127_AHeim_017.jpg\" target=\"_blank\"><img decoding=\"async\" src=\"http:\/\/www.schoene-nachrichten.de\/wp-content\/uploads\/2009\/01\/090127_AHeim_017.thumbnail.jpg\" alt=\"090127_AHeim_017.jpg\" width=\"265\" \/><\/a><\/p>\n<p><a title=\"Foto: Max Colin Heydenreich\" rel=\"lightbox[roadtrip]\" href=\"http:\/\/www.schoene-nachrichten.de\/wp-content\/uploads\/2009\/01\/090127_AHeim_020.jpg\" target=\"_blank\"><img decoding=\"async\" src=\"http:\/\/www.schoene-nachrichten.de\/wp-content\/uploads\/2009\/01\/090127_AHeim_020.thumbnail.jpg\" alt=\"090127_AHeim_020.jpg\" width=\"265\" \/><\/a> <a title=\"Foto: Max Colin Heydenreich\" rel=\"lightbox[roadtrip]\" href=\"http:\/\/www.schoene-nachrichten.de\/wp-content\/uploads\/2009\/01\/090127_AHeim_021.jpg\" target=\"_blank\"><img decoding=\"async\" src=\"http:\/\/www.schoene-nachrichten.de\/wp-content\/uploads\/2009\/01\/090127_AHeim_021.thumbnail.jpg\" alt=\"090127_AHeim_021.jpg\" width=\"265\" \/><\/a><\/p>\n","protected":false},"excerpt":{"rendered":"<div class=\"tmnf_excerpt\"><p>Fulda. \u00dcber eine Spende in H\u00f6he von 6.000 Euro kann sich die Wohngemeinschaft \u201eFranziskus\u201c freuen. G\u00fcnther Hohmann, Inhaber der Firma Baudekoration Hohmann GmbH, hat im Jahre 2008 statt an seine Kunden Weihnachtspr\u00e4sente zu verteilen, sich dazu entschlossen das St. Antoniusheim mit einer Spende zu bedenken. Es kam die beachtliche Summe von 6.000 Euro zustande. G\u00fcnter &hellip;<\/p>\n<\/div>","protected":false},"author":1,"featured_media":0,"comment_status":"closed","ping_status":"closed","sticky":false,"template":"","format":"standard","meta":{"footnotes":""},"categories":[1,54,72,44,29,78],"tags":[],"class_list":["post-20116","post","type-post","status-publish","format-standard","hentry","category-startseite","category-bildergalerien","category-jugend","category-kultur","category-politik","category-topthema"],"_links":{"self":[{"href":"https:\/\/www.fuldaernachrichten.de\/index.php?rest_route=\/wp\/v2\/posts\/20116","targetHints":{"allow":["GET"]}}],"collection":[{"href":"https:\/\/www.fuldaernachrichten.de\/index.php?rest_route=\/wp\/v2\/posts"}],"about":[{"href":"https:\/\/www.fuldaernachrichten.de\/index.php?rest_route=\/wp\/v2\/types\/post"}],"author":[{"embeddable":true,"href":"https:\/\/www.fuldaernachrichten.de\/index.php?rest_route=\/wp\/v2\/users\/1"}],"replies":[{"embeddable":true,"href":"https:\/\/www.fuldaernachrichten.de\/index.php?rest_route=%2Fwp%2Fv2%2Fcomments&post=20116"}],"version-history":[{"count":3,"href":"https:\/\/www.fuldaernachrichten.de\/index.php?rest_route=\/wp\/v2\/posts\/20116\/revisions"}],"predecessor-version":[{"id":20236,"href":"https:\/\/www.fuldaernachrichten.de\/index.php?rest_route=\/wp\/v2\/posts\/20116\/revisions\/20236"}],"wp:attachment":[{"href":"https:\/\/www.fuldaernachrichten.de\/index.php?rest_route=%2Fwp%2Fv2%2Fmedia&parent=20116"}],"wp:term":[{"taxonomy":"category","embeddable":true,"href":"https:\/\/www.fuldaernachrichten.de\/index.php?rest_route=%2Fwp%2Fv2%2Fcategories&post=20116"},{"taxonomy":"post_tag","embeddable":true,"href":"https:\/\/www.fuldaernachrichten.de\/index.php?rest_route=%2Fwp%2Fv2%2Ftags&post=20116"}],"curies":[{"name":"wp","href":"https:\/\/api.w.org\/{rel}","templated":true}]}}