{"id":20107,"date":"2009-01-26T00:42:10","date_gmt":"2009-01-25T23:42:10","guid":{"rendered":"http:\/\/www.schoene-nachrichten.de\/?p=20107"},"modified":"2009-01-26T14:19:56","modified_gmt":"2009-01-26T13:19:56","slug":"hernienzentrum-am-herz-jesu-krankenhaus-gegruendet","status":"publish","type":"post","link":"https:\/\/www.fuldaernachrichten.de\/?p=20107","title":{"rendered":"Hernienzentrum am Herz-Jesu-Krankenhaus gegr\u00fcndet"},"content":{"rendered":"<p><a href=\"http:\/\/www.schoene-nachrichten.de\/wp-content\/uploads\/2009\/01\/090126_appel.jpg\"><img decoding=\"async\" class=\"alignnone size-medium wp-image-20108\" title=\"090126_appel\" src=\"http:\/\/www.schoene-nachrichten.de\/wp-content\/uploads\/2009\/01\/090126_appel.jpg\" alt=\"090126_appel\" width=\"560\" srcset=\"https:\/\/www.fuldaernachrichten.de\/wp-content\/uploads\/2009\/01\/090126_appel.jpg 592w, https:\/\/www.fuldaernachrichten.de\/wp-content\/uploads\/2009\/01\/090126_appel-265x175.jpg 265w\" sizes=\"(max-width: 592px) 100vw, 592px\" \/><\/a><\/p>\n<p><strong>Fulda. <\/strong>Anfang Januar wurde am Herz-Jesu-Krankenhaus ein Hernienzentrum gegr\u00fcndet. Das Team des Hernienzentrums ist spezialisiert auf die operative Versorgung von Leisten-, Schenkel-, Nabel- und Narbenbr\u00fcchen.<\/p>\n<p>Dr. Peter Appel, Viszeralchirurg und \u00c4rztlicher Leiter des Zentrums, erkl\u00e4rt: \u201eWir bieten eine Vielzahl von Operationsverfahren, sprich offene Verfahren sowie endoskopische Techniken an. Dabei orientieren wir uns am aktuellen Stand der Wissenschaft und den individuellen Bed\u00fcrfnissen des Patienten.\u201c<!--more--><\/p>\n<p>Im Rahmen einer Spezialsprechstunde, die immer montags ab 12.00 Uhr, dienstags ab 15.00 Uhr und nach Vereinbarung stattfindet, werden die Patienten gr\u00fcndlich untersucht und eingehend beraten. \u201eUntersuchung, Beratung, Operation und Nachsorge erfolgen in unserem\u00c2\u00a0 Hernienzentrum durch ein und denselben Arzt\u201c, erl\u00e4utert Dr. Appel. Die Hernien-Operationen w\u00fcrden freitags bzw. jeden zweiten Samstag durchgef\u00fchrt. Die OP sei grunds\u00e4tzlich ambulant m\u00f6glich. \u201eViele Patienten w\u00fcnschen aber einen kurzen station\u00e4ren Aufenthalt\u201c, erg\u00e4nzt der Chirurg.<\/p>\n<p>F\u00fcr HJK-Gesch\u00e4ftsf\u00fchrer Alexander Schmidtke ist das Hernienzentrum ein Beispiel f\u00fcr Patientenorientierung und positive \u00d6konomisierung im Krankenhausbetrieb. \u201eMit diesem Angebot k\u00f6nnen wir sehr flexibel auf die W\u00fcnsche und Bed\u00fcrfnisse unserer Patienten reagieren und gleichzeitig unsere Ressourcen optimal nutzen.\u201c Zudem k\u00f6nne man der Erwartungshaltung der Patienten, in einem angenehmen Ambiente behandelt und gepflegt zu werden, aber auch dem eigenen Anspruch, eine hohe Kompetenz und Qualit\u00e4t in der Bruchchirurgie zu gew\u00e4hrleistet, gerecht werden.<\/p>\n<p>Unter der Telefonnummer 0661 &#8211; 15 321 k\u00f6nnen sich Patienten und niedergelassene \u00c4rzte aus der Region Fulda sowie den angrenzenden Landkreisen informieren oder einen Termin f\u00fcr die Spezialsprechstunde vereinbaren. Terminvereinbarungen sind auch per E-Mail (sekretariat.chirurgie@herz-jesu-krankenhaus.de) m\u00f6glich.<\/p>\n<p>Foto: Dr. Peter Appel, \u00c4rztlicher Leiter des Hernienzentrums<\/p>\n","protected":false},"excerpt":{"rendered":"<div class=\"tmnf_excerpt\"><p>Fulda. Anfang Januar wurde am Herz-Jesu-Krankenhaus ein Hernienzentrum gegr\u00fcndet. Das Team des Hernienzentrums ist spezialisiert auf die operative Versorgung von Leisten-, Schenkel-, Nabel- und Narbenbr\u00fcchen. Dr. Peter Appel, Viszeralchirurg und \u00c4rztlicher Leiter des Zentrums, erkl\u00e4rt: \u201eWir bieten eine Vielzahl von Operationsverfahren, sprich offene Verfahren sowie endoskopische Techniken an. Dabei orientieren wir uns am aktuellen Stand &hellip;<\/p>\n<\/div>","protected":false},"author":1,"featured_media":0,"comment_status":"closed","ping_status":"closed","sticky":false,"template":"","format":"standard","meta":{"footnotes":""},"categories":[1,51,78],"tags":[],"class_list":["post-20107","post","type-post","status-publish","format-standard","hentry","category-startseite","category-medizin","category-topthema"],"_links":{"self":[{"href":"https:\/\/www.fuldaernachrichten.de\/index.php?rest_route=\/wp\/v2\/posts\/20107","targetHints":{"allow":["GET"]}}],"collection":[{"href":"https:\/\/www.fuldaernachrichten.de\/index.php?rest_route=\/wp\/v2\/posts"}],"about":[{"href":"https:\/\/www.fuldaernachrichten.de\/index.php?rest_route=\/wp\/v2\/types\/post"}],"author":[{"embeddable":true,"href":"https:\/\/www.fuldaernachrichten.de\/index.php?rest_route=\/wp\/v2\/users\/1"}],"replies":[{"embeddable":true,"href":"https:\/\/www.fuldaernachrichten.de\/index.php?rest_route=%2Fwp%2Fv2%2Fcomments&post=20107"}],"version-history":[{"count":7,"href":"https:\/\/www.fuldaernachrichten.de\/index.php?rest_route=\/wp\/v2\/posts\/20107\/revisions"}],"predecessor-version":[{"id":20115,"href":"https:\/\/www.fuldaernachrichten.de\/index.php?rest_route=\/wp\/v2\/posts\/20107\/revisions\/20115"}],"wp:attachment":[{"href":"https:\/\/www.fuldaernachrichten.de\/index.php?rest_route=%2Fwp%2Fv2%2Fmedia&parent=20107"}],"wp:term":[{"taxonomy":"category","embeddable":true,"href":"https:\/\/www.fuldaernachrichten.de\/index.php?rest_route=%2Fwp%2Fv2%2Fcategories&post=20107"},{"taxonomy":"post_tag","embeddable":true,"href":"https:\/\/www.fuldaernachrichten.de\/index.php?rest_route=%2Fwp%2Fv2%2Ftags&post=20107"}],"curies":[{"name":"wp","href":"https:\/\/api.w.org\/{rel}","templated":true}]}}