{"id":2004,"date":"2007-03-06T19:59:44","date_gmt":"2007-03-06T18:59:44","guid":{"rendered":"http:\/\/www.schoene-nachrichten.de\/?p=2004"},"modified":"2007-03-06T20:00:32","modified_gmt":"2007-03-06T19:00:32","slug":"linde-weiland-zu-abschiedsbesuch-bei-bischof-algermissen","status":"publish","type":"post","link":"https:\/\/www.fuldaernachrichten.de\/?p=2004","title":{"rendered":"Linde Weiland zu Abschiedsbesuch bei Algermissen"},"content":{"rendered":"<p><strong>Leute.<\/strong> Die scheidende Vorsitzende der J\u00fcdischen Gemeinde Fulda, Linde Weiland hat heute\u00c2\u00a0Bischof Heinz Josef Algermissen einen Abschiedsbesuch abgestattet. Der Fuldaer Oberhirte und\u00c2\u00a0Linde Weiland trafen sich im Bischofshaus zu einem Gedankenaustausch \u00fcber die Situation der wachsenden j\u00fcdischen Gemeinde in Fulda sowie den Besuch der deutschen Bisch\u00f6fe im Heiligen Land.<\/p>\n<p><a target=\"_blank\" href=\"http:\/\/www.schoene-nachrichten.de\/wp-content\/uploads\/2007\/03\/070306-weiland.jpg\" title=\"Foto: Bisch\u00f6fliche Pressestelle\"><img decoding=\"async\" src=\"http:\/\/www.schoene-nachrichten.de\/wp-content\/uploads\/2007\/03\/070306-weiland.thumbnail.jpg\" alt=\"070306-weiland.jpg\" \/><\/a><br \/>\n\u00c2\u00a0<\/p>\n","protected":false},"excerpt":{"rendered":"<div class=\"tmnf_excerpt\"><p>Leute. Die scheidende Vorsitzende der J\u00fcdischen Gemeinde Fulda, Linde Weiland hat heute\u00c2\u00a0Bischof Heinz Josef Algermissen einen Abschiedsbesuch abgestattet. Der Fuldaer Oberhirte und\u00c2\u00a0Linde Weiland trafen sich im Bischofshaus zu einem Gedankenaustausch \u00fcber die Situation der wachsenden j\u00fcdischen Gemeinde in Fulda sowie den Besuch der deutschen Bisch\u00f6fe im Heiligen Land. \u00c2\u00a0<\/p>\n<\/div>","protected":false},"author":1,"featured_media":0,"comment_status":"closed","ping_status":"closed","sticky":false,"template":"","format":"standard","meta":{"footnotes":""},"categories":[1,50],"tags":[],"class_list":["post-2004","post","type-post","status-publish","format-standard","hentry","category-startseite","category-kirche"],"_links":{"self":[{"href":"https:\/\/www.fuldaernachrichten.de\/index.php?rest_route=\/wp\/v2\/posts\/2004","targetHints":{"allow":["GET"]}}],"collection":[{"href":"https:\/\/www.fuldaernachrichten.de\/index.php?rest_route=\/wp\/v2\/posts"}],"about":[{"href":"https:\/\/www.fuldaernachrichten.de\/index.php?rest_route=\/wp\/v2\/types\/post"}],"author":[{"embeddable":true,"href":"https:\/\/www.fuldaernachrichten.de\/index.php?rest_route=\/wp\/v2\/users\/1"}],"replies":[{"embeddable":true,"href":"https:\/\/www.fuldaernachrichten.de\/index.php?rest_route=%2Fwp%2Fv2%2Fcomments&post=2004"}],"version-history":[{"count":0,"href":"https:\/\/www.fuldaernachrichten.de\/index.php?rest_route=\/wp\/v2\/posts\/2004\/revisions"}],"wp:attachment":[{"href":"https:\/\/www.fuldaernachrichten.de\/index.php?rest_route=%2Fwp%2Fv2%2Fmedia&parent=2004"}],"wp:term":[{"taxonomy":"category","embeddable":true,"href":"https:\/\/www.fuldaernachrichten.de\/index.php?rest_route=%2Fwp%2Fv2%2Fcategories&post=2004"},{"taxonomy":"post_tag","embeddable":true,"href":"https:\/\/www.fuldaernachrichten.de\/index.php?rest_route=%2Fwp%2Fv2%2Ftags&post=2004"}],"curies":[{"name":"wp","href":"https:\/\/api.w.org\/{rel}","templated":true}]}}