{"id":19986,"date":"2009-01-23T04:32:36","date_gmt":"2009-01-23T03:32:36","guid":{"rendered":"http:\/\/www.schoene-nachrichten.de\/?p=19986"},"modified":"2009-01-23T09:33:24","modified_gmt":"2009-01-23T08:33:24","slug":"vertrag-ueber-entsorgung-von-restabfaellen-unterzeichnet","status":"publish","type":"post","link":"https:\/\/www.fuldaernachrichten.de\/?p=19986","title":{"rendered":"Vertrag \u00fcber Entsorgung von Restabf\u00e4llen unterzeichnet"},"content":{"rendered":"<p><img fetchpriority=\"high\" decoding=\"async\" class=\"alignnone size-full wp-image-19993\" title=\"090123_muell_007\" src=\"http:\/\/www.schoene-nachrichten.de\/wp-content\/uploads\/2009\/01\/090123_muell_007.jpg\" alt=\"090123_muell_007\" width=\"560\" height=\"230\" srcset=\"https:\/\/www.fuldaernachrichten.de\/wp-content\/uploads\/2009\/01\/090123_muell_007.jpg 560w, https:\/\/www.fuldaernachrichten.de\/wp-content\/uploads\/2009\/01\/090123_muell_007-265x108.jpg 265w\" sizes=\"(max-width: 560px) 100vw, 560px\" \/><\/p>\n<p><strong>Fulda. <\/strong>Nachdem der Kreistag im Oktober den Auftrag f\u00fcr die Entsorgung der Restabf\u00e4lle aus dem Landkreis Fulda an die Firma Umweltdienste Bohn GmbH mit Sitz in Schwalmtal (Vogelsbergkreis) vergeben hatte, fand jetzt die Vertragsunterzeichnung statt. Daran nah-men von Seiten des Landkreises Fulda Landrat Bernd Woide und Erster Kreisbeigeordneter Dr. Heiko Wingenfeld sowie aus dem Fachdienst Abfallwirtschaft Herbert Post und Claus Blachnik teil. Die Firma Bohn war durch ihren Gesch\u00e4ftsf\u00fchrer Ralf Bohn sowie den f\u00fcr Ver-trieb und Kundenbetreuung zust\u00e4ndigen Mitarbeiter Sebastian Meister vertreten.<\/p>\n<p><strong>Fotos (6): <\/strong>Max Colin Heydenreich<\/p>\n<p><a href=\"http:\/\/www.schoene-nachrichten.de\/wp-content\/uploads\/2009\/01\/090123_muell_005.jpg\"><img decoding=\"async\" class=\"alignnone size-medium wp-image-19991\" title=\"090123_muell_005\" src=\"http:\/\/www.schoene-nachrichten.de\/wp-content\/uploads\/2009\/01\/090123_muell_005-265x175.jpg\" alt=\"090123_muell_005\" width=\"265\" height=\"175\" srcset=\"https:\/\/www.fuldaernachrichten.de\/wp-content\/uploads\/2009\/01\/090123_muell_005-265x175.jpg 265w, https:\/\/www.fuldaernachrichten.de\/wp-content\/uploads\/2009\/01\/090123_muell_005.jpg 592w\" sizes=\"(max-width: 265px) 100vw, 265px\" \/><\/a> <a href=\"http:\/\/www.schoene-nachrichten.de\/wp-content\/uploads\/2009\/01\/090123_muell_004.jpg\"><img decoding=\"async\" class=\"alignnone size-medium wp-image-19990\" title=\"090123_muell_004\" src=\"http:\/\/www.schoene-nachrichten.de\/wp-content\/uploads\/2009\/01\/090123_muell_004-265x175.jpg\" alt=\"090123_muell_004\" width=\"265\" height=\"175\" srcset=\"https:\/\/www.fuldaernachrichten.de\/wp-content\/uploads\/2009\/01\/090123_muell_004-265x175.jpg 265w, https:\/\/www.fuldaernachrichten.de\/wp-content\/uploads\/2009\/01\/090123_muell_004.jpg 592w\" sizes=\"(max-width: 265px) 100vw, 265px\" \/><\/a><\/p>\n<p><!--more--><\/p>\n<p>Die Vertragslaufzeit gilt f\u00fcr den Zeitraum vom 1. Juni 2009 bis zum 31. Mai 2017 und kann um zwei Jahre verl\u00e4ngert werden. Dabei wird eine durchschnittliche Menge zu entsorgender Siedlungsabf\u00e4lle aus dem Landkreis von 31.000 Jahrestonnen zu Grunde gelegt. Der Ab-rechnungspreis betr\u00e4gt 85,80 Euro und liegt deutlich unter dem bei der letzten Auftragsver-gabe vor drei Jahren. Die Aufbereitung der Abf\u00e4lle zu Ersatzbrennstoff erfolgt in Mei\u00dfner-Weidenhausen (Werra-Mei\u00dfner-Kreis), die anschlie\u00dfende thermische Verwertung im Heiz-kraftwerk auf den Gel\u00e4nde der Papierfabrik in Witzenhausen.<\/p>\n<p><a href=\"http:\/\/www.schoene-nachrichten.de\/wp-content\/uploads\/2009\/01\/090123_muell_003.jpg\"><img loading=\"lazy\" decoding=\"async\" class=\"alignnone size-medium wp-image-19989\" title=\"090123_muell_003\" src=\"http:\/\/www.schoene-nachrichten.de\/wp-content\/uploads\/2009\/01\/090123_muell_003-265x175.jpg\" alt=\"090123_muell_003\" width=\"265\" height=\"175\" srcset=\"https:\/\/www.fuldaernachrichten.de\/wp-content\/uploads\/2009\/01\/090123_muell_003-265x175.jpg 265w, https:\/\/www.fuldaernachrichten.de\/wp-content\/uploads\/2009\/01\/090123_muell_003.jpg 592w\" sizes=\"(max-width: 265px) 100vw, 265px\" \/><\/a> <a href=\"http:\/\/www.schoene-nachrichten.de\/wp-content\/uploads\/2009\/01\/090123_muell_002.jpg\"><img loading=\"lazy\" decoding=\"async\" class=\"alignnone size-medium wp-image-19988\" title=\"090123_muell_002\" src=\"http:\/\/www.schoene-nachrichten.de\/wp-content\/uploads\/2009\/01\/090123_muell_002-265x175.jpg\" alt=\"090123_muell_002\" width=\"265\" height=\"175\" srcset=\"https:\/\/www.fuldaernachrichten.de\/wp-content\/uploads\/2009\/01\/090123_muell_002-265x175.jpg 265w, https:\/\/www.fuldaernachrichten.de\/wp-content\/uploads\/2009\/01\/090123_muell_002.jpg 592w\" sizes=\"(max-width: 265px) 100vw, 265px\" \/><\/a><\/p>\n<p><strong>M\u00fclltourismus findet nicht statt<\/strong><\/p>\n<p>Mit Blick auf den durch europaweite Ausschreibung erzielten Entsorgungspreis sprach Land-rat Woide von einer \u201eerfreulichen Vertragsunterzeichnung\u201c. Die Auftragsvergabe an ein mit-telst\u00e4ndisches Unternehmen aus dem n\u00e4heren Umkreis wertete er ebenfalls als positiv. Sehr zufrieden zeigte sich Erster Kreisbeigeordneter Dr. Wingenfeld, dass ein langes und kompli-ziertes Vergabeverfahren erfolgreich abgeschlossen worden sei. \u201eDie Abfallentsorgung im Landkreis Fulda verl\u00e4uft damit auch in Zukunft in geordneten Bahnen &#8211; und das zu g\u00fcnstigen Bedingungen.\u201c M\u00fclltourismus finde nicht statt. Die Wertsch\u00f6pfung bleibe in der Region.<\/p>\n<p><a href=\"http:\/\/www.schoene-nachrichten.de\/wp-content\/uploads\/2009\/01\/090123_muell_006.jpg\"><img loading=\"lazy\" decoding=\"async\" class=\"alignnone size-medium wp-image-19992\" title=\"090123_muell_006\" src=\"http:\/\/www.schoene-nachrichten.de\/wp-content\/uploads\/2009\/01\/090123_muell_006-265x175.jpg\" alt=\"090123_muell_006\" width=\"265\" height=\"175\" srcset=\"https:\/\/www.fuldaernachrichten.de\/wp-content\/uploads\/2009\/01\/090123_muell_006-265x175.jpg 265w, https:\/\/www.fuldaernachrichten.de\/wp-content\/uploads\/2009\/01\/090123_muell_006.jpg 592w\" sizes=\"(max-width: 265px) 100vw, 265px\" \/><\/a> <a href=\"http:\/\/www.schoene-nachrichten.de\/wp-content\/uploads\/2009\/01\/090123_muell_001.jpg\"><img loading=\"lazy\" decoding=\"async\" class=\"alignnone size-medium wp-image-19987\" title=\"090123_muell_001\" src=\"http:\/\/www.schoene-nachrichten.de\/wp-content\/uploads\/2009\/01\/090123_muell_001-265x175.jpg\" alt=\"090123_muell_001\" width=\"265\" height=\"175\" srcset=\"https:\/\/www.fuldaernachrichten.de\/wp-content\/uploads\/2009\/01\/090123_muell_001-265x175.jpg 265w, https:\/\/www.fuldaernachrichten.de\/wp-content\/uploads\/2009\/01\/090123_muell_001.jpg 592w\" sizes=\"(max-width: 265px) 100vw, 265px\" \/><\/a><\/p>\n<p>Firmeninhaber Bohn bedankte sich f\u00fcr das von den Auftraggebern, wozu wegen dem ge-meinsamen Vergabeverfahren mit dem Landkreis Kassel auch der dortige Eigenbetrieb Ab-fallentsorgung z\u00e4hle, entgegen gebrachte Vertrauen. \u201eWegen der r\u00e4umliche N\u00e4he zu Fulda handelt es sich f\u00fcr unser Unternehmen mehr oder weniger um ein Heimspiel.\u201c Der Vorteil der gefundenen regionalen L\u00f6sung bestehe darin, dass die Abf\u00e4lle nicht \u00fcber Hunderte Kilome-ter transportiert werden m\u00fcssten. Die Anlage zur Herstellung von Ersatzbrennstoffen in Wei-denhausen sei fertiggestellt, das Heizkraftwerk werde bereits im Volllastbetrieb erprobt .<\/p>\n","protected":false},"excerpt":{"rendered":"<div class=\"tmnf_excerpt\"><p>Fulda. Nachdem der Kreistag im Oktober den Auftrag f\u00fcr die Entsorgung der Restabf\u00e4lle aus dem Landkreis Fulda an die Firma Umweltdienste Bohn GmbH mit Sitz in Schwalmtal (Vogelsbergkreis) vergeben hatte, fand jetzt die Vertragsunterzeichnung statt. Daran nah-men von Seiten des Landkreises Fulda Landrat Bernd Woide und Erster Kreisbeigeordneter Dr. Heiko Wingenfeld sowie aus dem Fachdienst &hellip;<\/p>\n<\/div>","protected":false},"author":1,"featured_media":0,"comment_status":"closed","ping_status":"closed","sticky":false,"template":"","format":"standard","meta":{"footnotes":""},"categories":[1,29,78,52],"tags":[],"class_list":["post-19986","post","type-post","status-publish","format-standard","hentry","category-startseite","category-politik","category-topthema","category-umwelt"],"_links":{"self":[{"href":"https:\/\/www.fuldaernachrichten.de\/index.php?rest_route=\/wp\/v2\/posts\/19986","targetHints":{"allow":["GET"]}}],"collection":[{"href":"https:\/\/www.fuldaernachrichten.de\/index.php?rest_route=\/wp\/v2\/posts"}],"about":[{"href":"https:\/\/www.fuldaernachrichten.de\/index.php?rest_route=\/wp\/v2\/types\/post"}],"author":[{"embeddable":true,"href":"https:\/\/www.fuldaernachrichten.de\/index.php?rest_route=\/wp\/v2\/users\/1"}],"replies":[{"embeddable":true,"href":"https:\/\/www.fuldaernachrichten.de\/index.php?rest_route=%2Fwp%2Fv2%2Fcomments&post=19986"}],"version-history":[{"count":4,"href":"https:\/\/www.fuldaernachrichten.de\/index.php?rest_route=\/wp\/v2\/posts\/19986\/revisions"}],"predecessor-version":[{"id":19997,"href":"https:\/\/www.fuldaernachrichten.de\/index.php?rest_route=\/wp\/v2\/posts\/19986\/revisions\/19997"}],"wp:attachment":[{"href":"https:\/\/www.fuldaernachrichten.de\/index.php?rest_route=%2Fwp%2Fv2%2Fmedia&parent=19986"}],"wp:term":[{"taxonomy":"category","embeddable":true,"href":"https:\/\/www.fuldaernachrichten.de\/index.php?rest_route=%2Fwp%2Fv2%2Fcategories&post=19986"},{"taxonomy":"post_tag","embeddable":true,"href":"https:\/\/www.fuldaernachrichten.de\/index.php?rest_route=%2Fwp%2Fv2%2Ftags&post=19986"}],"curies":[{"name":"wp","href":"https:\/\/api.w.org\/{rel}","templated":true}]}}