{"id":19966,"date":"2009-01-23T07:15:09","date_gmt":"2009-01-23T06:15:09","guid":{"rendered":"http:\/\/www.schoene-nachrichten.de\/?p=19966"},"modified":"2009-01-23T08:02:01","modified_gmt":"2009-01-23T07:02:01","slug":"ausgelassene-stimmung-bei-jugenddisco-im-luederhaus","status":"publish","type":"post","link":"https:\/\/www.fuldaernachrichten.de\/?p=19966","title":{"rendered":"Ausgelassene Stimmung bei Jugenddisco im L\u00fcderhaus"},"content":{"rendered":"<p><strong>Gro\u00dfenl\u00fcder.<\/strong> Die Erwartungen der Veranstalter wurden bei weitem \u00fcbertroffen: \u00fcber 250 Jugendliche waren zur Gro\u00dfenl\u00fcderer Jugenddisco ins L\u00fcderhaus gekommen. Alle 12- bis 17-j\u00e4hrigen waren eingeladen bei Discomusik und alkoholfreien Cocktails, die vom Juniorteam des Jugendamtes gemixt wurden, jede Menge Spa\u00df zu haben. Die Discjockeys Abdul und Lil Dom aus Fulda sorgten mit Hip Hop und House-Musik f\u00fcr den passenden Sound bevor dann um 21.30 Uhr der Petersberger TEMAIN auf die B\u00fchne trat und mit seinen Songs gegen Drogen und Schulabbruch die Stimmung anheizte.<\/p>\n<p><a href=\"http:\/\/www.schoene-nachrichten.de\/wp-content\/uploads\/2009\/01\/090122-disco-1.jpg\"><img fetchpriority=\"high\" decoding=\"async\" class=\"alignnone size-thumbnail wp-image-19967\" title=\"Gemeinde Gro\u00dfenl\u00fcder\" src=\"http:\/\/www.schoene-nachrichten.de\/wp-content\/uploads\/2009\/01\/090122-disco-1-265x198.jpg\" alt=\"Gemeinde Gro\u00dfenl\u00fcder\" width=\"265\" height=\"198\" srcset=\"https:\/\/www.fuldaernachrichten.de\/wp-content\/uploads\/2009\/01\/090122-disco-1-265x198.jpg 265w, https:\/\/www.fuldaernachrichten.de\/wp-content\/uploads\/2009\/01\/090122-disco-1.jpg 600w\" sizes=\"(max-width: 265px) 100vw, 265px\" \/><\/a> <a href=\"http:\/\/www.schoene-nachrichten.de\/wp-content\/uploads\/2009\/01\/090122-disco-2.jpg\"><img decoding=\"async\" class=\"alignnone size-thumbnail wp-image-19968\" title=\"Gemeinde Gro\u00dfenl\u00fcder\" src=\"http:\/\/www.schoene-nachrichten.de\/wp-content\/uploads\/2009\/01\/090122-disco-2-265x198.jpg\" alt=\"Gemeinde Gro\u00dfenl\u00fcder\" width=\"265\" height=\"198\" srcset=\"https:\/\/www.fuldaernachrichten.de\/wp-content\/uploads\/2009\/01\/090122-disco-2-265x198.jpg 265w, https:\/\/www.fuldaernachrichten.de\/wp-content\/uploads\/2009\/01\/090122-disco-2.jpg 600w\" sizes=\"(max-width: 265px) 100vw, 265px\" \/><\/a><!--more--><br \/>\n<strong>Gemeinde sehr zufrieden<\/strong><\/p>\n<p>Die Gemeinde Gro\u00dfenl\u00fcder, als Veranstalter der Jugenddisco, zeigte sich sehr zufrieden. Vor allem die 12- 15-j\u00e4hrigen f\u00fchlten sich von diesem Konzept angesprochen und waren von der Jugenddisco begeistert:\u201eDas kann es ruhig \u00f6fters geben!\u201c<\/p>\n<p>Der Dank gilt den vielen ehrenamtlichen Helfern, die durch ihre Unterst\u00fctzung und Hilfe zum Gelingen der Veranstaltung beigetragen haben. M\u00f6glich geworden war das Ganze durch die Zusammenarbeit des Jugendamtes des Landkreises Fulda, des Jugendbetreuers des Regionalforum Fulda S\u00fcdwest, der L\u00fcdertalschule und der Gemeinde Gro\u00dfenl\u00fcder.<br \/>\nEin besonderer Dank gilt dem Jugendamt, die die Kosten f\u00fcr die DJs und Cocktails \u00fcbernommen haben. Der Erl\u00f6s daraus wird dem Jugendbetreuer Andreas Theilig f\u00fcr seine Jugendarbeit in Gro\u00dfenl\u00fcder zu Verf\u00fcgung gestellt.<br \/>\nDie diversen Ausgaben f\u00fcr den Rapper, GEMA usw. spendete B\u00fcrgermeisterin Silvia Hillenbrand aus den Geldgeschenken anl\u00e4\u00dflich ihres 60. Geburtstages.<\/p>\n<p><a href=\"http:\/\/www.schoene-nachrichten.de\/wp-content\/uploads\/2009\/01\/090122-disco-3.jpg\"><img decoding=\"async\" class=\"alignnone size-thumbnail wp-image-19969\" title=\"Gemeinde Gro\u00dfenl\u00fcder\" src=\"http:\/\/www.schoene-nachrichten.de\/wp-content\/uploads\/2009\/01\/090122-disco-3-265x198.jpg\" alt=\"Gemeinde Gro\u00dfenl\u00fcder\" width=\"265\" height=\"198\" srcset=\"https:\/\/www.fuldaernachrichten.de\/wp-content\/uploads\/2009\/01\/090122-disco-3-265x198.jpg 265w, https:\/\/www.fuldaernachrichten.de\/wp-content\/uploads\/2009\/01\/090122-disco-3.jpg 600w\" sizes=\"(max-width: 265px) 100vw, 265px\" \/><\/a> <a href=\"http:\/\/www.schoene-nachrichten.de\/wp-content\/uploads\/2009\/01\/090122-disco-4.jpg\"><img loading=\"lazy\" decoding=\"async\" class=\"alignnone size-thumbnail wp-image-19970\" title=\"Gemeinde Gro\u00dfenl\u00fcder\" src=\"http:\/\/www.schoene-nachrichten.de\/wp-content\/uploads\/2009\/01\/090122-disco-4-265x142.jpg\" alt=\"Gemeinde Gro\u00dfenl\u00fcder\" width=\"265\" height=\"142\" srcset=\"https:\/\/www.fuldaernachrichten.de\/wp-content\/uploads\/2009\/01\/090122-disco-4-265x142.jpg 265w, https:\/\/www.fuldaernachrichten.de\/wp-content\/uploads\/2009\/01\/090122-disco-4-1024x551.jpg 1024w, https:\/\/www.fuldaernachrichten.de\/wp-content\/uploads\/2009\/01\/090122-disco-4.jpg 1114w\" sizes=\"(max-width: 265px) 100vw, 265px\" \/><\/a><\/p>\n","protected":false},"excerpt":{"rendered":"<div class=\"tmnf_excerpt\"><p>Gro\u00dfenl\u00fcder. Die Erwartungen der Veranstalter wurden bei weitem \u00fcbertroffen: \u00fcber 250 Jugendliche waren zur Gro\u00dfenl\u00fcderer Jugenddisco ins L\u00fcderhaus gekommen. Alle 12- bis 17-j\u00e4hrigen waren eingeladen bei Discomusik und alkoholfreien Cocktails, die vom Juniorteam des Jugendamtes gemixt wurden, jede Menge Spa\u00df zu haben. Die Discjockeys Abdul und Lil Dom aus Fulda sorgten mit Hip Hop und &hellip;<\/p>\n<\/div>","protected":false},"author":1,"featured_media":0,"comment_status":"closed","ping_status":"closed","sticky":false,"template":"","format":"standard","meta":{"footnotes":""},"categories":[1,72,44],"tags":[],"class_list":["post-19966","post","type-post","status-publish","format-standard","hentry","category-startseite","category-jugend","category-kultur"],"_links":{"self":[{"href":"https:\/\/www.fuldaernachrichten.de\/index.php?rest_route=\/wp\/v2\/posts\/19966","targetHints":{"allow":["GET"]}}],"collection":[{"href":"https:\/\/www.fuldaernachrichten.de\/index.php?rest_route=\/wp\/v2\/posts"}],"about":[{"href":"https:\/\/www.fuldaernachrichten.de\/index.php?rest_route=\/wp\/v2\/types\/post"}],"author":[{"embeddable":true,"href":"https:\/\/www.fuldaernachrichten.de\/index.php?rest_route=\/wp\/v2\/users\/1"}],"replies":[{"embeddable":true,"href":"https:\/\/www.fuldaernachrichten.de\/index.php?rest_route=%2Fwp%2Fv2%2Fcomments&post=19966"}],"version-history":[{"count":3,"href":"https:\/\/www.fuldaernachrichten.de\/index.php?rest_route=\/wp\/v2\/posts\/19966\/revisions"}],"predecessor-version":[{"id":19978,"href":"https:\/\/www.fuldaernachrichten.de\/index.php?rest_route=\/wp\/v2\/posts\/19966\/revisions\/19978"}],"wp:attachment":[{"href":"https:\/\/www.fuldaernachrichten.de\/index.php?rest_route=%2Fwp%2Fv2%2Fmedia&parent=19966"}],"wp:term":[{"taxonomy":"category","embeddable":true,"href":"https:\/\/www.fuldaernachrichten.de\/index.php?rest_route=%2Fwp%2Fv2%2Fcategories&post=19966"},{"taxonomy":"post_tag","embeddable":true,"href":"https:\/\/www.fuldaernachrichten.de\/index.php?rest_route=%2Fwp%2Fv2%2Ftags&post=19966"}],"curies":[{"name":"wp","href":"https:\/\/api.w.org\/{rel}","templated":true}]}}