{"id":19796,"date":"2009-01-21T07:10:42","date_gmt":"2009-01-21T06:10:42","guid":{"rendered":"http:\/\/www.schoene-nachrichten.de\/?p=19796"},"modified":"2009-01-21T07:39:13","modified_gmt":"2009-01-21T06:39:13","slug":"gastronomieprojekt-in-der-thueringer-rhoen-geht-2009-weiter","status":"publish","type":"post","link":"https:\/\/www.fuldaernachrichten.de\/?p=19796","title":{"rendered":"Gastronomieprojekt in der Th\u00fcringer Rh\u00f6n geht 2009 weiter"},"content":{"rendered":"<p><strong>Bad Salzungen\/Meiningen<\/strong>. Das Gastronomieprojekt der Regionalen Arbeitsgemeinschaft (ARGE) Rh\u00f6n wird auch in diesem Jahr fortgesetzt. Ein n\u00e4chstes Treffen zwischen Gastronomen, Produzenten und Direktvermarktern findet bereits am Donnerstag dieser Woche, 22. Januar, in Bad Salzungen statt. Am 5. Februar ist ein solches Treffen in Meiningen geplant.<!--more--><\/p>\n<p><strong>Gastronome enger mit einheimischen Produzenten verbinden<\/strong><\/p>\n<p>Nach den beiden Informationsveranstaltungen in Dermbach und Birx, die bei allen beteiligten Gastronomen und Produzenten einen gro\u00dfen Anklang fanden, sollen nun auch solche Treffen f\u00fcr den Bad Salzunger und Meininger Raum stattfinden. \u201eZiel ist es, auch hier die Gastronomen enger mit den einheimischen Produzenten in Verbindung zu bringen und eventuell bestehende Vorurteile abzubauen. Das geht am besten, wenn man pers\u00f6nlich miteinander spricht und die regionalen Waren auch verkostet\u201c, erkl\u00e4rt der Gesch\u00e4ftsf\u00fchrer der ARGE Rh\u00f6n, Ewald Kl\u00fcber.<\/p>\n<p>Die Veranstaltung in Bad Salzungen beginnt am Donnerstag, 22. Januar, um 18 Uhr im Burgseerestaurant, Burgseestra\u00dfe 10. Hier werden die Mitarbeiter der ARGE-Projektgruppe den anwesenden Gastronomen, Produzenten und Direktvermarktern zun\u00e4chst Informationen zum Ablauf des Gastronomieprojektes in der Th\u00fcringer Rh\u00f6n geben. Anschlie\u00dfend k\u00f6nnen sich alle anhand eines reichhaltigen regionalen Buffett von der Qualit\u00e4t der einheimischen Produkte \u00fcberzeugen. Alle interessierten Gastronomen, Hotel- und Pensionsinhaber sowie Produzenten und Selbstvermarkter der Region sind dazu eingeladen.<\/p>\n<p>Die Veranstaltung in Meiningen am 5. Februar findet um 18 Uhr im Restaurant Schloss-Stuben, Schlossplatz 1, statt.<\/p>\n","protected":false},"excerpt":{"rendered":"<div class=\"tmnf_excerpt\"><p>Bad Salzungen\/Meiningen. Das Gastronomieprojekt der Regionalen Arbeitsgemeinschaft (ARGE) Rh\u00f6n wird auch in diesem Jahr fortgesetzt. Ein n\u00e4chstes Treffen zwischen Gastronomen, Produzenten und Direktvermarktern findet bereits am Donnerstag dieser Woche, 22. Januar, in Bad Salzungen statt. Am 5. Februar ist ein solches Treffen in Meiningen geplant.<\/p>\n<\/div>","protected":false},"author":1,"featured_media":0,"comment_status":"closed","ping_status":"closed","sticky":false,"template":"","format":"standard","meta":{"footnotes":""},"categories":[1,37],"tags":[],"class_list":["post-19796","post","type-post","status-publish","format-standard","hentry","category-startseite","category-essen-und-trinken"],"_links":{"self":[{"href":"https:\/\/www.fuldaernachrichten.de\/index.php?rest_route=\/wp\/v2\/posts\/19796","targetHints":{"allow":["GET"]}}],"collection":[{"href":"https:\/\/www.fuldaernachrichten.de\/index.php?rest_route=\/wp\/v2\/posts"}],"about":[{"href":"https:\/\/www.fuldaernachrichten.de\/index.php?rest_route=\/wp\/v2\/types\/post"}],"author":[{"embeddable":true,"href":"https:\/\/www.fuldaernachrichten.de\/index.php?rest_route=\/wp\/v2\/users\/1"}],"replies":[{"embeddable":true,"href":"https:\/\/www.fuldaernachrichten.de\/index.php?rest_route=%2Fwp%2Fv2%2Fcomments&post=19796"}],"version-history":[{"count":3,"href":"https:\/\/www.fuldaernachrichten.de\/index.php?rest_route=\/wp\/v2\/posts\/19796\/revisions"}],"predecessor-version":[{"id":19839,"href":"https:\/\/www.fuldaernachrichten.de\/index.php?rest_route=\/wp\/v2\/posts\/19796\/revisions\/19839"}],"wp:attachment":[{"href":"https:\/\/www.fuldaernachrichten.de\/index.php?rest_route=%2Fwp%2Fv2%2Fmedia&parent=19796"}],"wp:term":[{"taxonomy":"category","embeddable":true,"href":"https:\/\/www.fuldaernachrichten.de\/index.php?rest_route=%2Fwp%2Fv2%2Fcategories&post=19796"},{"taxonomy":"post_tag","embeddable":true,"href":"https:\/\/www.fuldaernachrichten.de\/index.php?rest_route=%2Fwp%2Fv2%2Ftags&post=19796"}],"curies":[{"name":"wp","href":"https:\/\/api.w.org\/{rel}","templated":true}]}}