{"id":19770,"date":"2009-01-21T07:12:10","date_gmt":"2009-01-21T06:12:10","guid":{"rendered":"http:\/\/www.schoene-nachrichten.de\/?p=19770"},"modified":"2009-01-21T07:39:59","modified_gmt":"2009-01-21T06:39:59","slug":"spiel-und-spass-in-verschneiter-alpenlandschaft","status":"publish","type":"post","link":"https:\/\/www.fuldaernachrichten.de\/?p=19770","title":{"rendered":"Spiel und Spa\u00df in verschneiter Alpenlandschaft"},"content":{"rendered":"<p><a href=\"http:\/\/www.schoene-nachrichten.de\/wp-content\/uploads\/2009\/01\/090120-winterfreizeit.jpg\"><img fetchpriority=\"high\" decoding=\"async\" class=\"alignnone size-thumbnail wp-image-19771\" title=\"Stefan Waldmann\" src=\"http:\/\/www.schoene-nachrichten.de\/wp-content\/uploads\/2009\/01\/090120-winterfreizeit-265x198.jpg\" alt=\"Stefan Waldmann\" hspace=\"5\" width=\"265\" height=\"198\" align=\"left\" srcset=\"https:\/\/www.fuldaernachrichten.de\/wp-content\/uploads\/2009\/01\/090120-winterfreizeit-265x198.jpg 265w, https:\/\/www.fuldaernachrichten.de\/wp-content\/uploads\/2009\/01\/090120-winterfreizeit.jpg 600w\" sizes=\"(max-width: 265px) 100vw, 265px\" \/><\/a><strong>Garmisch-Partenkirchen\/Fulda. <\/strong>Ein abwechslungsreiches Programm wurde den Teilnehmerinnen und Teilnehmern einer Winterfreizeit geboten, die das Jugendamt des Landkreises Fulda zum dritten Mal f\u00fcr Kinder im Alter von zehn bis 13 Jahren veranstaltete. Mit ihren Betreuern hatte sich die Gruppe f\u00fcr eine Woche in der Jugendherberge Garmisch-Partenkirchen einquartiert, um dort eine ganze F\u00fclle von Aktivit\u00e4ten in der verschneiten Alpenlandschaft zu starten.<!--more--><\/p>\n<p><strong>Abwechslungsreiches Programm<\/strong><\/p>\n<p>Auf dem Programm standen unter anderem ein zweit\u00e4giger Skikurs in verschiedenen Leistungsstufen, Schneeschuhwandern, Rodeln, eine Nacht- und eine Fackelwanderung, GPS-Touren im Gel\u00e4nde und in Garmisch-Partenkirchen, eine Stadtrallye, Tischtennis, Ausfl\u00fcge zur Partnachklamm und zur olympischen Sprungschanze sowie Fahrten mit der Bergbahn. Auch gab es, vorrangig abends, Bastel- und Malaktionen sowie Gesellschafts-, Brett-, Karten- und Bewegungsspiele.<\/p>\n<p>Trotz eines vollen Tagesablaufs blieb f\u00fcr die f\u00fcnf M\u00e4dchen und f\u00fcnf Jungen noch gen\u00fcgend Freizeit. \u201eWir hatten den Anspruch, den Kindern sowohl bei gutem als auch schlechtem Wetter etwas zu bieten\u201c, unterstreicht Patrik Mengel vom Betreuerteam. Die attraktive Region bot sich f\u00fcr Outdoor-Aktivit\u00e4ten geradezu an. Einen nachhaltigen Eindruck hinterlie\u00dfen insbesondere die eindrucksvollen Landschaftsbilder mit der tiefverschneiten Bergwelt oder aber die gefrorenen Wasserf\u00e4lle.<\/p>\n<p><strong>Teamerlebnis stand im Vordergrund<\/strong><\/p>\n<p>Wichtig war dem Betreuerteam dar\u00fcber hinaus das Gruppenerlebnis. Die Kinder sollten sich als Gruppe finden und gemeinsam mit Gleichaltrigen etwas unternehmen. Als Fazit kann festgehalten werden, dass es den Teilnehmern sehr gut gefallen hat, alle gesund und wohlbehalten zur\u00fcckgekommen sind und nach M\u00f6glichkeit auch bei der n\u00e4chsten Winterfreizeit des Kreisjugendamts dabei sein wollen, die vermutlich wieder im kommenden Jahr an gleicher Stelle stattfinden wird.<\/p>\n","protected":false},"excerpt":{"rendered":"<div class=\"tmnf_excerpt\"><p>Garmisch-Partenkirchen\/Fulda. Ein abwechslungsreiches Programm wurde den Teilnehmerinnen und Teilnehmern einer Winterfreizeit geboten, die das Jugendamt des Landkreises Fulda zum dritten Mal f\u00fcr Kinder im Alter von zehn bis 13 Jahren veranstaltete. Mit ihren Betreuern hatte sich die Gruppe f\u00fcr eine Woche in der Jugendherberge Garmisch-Partenkirchen einquartiert, um dort eine ganze F\u00fclle von Aktivit\u00e4ten in der &hellip;<\/p>\n<\/div>","protected":false},"author":1,"featured_media":0,"comment_status":"closed","ping_status":"closed","sticky":false,"template":"","format":"standard","meta":{"footnotes":""},"categories":[1,72,44],"tags":[],"class_list":["post-19770","post","type-post","status-publish","format-standard","hentry","category-startseite","category-jugend","category-kultur"],"_links":{"self":[{"href":"https:\/\/www.fuldaernachrichten.de\/index.php?rest_route=\/wp\/v2\/posts\/19770","targetHints":{"allow":["GET"]}}],"collection":[{"href":"https:\/\/www.fuldaernachrichten.de\/index.php?rest_route=\/wp\/v2\/posts"}],"about":[{"href":"https:\/\/www.fuldaernachrichten.de\/index.php?rest_route=\/wp\/v2\/types\/post"}],"author":[{"embeddable":true,"href":"https:\/\/www.fuldaernachrichten.de\/index.php?rest_route=\/wp\/v2\/users\/1"}],"replies":[{"embeddable":true,"href":"https:\/\/www.fuldaernachrichten.de\/index.php?rest_route=%2Fwp%2Fv2%2Fcomments&post=19770"}],"version-history":[{"count":3,"href":"https:\/\/www.fuldaernachrichten.de\/index.php?rest_route=\/wp\/v2\/posts\/19770\/revisions"}],"predecessor-version":[{"id":19840,"href":"https:\/\/www.fuldaernachrichten.de\/index.php?rest_route=\/wp\/v2\/posts\/19770\/revisions\/19840"}],"wp:attachment":[{"href":"https:\/\/www.fuldaernachrichten.de\/index.php?rest_route=%2Fwp%2Fv2%2Fmedia&parent=19770"}],"wp:term":[{"taxonomy":"category","embeddable":true,"href":"https:\/\/www.fuldaernachrichten.de\/index.php?rest_route=%2Fwp%2Fv2%2Fcategories&post=19770"},{"taxonomy":"post_tag","embeddable":true,"href":"https:\/\/www.fuldaernachrichten.de\/index.php?rest_route=%2Fwp%2Fv2%2Ftags&post=19770"}],"curies":[{"name":"wp","href":"https:\/\/api.w.org\/{rel}","templated":true}]}}