{"id":1970,"date":"2007-03-05T04:00:57","date_gmt":"2007-03-05T03:00:57","guid":{"rendered":"http:\/\/www.schoene-nachrichten.de\/?p=1970"},"modified":"2007-03-05T04:15:48","modified_gmt":"2007-03-05T03:15:48","slug":"grosszuegig-wendig-wirtschaftlich-neuer-rettungswagen-im-einsatz","status":"publish","type":"post","link":"https:\/\/www.fuldaernachrichten.de\/?p=1970","title":{"rendered":"Gro\u00dfz\u00fcgig, wendig &#038; wirtschaftlich &#8211; Neuer Rettungswagen im Einsatz"},"content":{"rendered":"<p><a href=\"http:\/\/www.schoene-nachrichten.de\/wp-content\/uploads\/2007\/03\/070303-rettungswagen3.jpg\" title=\"070303-rettungswagen3.jpg\"><\/a><strong>Sch\u00f6nes aus Neuhof.<\/strong> Der DRK-Kreisverband Fulda hat eine neue Generation von Rettungsfahrzeugen in Dienst gestellt. Bei den neuen Fahrzeugen handelt sich es um einen Mercedes-Sprinter mit Kofferaufbau der Firma Fahrtec, der den bisher in Au\u00dfenwachen eingesetzten US-Koffer auf Ford-Fahrgestellen abl\u00f6st. In der Rettungswache Neuhof wurde am vergangenen Freitag ein Fahrzeug von DRK-Rettungsdienstleiter Donald L\u00f6w in Anwesenheit des Ersten Kreisbeigeordneten Dr. Heiko Wingenfeld \u00fcbergeben. Der Landkreis Fulda ist f\u00fcr die Organisation des Rettungsdienstes im Kreis- und Stadtgebiet zust\u00e4ndig.<\/p>\n<p><a target=\"_blank\" href=\"http:\/\/www.schoene-nachrichten.de\/wp-content\/uploads\/2007\/03\/070303-rettungswagen3.jpg\" title=\"Foto: Landkreis Fulda\"><img decoding=\"async\" src=\"http:\/\/www.schoene-nachrichten.de\/wp-content\/uploads\/2007\/03\/070303-rettungswagen3.thumbnail.jpg\" alt=\"070303-rettungswagen3.jpg\" \/><\/a>\u00c2\u00a0<a target=\"_blank\" href=\"http:\/\/www.schoene-nachrichten.de\/wp-content\/uploads\/2007\/03\/070303-rettungswagen2.jpg\" title=\"Foto: Landkreis Fulda\"><img decoding=\"async\" src=\"http:\/\/www.schoene-nachrichten.de\/wp-content\/uploads\/2007\/03\/070303-rettungswagen2.thumbnail.jpg\" alt=\"070303-rettungswagen2.jpg\" \/><\/a>\u00c2\u00a0<a target=\"_blank\" href=\"http:\/\/www.schoene-nachrichten.de\/wp-content\/uploads\/2007\/03\/00303-rettungswagen1.jpg\" title=\"Foto: Landkreis Fulda\"><img decoding=\"async\" src=\"http:\/\/www.schoene-nachrichten.de\/wp-content\/uploads\/2007\/03\/00303-rettungswagen1.thumbnail.jpg\" alt=\"00303-rettungswagen1.jpg\" \/><\/a><\/p>\n<p><!--more-->Bei den neuen Fahrzeugen steht vor allem die passive Sicherheit f\u00fcr Patienten und Fahrzeugbesatzungen im Vordergrund, erkl\u00e4rte der DRK-Rettungsdienstleiter. Auch wurde besonderen Wert auf eine einheitliche Best\u00fcckung und Anordnung gelegt, so dass die Einsatzkr\u00e4fte in jedem Fahrzeug an gleicher Stelle die zum Teil lebenswichtigen Ausstattungen und Medikamente vorfinden. Weitere Vorteile sieht L\u00f6w im engen Wendekreis und dem gro\u00dfz\u00fcgigen Platzangebot im Kofferaufbau. Au\u00dferdem k\u00f6nnen die Fahrzeuge k\u00fcnftig nachts gewartet werden, so dass sie am n\u00e4chsten Morgen wieder einsatzbereit zur Verf\u00fcgung stehen.<\/p>\n<p>Dar\u00fcber hinaus sind die Fahrzeuge mit einem Reanimationssystem, das bei Herzstillstand zum Einsatz kommt, ausgestattet.\u00c2\u00a0 Dr. Stefan Kort\u00fcm, \u00e4rztlicher Leiter des Rettungsdienstwesen im Landkreis Fulda, wies darauf hin, dass es sich bei diesem Ger\u00e4t um ein Novum im Bundesgebiet handele, da solche Ger\u00e4te bislang nur in Stationen mit Not\u00e4rzten zum Einsatz k\u00e4men.<\/p>\n<p>Wingenfeld zeigte sich erfreut, dass durch die\u00c2\u00a0 Leistungsdaten der neuen Fahrzeuggeneration die Voraussetzungen zur Einhaltung der gesetzlichen Hilfsfrist weiter optimieren w\u00fcrden. Und auch dem Wirtschaftlichkeitsgedanken werde Rechnung getragen: \u201eDer technische Fortschritt dient dem Menschen und spart Kosten\u201c, so der Gesundheitsdezernent des Landkreises. Wingenfeld dankte insbesondere der Standortbesatzung, die sich mit viel Engagement und pers\u00f6nlichem Einsatz f\u00fcr die Indienststellung und Ausstattung eingesetzt habe.<\/p>\n","protected":false},"excerpt":{"rendered":"<div class=\"tmnf_excerpt\"><p>Sch\u00f6nes aus Neuhof. Der DRK-Kreisverband Fulda hat eine neue Generation von Rettungsfahrzeugen in Dienst gestellt. Bei den neuen Fahrzeugen handelt sich es um einen Mercedes-Sprinter mit Kofferaufbau der Firma Fahrtec, der den bisher in Au\u00dfenwachen eingesetzten US-Koffer auf Ford-Fahrgestellen abl\u00f6st. In der Rettungswache Neuhof wurde am vergangenen Freitag ein Fahrzeug von DRK-Rettungsdienstleiter Donald L\u00f6w in &hellip;<\/p>\n<\/div>","protected":false},"author":1,"featured_media":0,"comment_status":"closed","ping_status":"closed","sticky":false,"template":"","format":"standard","meta":{"footnotes":""},"categories":[1,51],"tags":[],"class_list":["post-1970","post","type-post","status-publish","format-standard","hentry","category-startseite","category-medizin"],"_links":{"self":[{"href":"https:\/\/www.fuldaernachrichten.de\/index.php?rest_route=\/wp\/v2\/posts\/1970","targetHints":{"allow":["GET"]}}],"collection":[{"href":"https:\/\/www.fuldaernachrichten.de\/index.php?rest_route=\/wp\/v2\/posts"}],"about":[{"href":"https:\/\/www.fuldaernachrichten.de\/index.php?rest_route=\/wp\/v2\/types\/post"}],"author":[{"embeddable":true,"href":"https:\/\/www.fuldaernachrichten.de\/index.php?rest_route=\/wp\/v2\/users\/1"}],"replies":[{"embeddable":true,"href":"https:\/\/www.fuldaernachrichten.de\/index.php?rest_route=%2Fwp%2Fv2%2Fcomments&post=1970"}],"version-history":[{"count":0,"href":"https:\/\/www.fuldaernachrichten.de\/index.php?rest_route=\/wp\/v2\/posts\/1970\/revisions"}],"wp:attachment":[{"href":"https:\/\/www.fuldaernachrichten.de\/index.php?rest_route=%2Fwp%2Fv2%2Fmedia&parent=1970"}],"wp:term":[{"taxonomy":"category","embeddable":true,"href":"https:\/\/www.fuldaernachrichten.de\/index.php?rest_route=%2Fwp%2Fv2%2Fcategories&post=1970"},{"taxonomy":"post_tag","embeddable":true,"href":"https:\/\/www.fuldaernachrichten.de\/index.php?rest_route=%2Fwp%2Fv2%2Ftags&post=1970"}],"curies":[{"name":"wp","href":"https:\/\/api.w.org\/{rel}","templated":true}]}}