{"id":19658,"date":"2009-01-20T07:10:03","date_gmt":"2009-01-20T06:10:03","guid":{"rendered":"http:\/\/www.schoene-nachrichten.de\/?p=19658"},"modified":"2009-01-20T17:56:47","modified_gmt":"2009-01-20T16:56:47","slug":"werkschau-des-kunstschul-projektes-kunst-und-musik","status":"publish","type":"post","link":"https:\/\/www.fuldaernachrichten.de\/?p=19658","title":{"rendered":"WERKSCHAU DES KUNSTSCHUL-PROJEKTES &#8220;Kunst und Musik&#8221;"},"content":{"rendered":"<p><a href=\"http:\/\/www.schoene-nachrichten.de\/wp-content\/uploads\/2009\/01\/090119-elisabeth-pethes.jpg\"><img decoding=\"async\" class=\"alignnone size-thumbnail wp-image-19659\" title=\"Elisabeth Pethes (12 Jahre)\" src=\"http:\/\/www.schoene-nachrichten.de\/wp-content\/uploads\/2009\/01\/090119-elisabeth-pethes-265x188.jpg\" alt=\"Elisabeth Pethes (12 Jahre)\" hspace=\"5\" width=\"265\" height=\"188\" align=\"left\" srcset=\"https:\/\/www.fuldaernachrichten.de\/wp-content\/uploads\/2009\/01\/090119-elisabeth-pethes-265x188.jpg 265w, https:\/\/www.fuldaernachrichten.de\/wp-content\/uploads\/2009\/01\/090119-elisabeth-pethes.jpg 600w\" sizes=\"(max-width: 265px) 100vw, 265px\" \/><\/a><strong>Fulda. <\/strong>Was verbindet Bildende Kunst und Musik? Was unterscheidet die beiden Kunstformen? Welchen Einfluss haben Musikrichtungen auf die Bildende Kunst? Wie l\u00e4sst sich Rhythmus gestalterisch ausdr\u00fccken? Welche Musik hat welche K\u00fcnstler wie beeinflusst? Das Kunstschulprojekt \u201eKunst und Musik\u201c der Kinderakademie Fulda versuchte die Verbindung von Auge und Ohr deutlich zu machen.<!--more--><\/p>\n<p><strong>Musikalische Begleitung<\/strong><\/p>\n<p>In der Werkschau werden Arbeiten aus den 8 Kunstschulkursen gezeigt, die im Verlauf des Kunstschulprojektes \u201eKunst und Musik\u201c entstanden sind. Nina Reinhardt, Pierre Medler und Bernhard Mollenhauer, Sch\u00fcler der Querfl\u00f6ten-Klasse von Christine Mackenrodt der Musikschule der Stadt Fulda, begleiten die Er\u00f6ffnung musikalisch. Die Ausstellung ist vom 22. Januar bis 6. Februar 2009 im Stadtschloss, Galerie vor den Spiegels\u00e4len, zu sehen.<strong> \u00d6ffnungszeiten:<\/strong> t\u00e4glich 10.00 &#8211; 18.00 Uhr, freitags 14.00 \u2013 18.00 Uhr<\/p>\n","protected":false},"excerpt":{"rendered":"<div class=\"tmnf_excerpt\"><p>Fulda. Was verbindet Bildende Kunst und Musik? Was unterscheidet die beiden Kunstformen? Welchen Einfluss haben Musikrichtungen auf die Bildende Kunst? Wie l\u00e4sst sich Rhythmus gestalterisch ausdr\u00fccken? Welche Musik hat welche K\u00fcnstler wie beeinflusst? Das Kunstschulprojekt \u201eKunst und Musik\u201c der Kinderakademie Fulda versuchte die Verbindung von Auge und Ohr deutlich zu machen.<\/p>\n<\/div>","protected":false},"author":1,"featured_media":0,"comment_status":"closed","ping_status":"closed","sticky":false,"template":"","format":"standard","meta":{"footnotes":""},"categories":[1,72,44],"tags":[],"class_list":["post-19658","post","type-post","status-publish","format-standard","hentry","category-startseite","category-jugend","category-kultur"],"_links":{"self":[{"href":"https:\/\/www.fuldaernachrichten.de\/index.php?rest_route=\/wp\/v2\/posts\/19658","targetHints":{"allow":["GET"]}}],"collection":[{"href":"https:\/\/www.fuldaernachrichten.de\/index.php?rest_route=\/wp\/v2\/posts"}],"about":[{"href":"https:\/\/www.fuldaernachrichten.de\/index.php?rest_route=\/wp\/v2\/types\/post"}],"author":[{"embeddable":true,"href":"https:\/\/www.fuldaernachrichten.de\/index.php?rest_route=\/wp\/v2\/users\/1"}],"replies":[{"embeddable":true,"href":"https:\/\/www.fuldaernachrichten.de\/index.php?rest_route=%2Fwp%2Fv2%2Fcomments&post=19658"}],"version-history":[{"count":5,"href":"https:\/\/www.fuldaernachrichten.de\/index.php?rest_route=\/wp\/v2\/posts\/19658\/revisions"}],"predecessor-version":[{"id":19681,"href":"https:\/\/www.fuldaernachrichten.de\/index.php?rest_route=\/wp\/v2\/posts\/19658\/revisions\/19681"}],"wp:attachment":[{"href":"https:\/\/www.fuldaernachrichten.de\/index.php?rest_route=%2Fwp%2Fv2%2Fmedia&parent=19658"}],"wp:term":[{"taxonomy":"category","embeddable":true,"href":"https:\/\/www.fuldaernachrichten.de\/index.php?rest_route=%2Fwp%2Fv2%2Fcategories&post=19658"},{"taxonomy":"post_tag","embeddable":true,"href":"https:\/\/www.fuldaernachrichten.de\/index.php?rest_route=%2Fwp%2Fv2%2Ftags&post=19658"}],"curies":[{"name":"wp","href":"https:\/\/api.w.org\/{rel}","templated":true}]}}